{"id":326,"date":"2026-06-08T07:59:13","date_gmt":"2026-06-08T07:59:13","guid":{"rendered":"https:\/\/gundem44.com.tr\/?p=326"},"modified":"2026-06-08T07:59:14","modified_gmt":"2026-06-08T07:59:14","slug":"doganyolda-dusen-vatandas-hava-ambulanisiyla-sevk-edildi","status":"publish","type":"post","link":"https:\/\/gundem44.com.tr\/?p=326","title":{"rendered":"Do\u011fanyol&#8217;da D\u00fc\u015fen Vatanda\u015f Hava Ambulan\u0131s\u0131yla Sevk Edildi"},"content":{"rendered":"\n<p class=\"wp-block-paragraph\">Malatya&#8217;n\u0131n Do\u011fanyol il\u00e7esinde evinde d\u00fc\u015ferek yaralanan M.A., hava ambulans\u0131yla hastaneye kald\u0131r\u0131ld\u0131.<\/p>\n\n\n\n<p class=\"wp-block-paragraph\"><a href=\"https:\/\/www.sondakika.com\/malatya\/\">Malatya<\/a>&#8216;n\u0131n&nbsp;<a href=\"https:\/\/www.sondakika.com\/doganyol\/\">Do\u011fanyol<\/a>&nbsp;il\u00e7esinde evinde d\u00fc\u015ferek yaralanan ve a\u015f\u0131r\u0131 kan kayb\u0131 ya\u015fayan bir vatanda\u015f hava ambulans\u0131yla Malatya&#8217;ya sevk edildi.<\/p>\n\n\n\n<p class=\"wp-block-paragraph\">Edinilen bilgilere g\u00f6re, Do\u011fanyol il\u00e7esi Akkent Mahallesi sakinlerinden M.A ikamet etti\u011fi evde d\u00fc\u015fmesi sonucu a\u011f\u0131r yaraland\u0131. Olay\u0131n ard\u0131ndan yak\u0131nlar\u0131, Akkent Mahallesi Muhtar\u0131 Bekir Conger&#8217;i arayarak yard\u0131m talebinde bulundu. \u0130hbar \u00fczerine b\u00f6lgeye sevk edilen 112 Acil&nbsp;<a href=\"https:\/\/www.sondakika.com\/saglik\/\">Sa\u011fl\u0131k<\/a>&nbsp;ekipleri, yaral\u0131 vatanda\u015fa ilk m\u00fcdahaleyi yapt\u0131ktan sonra ambulansla Do\u011fanyol Devlet Hastanesi&#8217;ne kald\u0131rd\u0131. Burada yap\u0131lan m\u00fcdahalelerde a\u015f\u0131r\u0131 kan kayb\u0131 ya\u015fad\u0131\u011f\u0131 ve durumunun ciddiyetini korudu\u011fu belirlenen M.A. i\u00e7in Sa\u011fl\u0131k Bakanl\u0131\u011f\u0131&#8217;na ba\u011fl\u0131 hava ambulans\u0131 talep edildi.<\/p>\n\n\n\n<p class=\"wp-block-paragraph\">Do\u011fanyol&#8217;dan helikopter ambulansla al\u0131nan M.A. Malatya Turgut \u00d6zal T\u0131p Merkezi&#8217;ne sevk edildi. Acil serviste m\u00fcdahalesi s\u00fcrd\u00fcr\u00fclen hastan\u0131n ameliyata al\u0131naca\u011f\u0131 \u00f6\u011frenildi. &#8211; MALATYA<\/p>\n","protected":false},"excerpt":{"rendered":"<p>Malatya&#8217;n\u0131n Do\u011fanyol il\u00e7esinde evinde d\u00fc\u015ferek yaralanan M.A., hava ambulans\u0131yla hastaneye kald\u0131r\u0131ld\u0131. Malatya&#8216;n\u0131n&nbsp;Do\u011fanyol&nbsp;il\u00e7esinde evinde d\u00fc\u015ferek yaralanan&#8230;<\/p>\n","protected":false},"author":1,"featured_media":327,"comment_status":"open","ping_status":"open","sticky":false,"template":"","format":"standard","meta":{"footnotes":""},"categories":[28],"tags":[],"class_list":["post-326","post","type-post","status-publish","format-standard","has-post-thumbnail","hentry","category-doganyol"],"_links":{"self":[{"href":"https:\/\/gundem44.com.tr\/index.php?rest_route=\/wp\/v2\/posts\/326","targetHints":{"allow":["GET"]}}],"collection":[{"href":"https:\/\/gundem44.com.tr\/index.php?rest_route=\/wp\/v2\/posts"}],"about":[{"href":"https:\/\/gundem44.com.tr\/index.php?rest_route=\/wp\/v2\/types\/post"}],"author":[{"embeddable":true,"href":"https:\/\/gundem44.com.tr\/index.php?rest_route=\/wp\/v2\/users\/1"}],"replies":[{"embeddable":true,"href":"https:\/\/gundem44.com.tr\/index.php?rest_route=%2Fwp%2Fv2%2Fcomments&post=326"}],"version-history":[{"count":1,"href":"https:\/\/gundem44.com.tr\/index.php?rest_route=\/wp\/v2\/posts\/326\/revisions"}],"predecessor-version":[{"id":328,"href":"https:\/\/gundem44.com.tr\/index.php?rest_route=\/wp\/v2\/posts\/326\/revisions\/328"}],"wp:featuredmedia":[{"embeddable":true,"href":"https:\/\/gundem44.com.tr\/index.php?rest_route=\/wp\/v2\/media\/327"}],"wp:attachment":[{"href":"https:\/\/gundem44.com.tr\/index.php?rest_route=%2Fwp%2Fv2%2Fmedia&parent=326"}],"wp:term":[{"taxonomy":"category","embeddable":true,"href":"https:\/\/gundem44.com.tr\/index.php?rest_route=%2Fwp%2Fv2%2Fcategories&post=326"},{"taxonomy":"post_tag","embeddable":true,"href":"https:\/\/gundem44.com.tr\/index.php?rest_route=%2Fwp%2Fv2%2Ftags&post=326"}],"curies":[{"name":"wp","href":"https:\/\/api.w.org\/{rel}","templated":true}]}}