{"id":320,"date":"2026-06-08T07:56:56","date_gmt":"2026-06-08T07:56:56","guid":{"rendered":"https:\/\/gundem44.com.tr\/?p=320"},"modified":"2026-06-08T07:56:57","modified_gmt":"2026-06-08T07:56:57","slug":"malatyada-ilk-yari-maraton-heyecani","status":"publish","type":"post","link":"https:\/\/gundem44.com.tr\/?p=320","title":{"rendered":"Malatya&#8217;da \u0130lk Yar\u0131 Maraton Heyecan\u0131"},"content":{"rendered":"\n<p class=\"wp-block-paragraph\">Uluslararas\u0131 Arslantepe Yar\u0131 Maratonu, 2 bin sporcunun kat\u0131l\u0131m\u0131yla Malatya&#8217;da ger\u00e7ekle\u015ftirildi.<\/p>\n\n\n\n<p class=\"wp-block-paragraph\"><a href=\"https:\/\/www.sondakika.com\/malatya\/\">Malatya<\/a>&#8216;da &#8216;Uluslararas\u0131 Arslantepe Yar\u0131 Maratonu&#8217; bu y\u0131l ilk kez d\u00fczenlendi.<\/p>\n\n\n\n<p class=\"wp-block-paragraph\">3 ayr\u0131 kategoride d\u00fczenlenen maratona 2 bin sporcu ve vatanda\u015f kat\u0131ld\u0131. Malatya&#8217;da bu y\u0131l ilk kez 2 bin sporcu ve vatanda\u015f\u0131n kat\u0131l\u0131m\u0131yla d\u00fczenlenen &#8216;Uluslararas\u0131 Arslantepe Yar\u0131 Maratonu&#8217;, 100&#8217;\u00fcnc\u00fc Y\u0131l Park\u0131 \u00f6n\u00fcnde kurulan yar\u0131\u015f alan\u0131nda 10 kilometre ko\u015fusuyla start verdi.<\/p>\n\n\n\n<p class=\"wp-block-paragraph\">&#8216;Tarihin ba\u015flad\u0131\u011f\u0131 yerde, yeniden ayn\u0131 heyecanda bulu\u015fuyoruz&#8217; slogan\u0131yla d\u00fczenlenen organizasyonda; Etiyopya, Rusya, Meksika, G\u00fcrcistan, Romanya ve Ukrayna&#8217;dan 26 elit sporcu yer ald\u0131. Kent merkezinde devam eden ko\u015fuyu bir\u00e7ok vatanda\u015f, protokol \u00fcyesi ve sporsever izledi.<\/p>\n\n\n\n<p class=\"wp-block-paragraph\">7 bin y\u0131ll\u0131k bir ge\u00e7mi\u015fe sahip \u015fehirde ilk kez yar\u0131 maraton d\u00fczenlemenin kendilerine nasip oldu\u011funu belirten T\u00fcrkiye Atletizm Federasyonu Ba\u015fkan\u0131 Ahmet Karada\u011f, &#8220;Halk ko\u015fusu, 10 kilometre ko\u015fusu ve 21 kilometre yar\u0131 maraton \u00e7ok g\u00fczel bir kat\u0131l\u0131mla ger\u00e7ekle\u015fti. Atletizm Federasyonu olarak Malatya&#8217;ya yak\u0131\u015f\u0131r bir \u015feyler yapt\u0131\u011f\u0131m\u0131z\u0131 d\u00fc\u015f\u00fcn\u00fcyorum. Gelip g\u00f6rd\u00fck ki Malatya kalk\u0131nm\u0131\u015f, depremin yaralar\u0131n\u0131 sarm\u0131\u015f. Tabii ki kay\u0131plar\u0131n ac\u0131s\u0131 hi\u00e7bir zaman unutulmayacakt\u0131r. Ancak o ac\u0131y\u0131 bir \u015fekliyle azaltmak i\u00e7in yap\u0131lmas\u0131 gereken her \u015fey yap\u0131lm\u0131\u015f. 1338 kay\u0131t var ve binin \u00fczerinde kay\u0131t d\u00fcnyan\u0131n her yerinde \u00e7ok \u00f6nemlidir. 1300&#8217;\u00fcn \u00fczerinde kay\u0131t olmas\u0131 bizim i\u00e7in ayr\u0131 bir gurur&#8221; dedi.<\/p>\n\n\n\n<p class=\"wp-block-paragraph\">SAM\u0130R ER: \u00c7OK C\u0130DD\u0130 B\u0130R KATILIMIN OLDU\u011eUNU HEP\u0130M\u0130Z G\u00d6RD\u00dcK<\/p>\n\n\n\n<p class=\"wp-block-paragraph\">Tarihle sporun, k\u00fclt\u00fcr ile karde\u015fli\u011fin birle\u015fti\u011fi bir spor organizasyonu ger\u00e7ekle\u015ftirdiklerini belirten Malatya B\u00fcy\u00fck\u015fehir Belediye Ba\u015fkan\u0131 Samir Er ise, &#8220;Arslantepe Yar\u0131 Maratonu Allah&#8217;a hamdolsun kazas\u0131z belas\u0131z bir \u015fekilde ger\u00e7ekle\u015fti ve tamamland\u0131. \u00c7ok ciddi bir kat\u0131l\u0131m\u0131n oldu\u011funu hepimiz g\u00f6rd\u00fck. Bu ilkti ama bunun devam\u0131 gelecek. Her y\u0131l bunu periyodik olarak devam ettirece\u011fiz. Sadece yar\u0131 maraton olarak de\u011fil, bir\u00e7ok etkinlik de yapaca\u011f\u0131z&#8221; a\u00e7\u0131klamas\u0131n\u0131 yapt\u0131.<\/p>\n\n\n\n<p class=\"wp-block-paragraph\">FATMA KARASU: PARKURDA \u00c7OK ZORLANDIK<\/p>\n\n\n\n<p class=\"wp-block-paragraph\">21 kilometre yar\u0131 maratonu kad\u0131nlarda ikinci olarak tamamlayan Fatma Karasu ise parkurda \u00e7ok zorland\u0131klar\u0131n\u0131 belirterek, &#8220;Ko\u015fu gayet g\u00fczeldi. Ama hayat\u0131mda hi\u00e7 bu kadar zor bir parkur g\u00f6rmedim. Baya\u011f\u0131 ini\u015fli \u00e7\u0131k\u0131\u015fl\u0131 bir parkurdu. Yine de s\u0131k\u0131nt\u0131s\u0131z atlatt\u0131k ve yar\u0131\u015fmada ikincilik ald\u0131k&#8221; ifadelerini kulland\u0131.<\/p>\n\n\n\n<p class=\"wp-block-paragraph\">H\u00dcSEY\u0130N CAN: \u0130LK\u0130 OLMASINA RA\u011eMEN G\u00dcZEL B\u0130R ETK\u0130NL\u0130K OLDU<\/p>\n\n\n\n<p class=\"wp-block-paragraph\">21 kilometre yar\u0131 maraton ko\u015fusunu erkeklerde birinci olarak tamamlayan H\u00fcseyin Can, zor \u015fartlarda haz\u0131rlanarak buralara geldiklerini belirterek, &#8220;Burada bu heyecan\u0131 ve gururu ya\u015famak bizim i\u00e7in ayr\u0131 bir gurur ve onur. Malatya halk\u0131na te\u015fekk\u00fcrlerimi sunuyorum. \u00c7ok fazla destek verdiler. Benim i\u00e7in g\u00fczel bir yar\u0131\u015ft\u0131. \u0130lki olmas\u0131na ra\u011fmen g\u00fczel bir etkinlik oldu. Tepeler bizi biraz yordu ama al\u0131\u015f\u0131k oldu\u011fumuz i\u00e7in normal kar\u015f\u0131lad\u0131k ve parkuru birinci olarak bitirdik&#8221; diye konu\u015ftu.<\/p>\n\n\n\n<p class=\"wp-block-paragraph\">\u00d6te yandan, 4,2 kilometre halk ko\u015fusu, 10 kilometre ko\u015fu etab\u0131 ve 21 kilometre yar\u0131 maraton \u015feklinde d\u00fczenlenen yar\u0131\u015fmada dereceye girenlere \u00f6d\u00fclleri verildi.<\/p>\n","protected":false},"excerpt":{"rendered":"<p>Uluslararas\u0131 Arslantepe Yar\u0131 Maratonu, 2 bin sporcunun kat\u0131l\u0131m\u0131yla Malatya&#8217;da ger\u00e7ekle\u015ftirildi. Malatya&#8216;da &#8216;Uluslararas\u0131 Arslantepe Yar\u0131 Maratonu&#8217;&#8230;<\/p>\n","protected":false},"author":1,"featured_media":321,"comment_status":"open","ping_status":"open","sticky":false,"template":"","format":"standard","meta":{"footnotes":""},"categories":[1],"tags":[],"class_list":["post-320","post","type-post","status-publish","format-standard","has-post-thumbnail","hentry","category-malatya-gundemi"],"_links":{"self":[{"href":"https:\/\/gundem44.com.tr\/index.php?rest_route=\/wp\/v2\/posts\/320","targetHints":{"allow":["GET"]}}],"collection":[{"href":"https:\/\/gundem44.com.tr\/index.php?rest_route=\/wp\/v2\/posts"}],"about":[{"href":"https:\/\/gundem44.com.tr\/index.php?rest_route=\/wp\/v2\/types\/post"}],"author":[{"embeddable":true,"href":"https:\/\/gundem44.com.tr\/index.php?rest_route=\/wp\/v2\/users\/1"}],"replies":[{"embeddable":true,"href":"https:\/\/gundem44.com.tr\/index.php?rest_route=%2Fwp%2Fv2%2Fcomments&post=320"}],"version-history":[{"count":1,"href":"https:\/\/gundem44.com.tr\/index.php?rest_route=\/wp\/v2\/posts\/320\/revisions"}],"predecessor-version":[{"id":322,"href":"https:\/\/gundem44.com.tr\/index.php?rest_route=\/wp\/v2\/posts\/320\/revisions\/322"}],"wp:featuredmedia":[{"embeddable":true,"href":"https:\/\/gundem44.com.tr\/index.php?rest_route=\/wp\/v2\/media\/321"}],"wp:attachment":[{"href":"https:\/\/gundem44.com.tr\/index.php?rest_route=%2Fwp%2Fv2%2Fmedia&parent=320"}],"wp:term":[{"taxonomy":"category","embeddable":true,"href":"https:\/\/gundem44.com.tr\/index.php?rest_route=%2Fwp%2Fv2%2Fcategories&post=320"},{"taxonomy":"post_tag","embeddable":true,"href":"https:\/\/gundem44.com.tr\/index.php?rest_route=%2Fwp%2Fv2%2Ftags&post=320"}],"curies":[{"name":"wp","href":"https:\/\/api.w.org\/{rel}","templated":true}]}}