{"id":317,"date":"2026-06-08T07:55:44","date_gmt":"2026-06-08T07:55:44","guid":{"rendered":"https:\/\/gundem44.com.tr\/?p=317"},"modified":"2026-06-08T07:55:44","modified_gmt":"2026-06-08T07:55:44","slug":"malatyada-takla-atan-aracta-iki-yarali","status":"publish","type":"post","link":"https:\/\/gundem44.com.tr\/?p=317","title":{"rendered":"Malatya&#8217;da Takla Atan Ara\u00e7ta \u0130ki Yaral\u0131"},"content":{"rendered":"\n<p class=\"wp-block-paragraph\">Malatya&#8217;da s\u00fcr\u00fcc\u00fcs\u00fcn\u00fcn kontrol\u00fcnden \u00e7\u0131kan hafif ticari ara\u00e7 takla att\u0131, 2 ki\u015fi yaraland\u0131.<\/p>\n\n\n\n<p class=\"wp-block-paragraph\"><a href=\"https:\/\/www.sondakika.com\/malatya\/\">Malatya<\/a>&#8216;da s\u00fcr\u00fcc\u00fcs\u00fcn\u00fcn kontrol\u00fcnden \u00e7\u0131kan hafif ticari ara\u00e7 takla atarak devrildi. Kazada 2 ki\u015fi yaraland\u0131.<\/p>\n\n\n\n<p class=\"wp-block-paragraph\">Kaza, saat 17.30 s\u0131ralar\u0131nda Malatya-Elaz\u0131\u011f kara yolu Kap\u0131kaya mevkiinde meydana geldi. \u0130ddiaya g\u00f6re 22 AV 939 plakal\u0131 hafif ticari ara\u00e7, s\u00fcr\u00fcc\u00fcs\u00fcn\u00fcn kontrol\u00fcnden \u00e7\u0131karak takla at\u0131p devrildi. Kazada ara\u00e7ta bulunan 2 ki\u015fi yaraland\u0131. \u0130hbar \u00fczerine olay yerine jandarma, sa\u011fl\u0131k, UMKE ile itfaiye ekipleri sevk edildi. \u0130lk m\u00fcdahaleleri olay yerinde yap\u0131lan yaral\u0131lar hastaneye kald\u0131r\u0131ld\u0131.<\/p>\n\n\n\n<p class=\"wp-block-paragraph\">Kazayla ilgili inceleme ba\u015flat\u0131ld\u0131. &#8211; MALATYA<\/p>\n","protected":false},"excerpt":{"rendered":"<p>Malatya&#8217;da s\u00fcr\u00fcc\u00fcs\u00fcn\u00fcn kontrol\u00fcnden \u00e7\u0131kan hafif ticari ara\u00e7 takla att\u0131, 2 ki\u015fi yaraland\u0131. Malatya&#8216;da s\u00fcr\u00fcc\u00fcs\u00fcn\u00fcn kontrol\u00fcnden&#8230;<\/p>\n","protected":false},"author":1,"featured_media":318,"comment_status":"open","ping_status":"open","sticky":false,"template":"","format":"standard","meta":{"footnotes":""},"categories":[18],"tags":[],"class_list":["post-317","post","type-post","status-publish","format-standard","has-post-thumbnail","hentry","category-guncel"],"_links":{"self":[{"href":"https:\/\/gundem44.com.tr\/index.php?rest_route=\/wp\/v2\/posts\/317","targetHints":{"allow":["GET"]}}],"collection":[{"href":"https:\/\/gundem44.com.tr\/index.php?rest_route=\/wp\/v2\/posts"}],"about":[{"href":"https:\/\/gundem44.com.tr\/index.php?rest_route=\/wp\/v2\/types\/post"}],"author":[{"embeddable":true,"href":"https:\/\/gundem44.com.tr\/index.php?rest_route=\/wp\/v2\/users\/1"}],"replies":[{"embeddable":true,"href":"https:\/\/gundem44.com.tr\/index.php?rest_route=%2Fwp%2Fv2%2Fcomments&post=317"}],"version-history":[{"count":1,"href":"https:\/\/gundem44.com.tr\/index.php?rest_route=\/wp\/v2\/posts\/317\/revisions"}],"predecessor-version":[{"id":319,"href":"https:\/\/gundem44.com.tr\/index.php?rest_route=\/wp\/v2\/posts\/317\/revisions\/319"}],"wp:featuredmedia":[{"embeddable":true,"href":"https:\/\/gundem44.com.tr\/index.php?rest_route=\/wp\/v2\/media\/318"}],"wp:attachment":[{"href":"https:\/\/gundem44.com.tr\/index.php?rest_route=%2Fwp%2Fv2%2Fmedia&parent=317"}],"wp:term":[{"taxonomy":"category","embeddable":true,"href":"https:\/\/gundem44.com.tr\/index.php?rest_route=%2Fwp%2Fv2%2Fcategories&post=317"},{"taxonomy":"post_tag","embeddable":true,"href":"https:\/\/gundem44.com.tr\/index.php?rest_route=%2Fwp%2Fv2%2Ftags&post=317"}],"curies":[{"name":"wp","href":"https:\/\/api.w.org\/{rel}","templated":true}]}}