{"id":314,"date":"2026-06-08T07:54:36","date_gmt":"2026-06-08T07:54:36","guid":{"rendered":"https:\/\/gundem44.com.tr\/?p=314"},"modified":"2026-06-08T07:54:37","modified_gmt":"2026-06-08T07:54:37","slug":"malatyada-kavga-3-kisi-yaralandi","status":"publish","type":"post","link":"https:\/\/gundem44.com.tr\/?p=314","title":{"rendered":"Malatya&#8217;da Kavga: 3 Ki\u015fi Yaraland\u0131"},"content":{"rendered":"\n<h2 class=\"wp-block-heading\">Malatya&#8217;da tart\u0131\u015fma sonras\u0131 \u00e7\u0131kan kavgada 3 ki\u015fi yaraland\u0131, polis inceleme ba\u015flatt\u0131.<\/h2>\n\n\n\n<p class=\"wp-block-paragraph\"><a href=\"https:\/\/www.sondakika.com\/malatya\/\">Malatya<\/a>&#8216;da, daha \u00f6nce tart\u0131\u015ft\u0131\u011f\u0131 ki\u015filerin evine iki o\u011fluyla birlikte giden \u015fah\u0131s b\u0131\u00e7akla yaralan\u0131rken, evde bulunan 2 ki\u015fi ise darp sonucu yaraland\u0131.<\/p>\n\n\n\n<p class=\"wp-block-paragraph\">Olay, saat 22.45 s\u0131ralar\u0131nda Ye\u015filyurt il\u00e7esi \u00c7avu\u015fo\u011flu Mahallesi&#8217;nde meydana geldi. \u0130ddiaya g\u00f6re, Site Sokak&#8217;ta ya\u015fayan E.\u00c7. ve H.\u00c7. ile g\u00fcnd\u00fcz saatlerinde tart\u0131\u015fan Y.\u00d6., daha sonra o\u011fullar\u0131 C.\u00d6. ve C.\u00d6. ile birlikte \u015fah\u0131slar\u0131n ikametine gitti. Taraflar aras\u0131nda \u00e7\u0131kan kavgada Y.\u00d6. ald\u0131\u011f\u0131 b\u0131\u00e7ak darbesiyle yaralan\u0131rken, E.\u00c7. ile H.\u00c7. ise darp sonucu \u00e7e\u015fitli yerlerinden yaraland\u0131. \u0130hbar \u00fczerine olay yerine polis ve sa\u011fl\u0131k ekipleri sevk edilirken, yaral\u0131lar sa\u011fl\u0131k ekiplerinin olay yerindeki ilk m\u00fcdahalesinin ard\u0131ndan kentteki \u00e7e\u015fitli hastanelere kald\u0131r\u0131larak tedavi alt\u0131na al\u0131nd\u0131.<\/p>\n\n\n\n<p class=\"wp-block-paragraph\">Olayla ilgili inceleme ba\u015flat\u0131ld\u0131. &#8211; MALATYA<\/p>\n\n\n\n<p class=\"wp-block-paragraph\"><\/p>\n","protected":false},"excerpt":{"rendered":"<p>Malatya&#8217;da tart\u0131\u015fma sonras\u0131 \u00e7\u0131kan kavgada 3 ki\u015fi yaraland\u0131, polis inceleme ba\u015flatt\u0131. Malatya&#8216;da, daha \u00f6nce tart\u0131\u015ft\u0131\u011f\u0131&#8230;<\/p>\n","protected":false},"author":1,"featured_media":315,"comment_status":"open","ping_status":"open","sticky":false,"template":"","format":"standard","meta":{"footnotes":""},"categories":[20],"tags":[],"class_list":["post-314","post","type-post","status-publish","format-standard","has-post-thumbnail","hentry","category-yesilyurt"],"_links":{"self":[{"href":"https:\/\/gundem44.com.tr\/index.php?rest_route=\/wp\/v2\/posts\/314","targetHints":{"allow":["GET"]}}],"collection":[{"href":"https:\/\/gundem44.com.tr\/index.php?rest_route=\/wp\/v2\/posts"}],"about":[{"href":"https:\/\/gundem44.com.tr\/index.php?rest_route=\/wp\/v2\/types\/post"}],"author":[{"embeddable":true,"href":"https:\/\/gundem44.com.tr\/index.php?rest_route=\/wp\/v2\/users\/1"}],"replies":[{"embeddable":true,"href":"https:\/\/gundem44.com.tr\/index.php?rest_route=%2Fwp%2Fv2%2Fcomments&post=314"}],"version-history":[{"count":1,"href":"https:\/\/gundem44.com.tr\/index.php?rest_route=\/wp\/v2\/posts\/314\/revisions"}],"predecessor-version":[{"id":316,"href":"https:\/\/gundem44.com.tr\/index.php?rest_route=\/wp\/v2\/posts\/314\/revisions\/316"}],"wp:featuredmedia":[{"embeddable":true,"href":"https:\/\/gundem44.com.tr\/index.php?rest_route=\/wp\/v2\/media\/315"}],"wp:attachment":[{"href":"https:\/\/gundem44.com.tr\/index.php?rest_route=%2Fwp%2Fv2%2Fmedia&parent=314"}],"wp:term":[{"taxonomy":"category","embeddable":true,"href":"https:\/\/gundem44.com.tr\/index.php?rest_route=%2Fwp%2Fv2%2Fcategories&post=314"},{"taxonomy":"post_tag","embeddable":true,"href":"https:\/\/gundem44.com.tr\/index.php?rest_route=%2Fwp%2Fv2%2Ftags&post=314"}],"curies":[{"name":"wp","href":"https:\/\/api.w.org\/{rel}","templated":true}]}}