{"id":311,"date":"2026-06-08T07:52:09","date_gmt":"2026-06-08T07:52:09","guid":{"rendered":"https:\/\/gundem44.com.tr\/?p=311"},"modified":"2026-06-08T07:52:09","modified_gmt":"2026-06-08T07:52:09","slug":"avrupadaki-kariyerini-birakip-memleketine-turizm-yatirimi-yapti","status":"publish","type":"post","link":"https:\/\/gundem44.com.tr\/?p=311","title":{"rendered":"Avrupa&#8217;daki kariyerini b\u0131rak\u0131p memleketine turizm yat\u0131r\u0131m\u0131 yapt\u0131"},"content":{"rendered":"\n<p class=\"wp-block-paragraph\">\u0130ngiltere&#8217;de kariyer yapan psikolog Nur Y\u00fcceda\u011f, 6 \u015eubat depremlerinin ard\u0131ndan memleketi Malatya Arapgir&#8217;e d\u00f6nerek turizm yat\u0131r\u0131m\u0131 yapt\u0131. B\u00f6lgenin konforlu otel ihtiyac\u0131n\u0131 kar\u015f\u0131lamay\u0131 ve ekonomiyi canland\u0131rmay\u0131 hedefleyen gen\u00e7 giri\u015fimci, aile deste\u011fiyle otel a\u00e7t\u0131.<\/p>\n\n\n\n<p class=\"wp-block-paragraph\"><a href=\"https:\/\/www.sondakika.com\/ingiltere\/\">\u0130ngiltere<\/a>&#8216;de kariyer yapan gen\u00e7 giri\u015fimci Psikolog Nur Y\u00fcceda\u011f, deprem sonras\u0131 memleketi&nbsp;<a href=\"https:\/\/www.sondakika.com\/malatya\/\">Malatya<\/a>&#8216;ya d\u00f6nerek&nbsp;<a href=\"https:\/\/www.sondakika.com\/arapgir\/\">Arapgir<\/a>&#8216;de turizm yat\u0131r\u0131m\u0131 yapt\u0131.<\/p>\n\n\n\n<p class=\"wp-block-paragraph\">\u0130stanbul&#8217;da psikoloji e\u011fitimi ald\u0131ktan sonra kariyerine \u0130ngiltere&#8217;de devam eden 28 ya\u015f\u0131ndaki Nur Y\u00fcceda\u011f, Avrupa&#8217;daki deneyimini memleketine aktard\u0131. \u0130ngiltere&#8217;de yakla\u015f\u0131k 3 y\u0131l \u00e7al\u0131\u015fma hayat\u0131 i\u00e7erisinde yer ald\u0131\u011f\u0131n\u0131 belirten Y\u00fcceda\u011f, Manchester \u00dcniversitesi&#8217;nde asistanl\u0131ktan proje y\u00f6neticili\u011fine uzanan bir kariyer yolculu\u011fu yapt\u0131\u011f\u0131n\u0131 ifade etti. Burada bulundu\u011fu s\u00fcre boyunca Avrupa&#8217;daki \u00e7al\u0131\u015fma sistemi, disiplin ve i\u015f eti\u011fini g\u00f6zlemleme f\u0131rsat\u0131 buldu\u011funu belirten gen\u00e7 giri\u015fimci Y\u00fcceda\u011f, &#8220;Hem freelancer psikolog olarak \u00e7al\u0131\u015ft\u0131m hem de Manchester \u00dcniversitesi&#8217;nde g\u00f6rev ald\u0131m. Ancak akl\u0131mda her zaman \u00fclkeme ve memleketime nas\u0131l katk\u0131 sa\u011flayabilece\u011fim vard\u0131&#8221; dedi.<\/p>\n\n\n\n<p class=\"wp-block-paragraph\">&#8220;Turizmi ve ekonomiyi canland\u0131rmak istiyoruz&#8221;<\/p>\n\n\n\n<p class=\"wp-block-paragraph\">6 \u015eubat depremlerinin ard\u0131ndan Malatya&#8217;ya d\u00f6n\u00fc\u015f karar\u0131 ald\u0131\u011f\u0131n\u0131 dile getiren Y\u00fcceda\u011f, &#8220;Depremde hepimiz yaraland\u0131k. Yaralar\u0131m\u0131z\u0131 sarmak i\u00e7in \u0130ngiltere&#8217;den d\u00f6nerek burada yat\u0131r\u0131m yapmaya karar verdim. Turizmi ve ekonomiyi canland\u0131rmak istiyoruz&#8221; dedi.<\/p>\n\n\n\n<p class=\"wp-block-paragraph\">&#8220;Memleketime bir bor\u00e7 olarak g\u00f6rd\u00fcm ve \u00fclkeme geri d\u00f6nd\u00fcm&#8221;<\/p>\n\n\n\n<p class=\"wp-block-paragraph\">Ailesinin daha \u00f6nce Ege B\u00f6lgesi&#8217;nde otel i\u015fletmecili\u011fi yapt\u0131\u011f\u0131n\u0131 belirten Y\u00fcceda\u011f, en b\u00fcy\u00fck yat\u0131r\u0131m\u0131 ise memleketleri Arapgir&#8217;e yapmak istediklerini s\u00f6yledi. Babas\u0131 Bahattin Y\u00fcceda\u011f&#8217;\u0131n da turizm ve in\u015faat sekt\u00f6r\u00fcnde faaliyet g\u00f6sterdi\u011fini ifade eden Y\u00fcceda\u011f, &#8220;Ailem e\u011fitim hayat\u0131m boyunca bana b\u00fcy\u00fck destek verdi. Ben de bunu memleketime bir bor\u00e7 olarak g\u00f6rd\u00fcm ve \u00fclkeme geri d\u00f6nd\u00fcm&#8221; ifadelerini kulland\u0131.<\/p>\n\n\n\n<p class=\"wp-block-paragraph\">Arapgir&#8217;de hizmete a\u00e7t\u0131klar\u0131 otelin b\u00f6lgenin \u00f6nemli bir ihtiyac\u0131n\u0131 kar\u015f\u0131lad\u0131\u011f\u0131n\u0131 kaydeden Y\u00fcceda\u011f, &#8220;Malatya&#8217;n\u0131n \u00f6zellikle deprem sonras\u0131 konforlu ve kaliteli hizmet veren otellere ihtiyac\u0131 vard\u0131. Biz de g\u00fcler y\u00fczl\u00fc hizmet anlay\u0131\u015f\u0131yla bu alanda katk\u0131 sunmak istedik&#8221; ifadelerine yer verdi.<\/p>\n\n\n\n<p class=\"wp-block-paragraph\">Arapgir&#8217;in Malatya, Elaz\u0131\u011f, Erzincan, Kemaliye, Harput ve Tunceli g\u00fczergah\u0131nda \u00f6nemli bir ge\u00e7i\u015f noktas\u0131 oldu\u011funu belirten Y\u00fcceda\u011f, b\u00f6lgeye gelen turistlerin yan\u0131 s\u0131ra enerji yat\u0131r\u0131mlar\u0131 kapsam\u0131nda \u00e7al\u0131\u015fan i\u015f insanlar\u0131n\u0131 da a\u011f\u0131rlad\u0131klar\u0131n\u0131 s\u00f6yledi.<\/p>\n\n\n\n<p class=\"wp-block-paragraph\">B\u00f6lgedeki kamu kurumlar\u0131n\u0131n deste\u011fini hissetti\u011fini belirten Y\u00fcceda\u011f, &#8220;Kaymakaml\u0131k, belediye ve k\u00fclt\u00fcr m\u00fcd\u00fcrl\u00fc\u011f\u00fc ba\u015fta olmak \u00fczere herkes yan\u0131m\u0131zda oldu. Malatya&#8217;da turizmi geli\u015ftirmek ve yat\u0131r\u0131mlar\u0131m\u0131 b\u00fcy\u00fctmek istiyorum&#8221; diye konu\u015ftu.<\/p>\n\n\n\n<p class=\"wp-block-paragraph\">K\u00f6yde ya\u015fayan ailesinin \u00fcretti\u011fi organik \u00fcr\u00fcnleri de otelde kulland\u0131klar\u0131n\u0131 belirten Y\u00fcceda\u011f, Arapgir ve Malatya&#8217;n\u0131n kendisine moral verdi\u011fini ifade ederek yat\u0131r\u0131mlar\u0131n\u0131 s\u00fcrd\u00fcrmek istedi\u011fini s\u00f6zlerine ekledi. &#8211; MALATYA<\/p>\n","protected":false},"excerpt":{"rendered":"<p>\u0130ngiltere&#8217;de kariyer yapan psikolog Nur Y\u00fcceda\u011f, 6 \u015eubat depremlerinin ard\u0131ndan memleketi Malatya Arapgir&#8217;e d\u00f6nerek turizm&#8230;<\/p>\n","protected":false},"author":1,"featured_media":312,"comment_status":"open","ping_status":"open","sticky":false,"template":"","format":"standard","meta":{"footnotes":""},"categories":[24],"tags":[],"class_list":["post-311","post","type-post","status-publish","format-standard","has-post-thumbnail","hentry","category-arapgir"],"_links":{"self":[{"href":"https:\/\/gundem44.com.tr\/index.php?rest_route=\/wp\/v2\/posts\/311","targetHints":{"allow":["GET"]}}],"collection":[{"href":"https:\/\/gundem44.com.tr\/index.php?rest_route=\/wp\/v2\/posts"}],"about":[{"href":"https:\/\/gundem44.com.tr\/index.php?rest_route=\/wp\/v2\/types\/post"}],"author":[{"embeddable":true,"href":"https:\/\/gundem44.com.tr\/index.php?rest_route=\/wp\/v2\/users\/1"}],"replies":[{"embeddable":true,"href":"https:\/\/gundem44.com.tr\/index.php?rest_route=%2Fwp%2Fv2%2Fcomments&post=311"}],"version-history":[{"count":1,"href":"https:\/\/gundem44.com.tr\/index.php?rest_route=\/wp\/v2\/posts\/311\/revisions"}],"predecessor-version":[{"id":313,"href":"https:\/\/gundem44.com.tr\/index.php?rest_route=\/wp\/v2\/posts\/311\/revisions\/313"}],"wp:featuredmedia":[{"embeddable":true,"href":"https:\/\/gundem44.com.tr\/index.php?rest_route=\/wp\/v2\/media\/312"}],"wp:attachment":[{"href":"https:\/\/gundem44.com.tr\/index.php?rest_route=%2Fwp%2Fv2%2Fmedia&parent=311"}],"wp:term":[{"taxonomy":"category","embeddable":true,"href":"https:\/\/gundem44.com.tr\/index.php?rest_route=%2Fwp%2Fv2%2Fcategories&post=311"},{"taxonomy":"post_tag","embeddable":true,"href":"https:\/\/gundem44.com.tr\/index.php?rest_route=%2Fwp%2Fv2%2Ftags&post=311"}],"curies":[{"name":"wp","href":"https:\/\/api.w.org\/{rel}","templated":true}]}}