{"id":308,"date":"2026-06-08T07:49:25","date_gmt":"2026-06-08T07:49:25","guid":{"rendered":"https:\/\/gundem44.com.tr\/?p=308"},"modified":"2026-06-08T07:49:26","modified_gmt":"2026-06-08T07:49:26","slug":"pasinyan-secimde-zafer-ilan-etti-turkiye-mesaji-konusmaya-damga-vurdu","status":"publish","type":"post","link":"https:\/\/gundem44.com.tr\/?p=308","title":{"rendered":"Pa\u015finyan se\u00e7imde zafer ilan etti! T\u00fcrkiye mesaj\u0131 konu\u015fmaya damga vurdu"},"content":{"rendered":"\n<p class=\"wp-block-paragraph\">Ermenistan Ba\u015fbakan\u0131 Nikol Pa\u015finyan, parlamento se\u00e7iminde zafer ilan etti. Se\u00e7im sonras\u0131 yapt\u0131\u011f\u0131 a\u00e7\u0131klamada T\u00fcrkiye ile ili\u015fkilere de\u011finen Pa\u015finyan, iki \u00fclkenin &#8220;\u00e7ok iyi bir dinamik&#8221; yakalad\u0131\u011f\u0131n\u0131 belirterek s\u0131n\u0131rlar\u0131n a\u00e7\u0131lmas\u0131 ve diplomatik ili\u015fkilerin kurulmas\u0131 gerekti\u011fini s\u00f6yledi. Pa\u015finyan, normalle\u015fme s\u00fcrecinde nihai ad\u0131mlar\u0131n at\u0131lmas\u0131 \u00e7a\u011fr\u0131s\u0131nda bulundu.<\/p>\n\n\n\n<p class=\"wp-block-paragraph\"><a href=\"https:\/\/www.sondakika.com\/ermenistan\/\">Ermenistan<\/a>&#8216;da d\u00fczenlenen parlamento se\u00e7iminde zaferini ilan eden Ba\u015fbakan&nbsp;<a href=\"https:\/\/www.sondakika.com\/nikol-pasinyan\/\">Nikol Pa\u015finyan<\/a>,&nbsp;<a href=\"https:\/\/www.sondakika.com\/turkiye\/\">T\u00fcrkiye<\/a>&nbsp;ile normalle\u015fme s\u00fcrecine ili\u015fkin dikkat \u00e7eken a\u00e7\u0131klamalarda bulundu.<\/p>\n\n\n\n<p class=\"wp-block-paragraph\">Se\u00e7im sonu\u00e7lar\u0131n\u0131 de\u011ferlendirdi\u011fi bas\u0131n toplant\u0131s\u0131nda konu\u015fan Pa\u015finyan, Anadolu Ajans\u0131&#8217;n\u0131n sorusu \u00fczerine T\u00fcrk halk\u0131na da mesaj verdi. B\u00f6lgesel bar\u0131\u015f ve i\u015f birli\u011fine vurgu yapan Pa\u015finyan, T\u00fcrkiye ile son d\u00f6nemde olumlu bir atmosfer yakalad\u0131klar\u0131n\u0131 s\u00f6yledi.<\/p>\n\n\n\n<h3 class=\"wp-block-heading\">&#8220;N\u0130HA\u0130 ATILIMI YAPMAMIZ GEREK\u0130YOR&#8221;<\/h3>\n\n\n\n<p class=\"wp-block-paragraph\">T\u00fcrkiye ile Ermenistan aras\u0131nda y\u00fcr\u00fct\u00fclen normalle\u015fme s\u00fcrecine de\u011finen Pa\u015finyan, &#8220;T\u00fcrkiye ile \u00e7ok iyi bir dinamik yakalad\u0131k. Nihai at\u0131l\u0131m\u0131 yapmak i\u00e7in bu dinami\u011fi devam ettirmemiz gerekiyor&#8221; ifadelerini kulland\u0131.<\/p>\n\n\n\n<p class=\"wp-block-paragraph\">Pa\u015finyan, iki \u00fclke aras\u0131ndaki s\u0131n\u0131rlar\u0131n a\u00e7\u0131lmas\u0131 ve diplomatik ili\u015fkilerin resmen kurulmas\u0131n\u0131n b\u00f6lge a\u00e7\u0131s\u0131ndan \u00f6nemli bir ad\u0131m olaca\u011f\u0131n\u0131 belirtti.<\/p>\n\n\n\n<h3 class=\"wp-block-heading\">DEM\u0130R YOLU KARARINDAN MEMNUN<\/h3>\n\n\n\n<p class=\"wp-block-paragraph\">Ermeni mallar\u0131n\u0131n ihracat ve ithalat\u0131nda kullan\u0131lacak Ah\u0131lkelek-Kars demir yolu hatt\u0131n\u0131n a\u00e7\u0131lmas\u0131 karar\u0131n\u0131 da de\u011ferlendiren Pa\u015finyan, bu geli\u015fmeden memnuniyet duydu\u011funu s\u00f6yledi.<\/p>\n\n\n\n<p class=\"wp-block-paragraph\">B\u00f6lgesel ula\u015f\u0131m ve ticaret a\u011flar\u0131n\u0131n g\u00fc\u00e7lenmesinin hem Ermenistan hem de kom\u015fu \u00fclkeler i\u00e7in yeni f\u0131rsatlar yarataca\u011f\u0131n\u0131 ifade eden Pa\u015finyan, ekonomik i\u015f birli\u011finin bar\u0131\u015f s\u00fcrecine katk\u0131 sa\u011flayaca\u011f\u0131n\u0131 dile getirdi.<\/p>\n\n\n\n<h3 class=\"wp-block-heading\">AZERBAYCAN \u0130LE BARI\u015e VURGUSU<\/h3>\n\n\n\n<p class=\"wp-block-paragraph\">Pa\u015finyan, Azerbaycan ile bar\u0131\u015f anla\u015fmas\u0131n\u0131n imzalanmas\u0131 gerekti\u011fini de belirterek, b\u00f6lgedeki ula\u015f\u0131m koridorlar\u0131n\u0131n a\u00e7\u0131lmas\u0131n\u0131n G\u00fcney Kafkasya&#8217;n\u0131n gelece\u011fini de\u011fi\u015ftirece\u011fini s\u00f6yledi.<\/p>\n\n\n\n<p class=\"wp-block-paragraph\">Ermeni bas\u0131n\u0131nda yer alan resmi olmayan sonu\u00e7lara g\u00f6re Pa\u015finyan&#8217;\u0131n liderli\u011findeki Sivil S\u00f6zle\u015fme Partisi, parlamento se\u00e7imlerini a\u00e7\u0131k ara \u00f6nde tamamlad\u0131.<\/p>\n","protected":false},"excerpt":{"rendered":"<p>Ermenistan Ba\u015fbakan\u0131 Nikol Pa\u015finyan, parlamento se\u00e7iminde zafer ilan etti. Se\u00e7im sonras\u0131 yapt\u0131\u011f\u0131 a\u00e7\u0131klamada T\u00fcrkiye ile&#8230;<\/p>\n","protected":false},"author":1,"featured_media":309,"comment_status":"open","ping_status":"open","sticky":false,"template":"","format":"standard","meta":{"footnotes":""},"categories":[1],"tags":[],"class_list":["post-308","post","type-post","status-publish","format-standard","has-post-thumbnail","hentry","category-malatya-gundemi"],"_links":{"self":[{"href":"https:\/\/gundem44.com.tr\/index.php?rest_route=\/wp\/v2\/posts\/308","targetHints":{"allow":["GET"]}}],"collection":[{"href":"https:\/\/gundem44.com.tr\/index.php?rest_route=\/wp\/v2\/posts"}],"about":[{"href":"https:\/\/gundem44.com.tr\/index.php?rest_route=\/wp\/v2\/types\/post"}],"author":[{"embeddable":true,"href":"https:\/\/gundem44.com.tr\/index.php?rest_route=\/wp\/v2\/users\/1"}],"replies":[{"embeddable":true,"href":"https:\/\/gundem44.com.tr\/index.php?rest_route=%2Fwp%2Fv2%2Fcomments&post=308"}],"version-history":[{"count":1,"href":"https:\/\/gundem44.com.tr\/index.php?rest_route=\/wp\/v2\/posts\/308\/revisions"}],"predecessor-version":[{"id":310,"href":"https:\/\/gundem44.com.tr\/index.php?rest_route=\/wp\/v2\/posts\/308\/revisions\/310"}],"wp:featuredmedia":[{"embeddable":true,"href":"https:\/\/gundem44.com.tr\/index.php?rest_route=\/wp\/v2\/media\/309"}],"wp:attachment":[{"href":"https:\/\/gundem44.com.tr\/index.php?rest_route=%2Fwp%2Fv2%2Fmedia&parent=308"}],"wp:term":[{"taxonomy":"category","embeddable":true,"href":"https:\/\/gundem44.com.tr\/index.php?rest_route=%2Fwp%2Fv2%2Fcategories&post=308"},{"taxonomy":"post_tag","embeddable":true,"href":"https:\/\/gundem44.com.tr\/index.php?rest_route=%2Fwp%2Fv2%2Ftags&post=308"}],"curies":[{"name":"wp","href":"https:\/\/api.w.org\/{rel}","templated":true}]}}