{"id":296,"date":"2026-06-08T07:33:41","date_gmt":"2026-06-08T07:33:41","guid":{"rendered":"https:\/\/gundem44.com.tr\/?p=296"},"modified":"2026-06-08T07:33:41","modified_gmt":"2026-06-08T07:33:41","slug":"husilerden-israile-yeni-darbe-kizildenizi-kapattilar","status":"publish","type":"post","link":"https:\/\/gundem44.com.tr\/?p=296","title":{"rendered":"Husilerden \u0130srail&#8217;e yeni darbe! K\u0131z\u0131ldeniz&#8217;i kapatt\u0131lar"},"content":{"rendered":"\n<p class=\"wp-block-paragraph\">Yemen&#8217;deki \u0130ran destekli Husiler, \u0130srail&#8217;e y\u00f6nelik f\u00fcze sald\u0131r\u0131s\u0131 d\u00fczenlediklerini a\u00e7\u0131klarken K\u0131z\u0131ldeniz&#8217;de \u0130srail&#8217;e ait gemilere y\u00f6nelik tam seyr\u00fcsefer yasa\u011f\u0131 ilan etti. Karar, \u0130srail ile \u0130ran aras\u0131ndaki gerilimin yeniden t\u0131rmand\u0131\u011f\u0131 d\u00f6nemde b\u00f6lgedeki g\u00fcvenlik endi\u015felerini art\u0131r\u0131rken, k\u00fcresel ticaret rotalar\u0131n\u0131n da etkilenebilece\u011fi de\u011ferlendiriliyor.<\/p>\n\n\n\n<p class=\"wp-block-paragraph\">Orta Do\u011fu&#8217;da&nbsp;<a href=\"https:\/\/www.sondakika.com\/israil\/\">\u0130srail<\/a>&nbsp;ile&nbsp;<a href=\"https:\/\/www.sondakika.com\/iran\/\">\u0130ran<\/a>&nbsp;aras\u0131ndaki gerilim t\u0131rman\u0131rken,&nbsp;<a href=\"https:\/\/www.sondakika.com\/yemen\/\">Yemen<\/a>&#8216;deki \u0130ran destekli Husiler de yeniden sahaya indi. Husiler, \u0130srail&#8217;e y\u00f6nelik f\u00fcze sald\u0131r\u0131s\u0131 ger\u00e7ekle\u015ftirdiklerini ve K\u0131z\u0131ldeniz&#8217;de \u0130srail gemilerine y\u00f6nelik tam yasak karar\u0131 ald\u0131klar\u0131n\u0131 duyurdu.<\/p>\n\n\n\n<p class=\"wp-block-paragraph\">Husilerin silahl\u0131 kanad\u0131 taraf\u0131ndan yap\u0131lan a\u00e7\u0131klamada, \u0130srail&#8217;e y\u00f6nelik nisan ay\u0131ndan bu yana ilk f\u00fcze sald\u0131r\u0131s\u0131n\u0131n d\u00fczenlendi\u011fi belirtildi.<\/p>\n\n\n\n<h3 class=\"wp-block-heading\">KIZILDEN\u0130Z&#8217;DE TAM YASAK KARARI<\/h3>\n\n\n\n<p class=\"wp-block-paragraph\">A\u00e7\u0131klamada, &#8220;K\u0131z\u0131ldeniz&#8217;de \u0130srail deniz ta\u015f\u0131mac\u0131l\u0131\u011f\u0131na y\u00f6nelik tam ve kapsaml\u0131 yasak ilan ediyoruz&#8221; ifadeleri kullan\u0131ld\u0131.<\/p>\n\n\n\n<p class=\"wp-block-paragraph\">Karar\u0131n ard\u0131ndan b\u00f6lgede deniz ticaretinin yeniden etkilenebilece\u011fi de\u011ferlendirmeleri yap\u0131l\u0131rken, uluslararas\u0131 nakliye \u015firketlerinin geli\u015fmeleri yak\u0131ndan takip etti\u011fi bildirildi.<\/p>\n\n\n\n<h3 class=\"wp-block-heading\">B\u00d6LGESEL GER\u0130L\u0130M DAHA DA B\u00dcY\u00dcD\u00dc<\/h3>\n\n\n\n<p class=\"wp-block-paragraph\">Husilerin a\u00e7\u0131klamas\u0131, \u0130srail&#8217;in \u0130ran&#8217;\u0131n Tahran, \u0130sfahan, Tebriz ve Karaj kentlerine y\u00f6nelik sald\u0131r\u0131lar\u0131n\u0131n ard\u0131ndan geldi. \u0130ran&#8217;\u0131n da \u0130srail&#8217;e f\u00fcze sald\u0131r\u0131lar\u0131yla kar\u015f\u0131l\u0131k vermesiyle b\u00f6lgede tansiyon yeniden zirveye \u00e7\u0131km\u0131\u015ft\u0131.<\/p>\n\n\n\n<p class=\"wp-block-paragraph\">Uzmanlar, Husilerin yeniden sald\u0131r\u0131lara ba\u015flamas\u0131n\u0131n K\u0131z\u0131ldeniz&#8217;deki ticaret yollar\u0131nda yeni g\u00fcvenlik riskleri olu\u015fturabilece\u011fine dikkat \u00e7ekiyor.<\/p>\n\n\n\n<h3 class=\"wp-block-heading\">K\u00dcRESEL T\u0130CARET ETK\u0130LENEB\u0130L\u0130R<\/h3>\n\n\n\n<p class=\"wp-block-paragraph\"><a href=\"https:\/\/www.sondakika.com\/dunya\/\">D\u00fcnya<\/a>&nbsp;ticaretinin \u00f6nemli bir b\u00f6l\u00fcm\u00fcn\u00fcn ge\u00e7ti\u011fi K\u0131z\u0131ldeniz&#8217;de daha \u00f6nce de Husilerin sald\u0131r\u0131lar\u0131 nedeniyle bir\u00e7ok gemi rotas\u0131n\u0131 de\u011fi\u015ftirmek zorunda kalm\u0131\u015ft\u0131. Yeni yasak karar\u0131 ve sald\u0131r\u0131lar\u0131n devam etmesi halinde k\u00fcresel lojistik ve enerji piyasalar\u0131nda yeni dalgalanmalar ya\u015fanabilece\u011fi belirtiliyor.<\/p>\n","protected":false},"excerpt":{"rendered":"<p>Yemen&#8217;deki \u0130ran destekli Husiler, \u0130srail&#8217;e y\u00f6nelik f\u00fcze sald\u0131r\u0131s\u0131 d\u00fczenlediklerini a\u00e7\u0131klarken K\u0131z\u0131ldeniz&#8217;de \u0130srail&#8217;e ait gemilere y\u00f6nelik&#8230;<\/p>\n","protected":false},"author":1,"featured_media":297,"comment_status":"open","ping_status":"open","sticky":false,"template":"","format":"standard","meta":{"footnotes":""},"categories":[40],"tags":[],"class_list":["post-296","post","type-post","status-publish","format-standard","has-post-thumbnail","hentry","category-dunya"],"_links":{"self":[{"href":"https:\/\/gundem44.com.tr\/index.php?rest_route=\/wp\/v2\/posts\/296","targetHints":{"allow":["GET"]}}],"collection":[{"href":"https:\/\/gundem44.com.tr\/index.php?rest_route=\/wp\/v2\/posts"}],"about":[{"href":"https:\/\/gundem44.com.tr\/index.php?rest_route=\/wp\/v2\/types\/post"}],"author":[{"embeddable":true,"href":"https:\/\/gundem44.com.tr\/index.php?rest_route=\/wp\/v2\/users\/1"}],"replies":[{"embeddable":true,"href":"https:\/\/gundem44.com.tr\/index.php?rest_route=%2Fwp%2Fv2%2Fcomments&post=296"}],"version-history":[{"count":1,"href":"https:\/\/gundem44.com.tr\/index.php?rest_route=\/wp\/v2\/posts\/296\/revisions"}],"predecessor-version":[{"id":298,"href":"https:\/\/gundem44.com.tr\/index.php?rest_route=\/wp\/v2\/posts\/296\/revisions\/298"}],"wp:featuredmedia":[{"embeddable":true,"href":"https:\/\/gundem44.com.tr\/index.php?rest_route=\/wp\/v2\/media\/297"}],"wp:attachment":[{"href":"https:\/\/gundem44.com.tr\/index.php?rest_route=%2Fwp%2Fv2%2Fmedia&parent=296"}],"wp:term":[{"taxonomy":"category","embeddable":true,"href":"https:\/\/gundem44.com.tr\/index.php?rest_route=%2Fwp%2Fv2%2Fcategories&post=296"},{"taxonomy":"post_tag","embeddable":true,"href":"https:\/\/gundem44.com.tr\/index.php?rest_route=%2Fwp%2Fv2%2Ftags&post=296"}],"curies":[{"name":"wp","href":"https:\/\/api.w.org\/{rel}","templated":true}]}}