{"id":293,"date":"2026-06-08T07:29:04","date_gmt":"2026-06-08T07:29:04","guid":{"rendered":"https:\/\/gundem44.com.tr\/?p=293"},"modified":"2026-06-08T07:29:04","modified_gmt":"2026-06-08T07:29:04","slug":"aziz-yildirim-kararini-verdi-iste-takimi-emanet-edecegi-isim","status":"publish","type":"post","link":"https:\/\/gundem44.com.tr\/?p=293","title":{"rendered":"Aziz Y\u0131ld\u0131r\u0131m karar\u0131n\u0131 verdi! \u0130\u015fte tak\u0131m\u0131 emanet edece\u011fi isim"},"content":{"rendered":"\n<p class=\"wp-block-paragraph\">Fenerbah\u00e7e&#8217;de yeniden ba\u015fkan se\u00e7ilen Aziz Y\u0131ld\u0131r\u0131m&#8217;\u0131n teknik direkt\u00f6rl\u00fck g\u00f6revi i\u00e7in Aykut Kocaman ile anla\u015fma sa\u011flad\u0131\u011f\u0131 \u00f6ne s\u00fcr\u00fcld\u00fc. Karar sar\u0131-lacivertli camiada farkl\u0131 g\u00f6r\u00fc\u015flerin ortaya \u00e7\u0131kmas\u0131na neden oldu.<\/p>\n\n\n\n<p class=\"wp-block-paragraph\"><a href=\"https:\/\/www.sondakika.com\/fenerbahce\/\">Fenerbah\u00e7e<\/a>&#8216;de&nbsp;<a href=\"https:\/\/www.sondakika.com\/aziz-yildirim-2\/\">Aziz Y\u0131ld\u0131r\u0131m<\/a>&#8216;\u0131n yeniden ba\u015fkanl\u0131k koltu\u011funa oturmas\u0131n\u0131n ard\u0131ndan teknik direkt\u00f6r konusunda \u00f6nemli bir geli\u015fme ya\u015fand\u0131.<\/p>\n\n\n\n<h3 class=\"wp-block-heading\">AYKUT KOCAMAN \u0130LE ANLA\u015eMA \u0130DD\u0130ASI<\/h3>\n\n\n\n<p class=\"wp-block-paragraph\">Sar\u0131-lacivertli kul\u00fcpte yeni sezon planlamas\u0131na ba\u015flayan&nbsp;<a href=\"https:\/\/www.sondakika.com\/aziz-yildirim\/\">Aziz Y\u0131ld\u0131r\u0131m<\/a>, teknik direkt\u00f6rl\u00fck g\u00f6revi i\u00e7in&nbsp;<a href=\"https:\/\/www.sondakika.com\/aykut-kocaman\/\">Aykut Kocaman<\/a>&nbsp;ile anla\u015fma sa\u011flad\u0131. Uzun y\u0131llar Fenerbah\u00e7e&#8217;de futbolcu, sportif direkt\u00f6r ve teknik direkt\u00f6r olarak g\u00f6rev yapan Kocaman&#8217;\u0131n yeniden g\u00f6reve d\u00f6nmeye haz\u0131rland\u0131\u011f\u0131 belirtildi.<\/p>\n\n\n\n<h3 class=\"wp-block-heading\">TARAFTARLAR \u0130K\u0130YE B\u00d6L\u00dcND\u00dc<\/h3>\n\n\n\n<p class=\"wp-block-paragraph\">Aykut Kocaman&#8217;\u0131n d\u00f6n\u00fc\u015f ihtimali sar\u0131-lacivertli taraftarlar aras\u0131nda farkl\u0131 g\u00f6r\u00fc\u015flere neden oldu.&nbsp;Bir grup taraftar, kul\u00fcb\u00fcn efsane isimlerinden biri olan Kocaman&#8217;\u0131n tecr\u00fcbesiyle tak\u0131ma katk\u0131 sa\u011flayaca\u011f\u0131n\u0131 savunurken, baz\u0131 taraftarlar ise farkl\u0131 bir teknik direkt\u00f6r tercih edilmesi gerekti\u011fini dile getirdi.<\/p>\n\n\n\n<h3 class=\"wp-block-heading\">AZ\u0130Z YILDIRIM&#8217;IN G\u00dcVEND\u0130\u011e\u0130 \u0130S\u0130M<\/h3>\n\n\n\n<p class=\"wp-block-paragraph\">Aziz Y\u0131ld\u0131r\u0131m&#8217;\u0131n ge\u00e7mi\u015fte bir\u00e7ok kez birlikte \u00e7al\u0131\u015ft\u0131\u011f\u0131 Aykut Kocaman&#8217;a g\u00fcvendi\u011fi ve yeni d\u00f6nemin futbol yap\u0131lanmas\u0131n\u0131 deneyimli teknik adamla \u015fekillendirmeyi planlad\u0131\u011f\u0131 ifade ediliyor.<\/p>\n\n\n\n<h3 class=\"wp-block-heading\">RESM\u0130 A\u00c7IKLAMA BEKLEN\u0130YOR<\/h3>\n\n\n\n<p class=\"wp-block-paragraph\">Kul\u00fcpten veya Aykut Kocaman cephesinden hen\u00fcz resmi bir a\u00e7\u0131klama gelmezken, sar\u0131-lacivertli camiada geli\u015fmeler yak\u0131ndan takip ediliyor.<\/p>\n","protected":false},"excerpt":{"rendered":"<p>Fenerbah\u00e7e&#8217;de yeniden ba\u015fkan se\u00e7ilen Aziz Y\u0131ld\u0131r\u0131m&#8217;\u0131n teknik direkt\u00f6rl\u00fck g\u00f6revi i\u00e7in Aykut Kocaman ile anla\u015fma sa\u011flad\u0131\u011f\u0131&#8230;<\/p>\n","protected":false},"author":1,"featured_media":294,"comment_status":"open","ping_status":"open","sticky":false,"template":"","format":"standard","meta":{"footnotes":""},"categories":[15],"tags":[],"class_list":["post-293","post","type-post","status-publish","format-standard","has-post-thumbnail","hentry","category-spor"],"_links":{"self":[{"href":"https:\/\/gundem44.com.tr\/index.php?rest_route=\/wp\/v2\/posts\/293","targetHints":{"allow":["GET"]}}],"collection":[{"href":"https:\/\/gundem44.com.tr\/index.php?rest_route=\/wp\/v2\/posts"}],"about":[{"href":"https:\/\/gundem44.com.tr\/index.php?rest_route=\/wp\/v2\/types\/post"}],"author":[{"embeddable":true,"href":"https:\/\/gundem44.com.tr\/index.php?rest_route=\/wp\/v2\/users\/1"}],"replies":[{"embeddable":true,"href":"https:\/\/gundem44.com.tr\/index.php?rest_route=%2Fwp%2Fv2%2Fcomments&post=293"}],"version-history":[{"count":1,"href":"https:\/\/gundem44.com.tr\/index.php?rest_route=\/wp\/v2\/posts\/293\/revisions"}],"predecessor-version":[{"id":295,"href":"https:\/\/gundem44.com.tr\/index.php?rest_route=\/wp\/v2\/posts\/293\/revisions\/295"}],"wp:featuredmedia":[{"embeddable":true,"href":"https:\/\/gundem44.com.tr\/index.php?rest_route=\/wp\/v2\/media\/294"}],"wp:attachment":[{"href":"https:\/\/gundem44.com.tr\/index.php?rest_route=%2Fwp%2Fv2%2Fmedia&parent=293"}],"wp:term":[{"taxonomy":"category","embeddable":true,"href":"https:\/\/gundem44.com.tr\/index.php?rest_route=%2Fwp%2Fv2%2Fcategories&post=293"},{"taxonomy":"post_tag","embeddable":true,"href":"https:\/\/gundem44.com.tr\/index.php?rest_route=%2Fwp%2Fv2%2Ftags&post=293"}],"curies":[{"name":"wp","href":"https:\/\/api.w.org\/{rel}","templated":true}]}}