{"id":290,"date":"2026-06-07T11:32:15","date_gmt":"2026-06-07T11:32:15","guid":{"rendered":"https:\/\/gundem44.com.tr\/?p=290"},"modified":"2026-06-07T11:32:15","modified_gmt":"2026-06-07T11:32:15","slug":"hekimhanda-esekten-dusen-yasli-adam-hayatini-kaybetti","status":"publish","type":"post","link":"https:\/\/gundem44.com.tr\/?p=290","title":{"rendered":"Hekimhan&#8217;da E\u015fekten D\u00fc\u015fen Ya\u015fl\u0131 Adam Hayat\u0131n\u0131 Kaybetti"},"content":{"rendered":"\n<p class=\"wp-block-paragraph\">Malatya&#8217;n\u0131n Hekimhan il\u00e7esinde e\u015fekten d\u00fc\u015fen 83 ya\u015f\u0131ndaki H\u00fcseyin \u00c7al\u0131\u015fkan hayat\u0131n\u0131 kaybetti.<\/p>\n\n\n\n<p class=\"wp-block-paragraph\"><a href=\"https:\/\/www.sondakika.com\/malatya\/\">Malatya<\/a>&#8216;n\u0131n&nbsp;<a href=\"https:\/\/www.sondakika.com\/hekimhan\/\">Hekimhan<\/a>&nbsp;il\u00e7esinde e\u015fekten d\u00fc\u015fen ya\u015fl\u0131 adam hayat\u0131n\u0131 kaybetti.<\/p>\n\n\n\n<p class=\"wp-block-paragraph\">Olay, ak\u015fam saatlerinde Hekimhan il\u00e7esine ba\u011fl\u0131 Basak Mahallesi&#8217;nde meydana geldi. \u0130ddiaya g\u00f6re, bah\u00e7esinde \u00e7al\u0131\u015fmak \u00fczere e\u015fe\u011fiyle b\u00f6lgeye giden 83 ya\u015f\u0131ndaki&nbsp;<a href=\"https:\/\/www.sondakika.com\/huseyin-caliskan\/\">H\u00fcseyin \u00c7al\u0131\u015fkan<\/a>&#8216;dan bir s\u00fcre haber alamayan yak\u0131nlar\u0131 durumu merak ederek arama \u00e7al\u0131\u015fmas\u0131 ba\u015flatt\u0131. Yap\u0131lan aramalarda ya\u015fl\u0131 adam bah\u00e7eye giden g\u00fczergah \u00fczerindeki yol kenar\u0131nda hareketsiz halde bulundu. \u0130hbar \u00fczerine olay yerine sa\u011fl\u0131k ekipleri sevk edildi. Ekiplerin yapt\u0131\u011f\u0131 kontrolde \u00c7al\u0131\u015fkan&#8217;\u0131n hayat\u0131n\u0131 kaybetti\u011fi belirlendi. Ya\u015fl\u0131 adam\u0131n cenazesi, olay yerinde yap\u0131lan incelemelerin ard\u0131ndan Hekimhan Devlet Hastanesi morguna kald\u0131r\u0131ld\u0131.<\/p>\n\n\n\n<p class=\"wp-block-paragraph\">H\u00fcseyin \u00c7al\u0131\u015fkan&#8217;\u0131n Basak Mahallesi&#8217;nde topra\u011fa verilece\u011fi \u00f6\u011frenildi. &#8211; MALATYA<\/p>\n","protected":false},"excerpt":{"rendered":"<p>Malatya&#8217;n\u0131n Hekimhan il\u00e7esinde e\u015fekten d\u00fc\u015fen 83 ya\u015f\u0131ndaki H\u00fcseyin \u00c7al\u0131\u015fkan hayat\u0131n\u0131 kaybetti. Malatya&#8216;n\u0131n&nbsp;Hekimhan&nbsp;il\u00e7esinde e\u015fekten d\u00fc\u015fen ya\u015fl\u0131&#8230;<\/p>\n","protected":false},"author":1,"featured_media":291,"comment_status":"open","ping_status":"open","sticky":false,"template":"","format":"standard","meta":{"footnotes":""},"categories":[29],"tags":[],"class_list":["post-290","post","type-post","status-publish","format-standard","has-post-thumbnail","hentry","category-hekimhan"],"_links":{"self":[{"href":"https:\/\/gundem44.com.tr\/index.php?rest_route=\/wp\/v2\/posts\/290","targetHints":{"allow":["GET"]}}],"collection":[{"href":"https:\/\/gundem44.com.tr\/index.php?rest_route=\/wp\/v2\/posts"}],"about":[{"href":"https:\/\/gundem44.com.tr\/index.php?rest_route=\/wp\/v2\/types\/post"}],"author":[{"embeddable":true,"href":"https:\/\/gundem44.com.tr\/index.php?rest_route=\/wp\/v2\/users\/1"}],"replies":[{"embeddable":true,"href":"https:\/\/gundem44.com.tr\/index.php?rest_route=%2Fwp%2Fv2%2Fcomments&post=290"}],"version-history":[{"count":1,"href":"https:\/\/gundem44.com.tr\/index.php?rest_route=\/wp\/v2\/posts\/290\/revisions"}],"predecessor-version":[{"id":292,"href":"https:\/\/gundem44.com.tr\/index.php?rest_route=\/wp\/v2\/posts\/290\/revisions\/292"}],"wp:featuredmedia":[{"embeddable":true,"href":"https:\/\/gundem44.com.tr\/index.php?rest_route=\/wp\/v2\/media\/291"}],"wp:attachment":[{"href":"https:\/\/gundem44.com.tr\/index.php?rest_route=%2Fwp%2Fv2%2Fmedia&parent=290"}],"wp:term":[{"taxonomy":"category","embeddable":true,"href":"https:\/\/gundem44.com.tr\/index.php?rest_route=%2Fwp%2Fv2%2Fcategories&post=290"},{"taxonomy":"post_tag","embeddable":true,"href":"https:\/\/gundem44.com.tr\/index.php?rest_route=%2Fwp%2Fv2%2Ftags&post=290"}],"curies":[{"name":"wp","href":"https:\/\/api.w.org\/{rel}","templated":true}]}}