{"id":29,"date":"2026-05-30T01:41:31","date_gmt":"2026-05-30T01:41:31","guid":{"rendered":"https:\/\/gundem44.com.tr\/?p=29"},"modified":"2026-05-30T01:41:31","modified_gmt":"2026-05-30T01:41:31","slug":"malatyada-iki-aracin-carptigi-yaya-hayatini-kaybetti","status":"publish","type":"post","link":"https:\/\/gundem44.com.tr\/?p=29","title":{"rendered":"Malatya\u2019da iki arac\u0131n \u00e7arpt\u0131\u011f\u0131 yaya hayat\u0131n\u0131 kaybetti"},"content":{"rendered":"\n<p class=\"wp-block-paragraph\">Malatya\u2019da yolun kar\u015f\u0131s\u0131na ge\u00e7meye \u00e7al\u0131\u015fan 35 ya\u015f\u0131ndaki \u015fah\u0131s iki arac\u0131n \u00e7arpmas\u0131 sonucu hayat\u0131n\u0131 kaybetti.<\/p>\n\n\n\n<p class=\"wp-block-paragraph\">Kaza, gece 00.15 s\u0131ralar\u0131nda Malatya-Elaz\u0131\u011f karayolu \u00fczerinde Sancaktar Mezarl\u0131\u011f\u0131 kar\u015f\u0131s\u0131nda meydana geldi. \u0130ddiaya g\u00f6re, b\u00f6lgede ko\u015farak yolun kar\u015f\u0131s\u0131na ge\u00e7meye \u00e7al\u0131\u015fan K.K.\u2019ya \u00f6nce 44 LV 982 plakal\u0131 Hyundai marka otomobil ard\u0131ndan ise ayn\u0131 istikamette seyreden 42 BGB 788 plakal\u0131 Hyundai marka ara\u00e7 \u00e7arpt\u0131. Yola savrulan \u015fah\u0131s a\u011f\u0131r yaralan\u0131rken ihbar \u00fczerine b\u00f6lgeye polis ile sa\u011fl\u0131k ekipleri sevk edildi. \u0130lk m\u00fcdahalesi olay yerinde yap\u0131lan K.K. kald\u0131r\u0131ld\u0131\u011f\u0131 Battalgazi Devlet Hastanesi\u2019nde yap\u0131lan t\u00fcm m\u00fcdahalelere ra\u011fmen kurtar\u0131lamad\u0131.<\/p>\n\n\n\n<p class=\"wp-block-paragraph\">Kazaya kar\u0131\u015fan ara\u00e7 s\u00fcr\u00fcc\u00fcleri ifadeleri al\u0131nmak \u00fczere polis merkezine g\u00f6t\u00fcr\u00fcl\u00fcrken, K.K.\u2019nin cenazesi hastanedeki i\u015flemlerinin ard\u0131ndan adli t\u0131p kurumu morguna kald\u0131r\u0131ld\u0131.<\/p>\n\n\n\n<p class=\"wp-block-paragraph\">Kazayla ilgili inceleme s\u00fcr\u00fcyor.<\/p>\n\n\n\n<figure class=\"wp-block-image\"><img decoding=\"async\" src=\"https:\/\/cdn.iha.com.tr\/Contents\/images\/2026\/05\/30\/20260530aw714892-5.jpg\" alt=\"Malatya\u2019da iki arac\u0131n \u00e7arpt\u0131\u011f\u0131 yaya hayat\u0131n\u0131 kaybetti\n\"\/><\/figure>\n","protected":false},"excerpt":{"rendered":"<p>Malatya\u2019da yolun kar\u015f\u0131s\u0131na ge\u00e7meye \u00e7al\u0131\u015fan 35 ya\u015f\u0131ndaki \u015fah\u0131s iki arac\u0131n \u00e7arpmas\u0131 sonucu hayat\u0131n\u0131 kaybetti. Kaza,&#8230;<\/p>\n","protected":false},"author":1,"featured_media":22,"comment_status":"open","ping_status":"open","sticky":false,"template":"","format":"standard","meta":{"footnotes":""},"categories":[1],"tags":[],"class_list":["post-29","post","type-post","status-publish","format-standard","has-post-thumbnail","hentry","category-malatya-gundemi"],"_links":{"self":[{"href":"https:\/\/gundem44.com.tr\/index.php?rest_route=\/wp\/v2\/posts\/29","targetHints":{"allow":["GET"]}}],"collection":[{"href":"https:\/\/gundem44.com.tr\/index.php?rest_route=\/wp\/v2\/posts"}],"about":[{"href":"https:\/\/gundem44.com.tr\/index.php?rest_route=\/wp\/v2\/types\/post"}],"author":[{"embeddable":true,"href":"https:\/\/gundem44.com.tr\/index.php?rest_route=\/wp\/v2\/users\/1"}],"replies":[{"embeddable":true,"href":"https:\/\/gundem44.com.tr\/index.php?rest_route=%2Fwp%2Fv2%2Fcomments&post=29"}],"version-history":[{"count":1,"href":"https:\/\/gundem44.com.tr\/index.php?rest_route=\/wp\/v2\/posts\/29\/revisions"}],"predecessor-version":[{"id":30,"href":"https:\/\/gundem44.com.tr\/index.php?rest_route=\/wp\/v2\/posts\/29\/revisions\/30"}],"wp:featuredmedia":[{"embeddable":true,"href":"https:\/\/gundem44.com.tr\/index.php?rest_route=\/wp\/v2\/media\/22"}],"wp:attachment":[{"href":"https:\/\/gundem44.com.tr\/index.php?rest_route=%2Fwp%2Fv2%2Fmedia&parent=29"}],"wp:term":[{"taxonomy":"category","embeddable":true,"href":"https:\/\/gundem44.com.tr\/index.php?rest_route=%2Fwp%2Fv2%2Fcategories&post=29"},{"taxonomy":"post_tag","embeddable":true,"href":"https:\/\/gundem44.com.tr\/index.php?rest_route=%2Fwp%2Fv2%2Ftags&post=29"}],"curies":[{"name":"wp","href":"https:\/\/api.w.org\/{rel}","templated":true}]}}