{"id":287,"date":"2026-06-07T11:31:12","date_gmt":"2026-06-07T11:31:12","guid":{"rendered":"https:\/\/gundem44.com.tr\/?p=287"},"modified":"2026-06-07T11:31:12","modified_gmt":"2026-06-07T11:31:12","slug":"akcadagda-16-mahallede-arazi-toplulastirma-karari","status":"publish","type":"post","link":"https:\/\/gundem44.com.tr\/?p=287","title":{"rendered":"Ak\u00e7ada\u011f&#8217;da 16 Mahallede Arazi Toplula\u015ft\u0131rma Karar\u0131"},"content":{"rendered":"\n<p class=\"wp-block-paragraph\">Malatya&#8217;n\u0131n Ak\u00e7ada\u011f il\u00e7esinde 16 mahalleyi kapsayan arazi toplula\u015ft\u0131rma ve tarla i\u00e7i geli\u015ftirme projesi Resmi Gazete&#8217;de yay\u0131mland\u0131. DS\u0130 9. B\u00f6lge M\u00fcd\u00fcrl\u00fc\u011f\u00fcnce y\u00fcr\u00fct\u00fclecek \u00e7al\u0131\u015fmalar\u0131n il\u00e7eye katk\u0131 sa\u011flamas\u0131 bekleniyor.<\/p>\n\n\n\n<p class=\"wp-block-paragraph\"><a href=\"https:\/\/www.sondakika.com\/malatya\/\">Malatya<\/a>&#8216;n\u0131n&nbsp;<a href=\"https:\/\/www.sondakika.com\/akcadag\/\">Ak\u00e7ada\u011f<\/a>&nbsp;il\u00e7esinde 16 mahalleyi kapsayan arazi toplula\u015ft\u0131rma ve tarla i\u00e7i geli\u015ftirme hizmetleri projesinin uygulanmas\u0131na karar verildi.<\/p>\n\n\n\n<p class=\"wp-block-paragraph\">Resmi Gazete&#8217;de yay\u0131mlanan 5 Haziran 2026 tarihli ve 11409 say\u0131l\u0131 Cumhurba\u015fkan\u0131 Karar\u0131 kapsam\u0131nda il\u00e7ede geni\u015f kapsaml\u0131 arazi d\u00fczenleme \u00e7al\u0131\u015fmalar\u0131 hayata ge\u00e7irilecek. Karar do\u011frultusunda Ak\u00e7ada\u011f&#8217;a ba\u011fl\u0131 Aktepe, Alt\u0131nl\u0131, Ba\u015fp\u0131nar, B\u00f6l\u00fckl\u00fc, B\u00fcy\u00fckimi\u015f, Dedek\u00f6y, Do\u011fu, E\u011fin, G\u00f6lp\u0131nar, \u0130kinciler, Kotang\u00f6l\u00fc, K\u00f6mekavak, K\u00fclt\u00fcr, Muratl\u0131, \u00d6ren ve Sahilk\u00f6y mahalleleri proje alan\u0131 i\u00e7erisinde yer ald\u0131. \u00c7al\u0131\u015fmalar\u0131n, Devlet Su \u0130\u015fleri (DS\u0130) 9. B\u00f6lge M\u00fcd\u00fcrl\u00fc\u011f\u00fc taraf\u0131ndan 6200 say\u0131l\u0131 Devlet Su \u0130\u015fleri Genel M\u00fcd\u00fcrl\u00fc\u011f\u00fcnce Y\u00fcr\u00fct\u00fclen Hizmetler Hakk\u0131nda Kanun kapsam\u0131nda y\u00fcr\u00fct\u00fclece\u011fi, kamu yarar\u0131 g\u00f6zetilerek zorunlu arazi toplula\u015ft\u0131rma ve tarla i\u00e7i geli\u015ftirme hizmetlerinin uygulanaca\u011f\u0131 bildirildi. Proje kapsam\u0131nda, kriterlere uygun olmayan baz\u0131 alanlar\u0131n ise toplula\u015ft\u0131rma d\u0131\u015f\u0131nda b\u0131rak\u0131labilece\u011fi ifade edildi.<\/p>\n\n\n\n<p class=\"wp-block-paragraph\">Ak\u00e7ada\u011f Belediye Ba\u015fkan\u0131 Hasan Uluta\u015f, karar\u0131n il\u00e7eye \u00f6nemli katk\u0131lar sa\u011flayaca\u011f\u0131n\u0131 belirterek, &#8220;Resmi Gazete&#8217;de yay\u0131mlanan Cumhurba\u015fkan\u0131 Karar\u0131 ile il\u00e7emizdeki 16 mahallede arazi toplula\u015ft\u0131rmas\u0131 ve tarla i\u00e7i geli\u015ftirme hizmetleri uygulanacakt\u0131r. Bu karar\u0131n \u00fcreticilerimize ve hem\u015ferilerimize hay\u0131rl\u0131 olmas\u0131n\u0131 diliyorum&#8221; dedi<\/p>\n\n\n\n<p class=\"wp-block-paragraph\">Ba\u015fkan Uluta\u015f, desteklerinden dolay\u0131 Cumhurba\u015fkan\u0131 Recep Tayyip Erdo\u011fan&#8217;a te\u015fekk\u00fcr etti. &#8211; MALATYA<\/p>\n","protected":false},"excerpt":{"rendered":"<p>Malatya&#8217;n\u0131n Ak\u00e7ada\u011f il\u00e7esinde 16 mahalleyi kapsayan arazi toplula\u015ft\u0131rma ve tarla i\u00e7i geli\u015ftirme projesi Resmi Gazete&#8217;de&#8230;<\/p>\n","protected":false},"author":1,"featured_media":288,"comment_status":"open","ping_status":"open","sticky":false,"template":"","format":"standard","meta":{"footnotes":""},"categories":[23],"tags":[],"class_list":["post-287","post","type-post","status-publish","format-standard","has-post-thumbnail","hentry","category-akcadag"],"_links":{"self":[{"href":"https:\/\/gundem44.com.tr\/index.php?rest_route=\/wp\/v2\/posts\/287","targetHints":{"allow":["GET"]}}],"collection":[{"href":"https:\/\/gundem44.com.tr\/index.php?rest_route=\/wp\/v2\/posts"}],"about":[{"href":"https:\/\/gundem44.com.tr\/index.php?rest_route=\/wp\/v2\/types\/post"}],"author":[{"embeddable":true,"href":"https:\/\/gundem44.com.tr\/index.php?rest_route=\/wp\/v2\/users\/1"}],"replies":[{"embeddable":true,"href":"https:\/\/gundem44.com.tr\/index.php?rest_route=%2Fwp%2Fv2%2Fcomments&post=287"}],"version-history":[{"count":1,"href":"https:\/\/gundem44.com.tr\/index.php?rest_route=\/wp\/v2\/posts\/287\/revisions"}],"predecessor-version":[{"id":289,"href":"https:\/\/gundem44.com.tr\/index.php?rest_route=\/wp\/v2\/posts\/287\/revisions\/289"}],"wp:featuredmedia":[{"embeddable":true,"href":"https:\/\/gundem44.com.tr\/index.php?rest_route=\/wp\/v2\/media\/288"}],"wp:attachment":[{"href":"https:\/\/gundem44.com.tr\/index.php?rest_route=%2Fwp%2Fv2%2Fmedia&parent=287"}],"wp:term":[{"taxonomy":"category","embeddable":true,"href":"https:\/\/gundem44.com.tr\/index.php?rest_route=%2Fwp%2Fv2%2Fcategories&post=287"},{"taxonomy":"post_tag","embeddable":true,"href":"https:\/\/gundem44.com.tr\/index.php?rest_route=%2Fwp%2Fv2%2Ftags&post=287"}],"curies":[{"name":"wp","href":"https:\/\/api.w.org\/{rel}","templated":true}]}}