{"id":284,"date":"2026-06-07T11:30:00","date_gmt":"2026-06-07T11:30:00","guid":{"rendered":"https:\/\/gundem44.com.tr\/?p=284"},"modified":"2026-06-07T11:30:01","modified_gmt":"2026-06-07T11:30:01","slug":"malatyada-kadin-servis-soforu-takdir-topluyor","status":"publish","type":"post","link":"https:\/\/gundem44.com.tr\/?p=284","title":{"rendered":"Malatya&#8217;da Kad\u0131n Servis \u015eof\u00f6r\u00fc Takdir Topluyor"},"content":{"rendered":"\n<p class=\"wp-block-paragraph\">Aysel Ceylan, \u00f6\u011frenci servis \u015fof\u00f6rl\u00fc\u011f\u00fcnde g\u00f6sterdi\u011fi ba\u015far\u0131yla velilerin ve \u00f6\u011frencilerin sevgisini kazand\u0131.<\/p>\n\n\n\n<p class=\"wp-block-paragraph\"><a href=\"https:\/\/www.sondakika.com\/malatya\/\">Malatya<\/a>&#8216;da e\u015fine destek olmak amac\u0131yla direksiyon ba\u015f\u0131na ge\u00e7en Aysel Ceylan, \u00f6\u011frenci servis \u015fof\u00f6rl\u00fc\u011f\u00fcndeki ba\u015far\u0131s\u0131yla hem velilerin hem de \u00f6\u011frencilerin takdirini kazan\u0131yor.<\/p>\n\n\n\n<p class=\"wp-block-paragraph\">Malatya&#8217;da ya\u015fayan ve 25 y\u0131ld\u0131r ta\u015f\u0131mac\u0131l\u0131k sekt\u00f6r\u00fcnde faaliyet g\u00f6steren B\u00fclent Ceylan, i\u015flerinin b\u00fcy\u00fcmesiyle birlikte ikinci bir ara\u00e7 sat\u0131n ald\u0131. Artan i\u015f y\u00fck\u00fc nedeniyle e\u015fi Aysel Ceylan da direksiyon ba\u015f\u0131na ge\u00e7erek servis ta\u015f\u0131mac\u0131l\u0131\u011f\u0131 yapmaya ba\u015flad\u0131.<\/p>\n\n\n\n<p class=\"wp-block-paragraph\">&#8220;\u00d6\u011frencilerimin sevgisi beni motive ediyor&#8221;<\/p>\n\n\n\n<p class=\"wp-block-paragraph\">Yakla\u015f\u0131k iki y\u0131ld\u0131r servis \u015fof\u00f6rl\u00fc\u011f\u00fc yapan Aysel Ceylan, son bir y\u0131ld\u0131r ise aktif olarak \u00f6\u011frenci ta\u015f\u0131mac\u0131l\u0131\u011f\u0131 ger\u00e7ekle\u015ftiriyor. K\u0131sa s\u00fcrede \u00f6\u011frenciler ve veliler taraf\u0131ndan sevilen bir isim haline gelen Ceylan, mesle\u011fini severek yapt\u0131\u011f\u0131n\u0131 belirterek \u00f6\u011frencilerle kurdu\u011fu ba\u011f\u0131n kendisini motive etti\u011fini ifade etti. Velilerden ve \u00f6\u011frencilerden olumlu geri d\u00f6n\u00fc\u015fler ald\u0131\u011f\u0131n\u0131 aktaran Ceylan, &#8220;\u00d6\u011frencilerimi \u00e7ok seviyorum, onlar da beni seviyor. Okul \u00e7\u0131k\u0131\u015flar\u0131nda \u00f6\u011frencilerimin \u015fof\u00f6r\u00fcm\u00fcz kad\u0131nm\u0131\u015f ne kadar \u015fansl\u0131s\u0131n\u0131z \u015feklindeki s\u00f6zleri beni \u00e7ok mutlu ediyor. Bu i\u015fi yapabildi\u011fimi g\u00f6rmek bana gurur veriyor&#8221; dedi.<\/p>\n\n\n\n<p class=\"wp-block-paragraph\">&#8220;\u0130\u015fin cinsiyeti olmamal\u0131&#8221;<\/p>\n\n\n\n<p class=\"wp-block-paragraph\">Kad\u0131nlar\u0131n her alanda ba\u015far\u0131l\u0131 olabilece\u011fini kaydeden Ceylan, i\u015flerin kad\u0131n ya da erkek i\u015fi olarak ayr\u0131lmamas\u0131 gerekti\u011fini belirterek, &#8220;E\u015fim bana her zaman g\u00fcvendi. Bu g\u00fcven bana g\u00fc\u00e7 verdi. K\u00f6yde de e\u015fime destek oluyor, trakt\u00f6r kullan\u0131yorum. Trafikte ve g\u00fcnl\u00fck ya\u015famda \u00e7ok g\u00fczel tepkiler al\u0131yorum. Yolda beni g\u00f6ren kad\u0131nlar\u0131n alk\u0131\u015flamas\u0131 beni mutlu ediyor. T\u00fcm kad\u0131nlar\u0131n istedikleri i\u015fi ba\u015farabileceklerine inan\u0131yorum&#8221; ifadelerini kulland\u0131.<\/p>\n\n\n\n<p class=\"wp-block-paragraph\">&#8220;Veliler e\u015fimden daha memnun&#8221;<\/p>\n\n\n\n<p class=\"wp-block-paragraph\">E\u015finin kendisine b\u00fcy\u00fck destek verdi\u011fini belirten B\u00fclent Ceylan ise ilk zamanlarda baz\u0131 \u00f6nyarg\u0131larla kar\u015f\u0131la\u015ft\u0131klar\u0131n\u0131 ancak zamanla bu durumun de\u011fi\u015fti\u011fini ifade etti. \u0130\u015flerin b\u00fcy\u00fcmesiyle ikinci arac\u0131 ald\u0131klar\u0131n\u0131 belirten B\u00fclent Ceylan, &#8220;E\u015fim bana destek olmak amac\u0131yla direksiyon ba\u015f\u0131na ge\u00e7ti. \u0130lk ba\u015flarda baz\u0131 insanlar\u0131n \u00f6nyarg\u0131lar\u0131 vard\u0131 ancak zamanla herkes al\u0131\u015ft\u0131. \u015eu an velilerimiz ve okul y\u00f6neticilerimiz e\u015fimden olduk\u00e7a memnun. Birbirimize destek olarak \u00e7al\u0131\u015fmaya devam ediyoruz&#8221; diye konu\u015ftu &#8211; MALATYA<\/p>\n","protected":false},"excerpt":{"rendered":"<p>Aysel Ceylan, \u00f6\u011frenci servis \u015fof\u00f6rl\u00fc\u011f\u00fcnde g\u00f6sterdi\u011fi ba\u015far\u0131yla velilerin ve \u00f6\u011frencilerin sevgisini kazand\u0131. Malatya&#8216;da e\u015fine destek&#8230;<\/p>\n","protected":false},"author":1,"featured_media":285,"comment_status":"open","ping_status":"open","sticky":false,"template":"","format":"standard","meta":{"footnotes":""},"categories":[1],"tags":[],"class_list":["post-284","post","type-post","status-publish","format-standard","has-post-thumbnail","hentry","category-malatya-gundemi"],"_links":{"self":[{"href":"https:\/\/gundem44.com.tr\/index.php?rest_route=\/wp\/v2\/posts\/284","targetHints":{"allow":["GET"]}}],"collection":[{"href":"https:\/\/gundem44.com.tr\/index.php?rest_route=\/wp\/v2\/posts"}],"about":[{"href":"https:\/\/gundem44.com.tr\/index.php?rest_route=\/wp\/v2\/types\/post"}],"author":[{"embeddable":true,"href":"https:\/\/gundem44.com.tr\/index.php?rest_route=\/wp\/v2\/users\/1"}],"replies":[{"embeddable":true,"href":"https:\/\/gundem44.com.tr\/index.php?rest_route=%2Fwp%2Fv2%2Fcomments&post=284"}],"version-history":[{"count":1,"href":"https:\/\/gundem44.com.tr\/index.php?rest_route=\/wp\/v2\/posts\/284\/revisions"}],"predecessor-version":[{"id":286,"href":"https:\/\/gundem44.com.tr\/index.php?rest_route=\/wp\/v2\/posts\/284\/revisions\/286"}],"wp:featuredmedia":[{"embeddable":true,"href":"https:\/\/gundem44.com.tr\/index.php?rest_route=\/wp\/v2\/media\/285"}],"wp:attachment":[{"href":"https:\/\/gundem44.com.tr\/index.php?rest_route=%2Fwp%2Fv2%2Fmedia&parent=284"}],"wp:term":[{"taxonomy":"category","embeddable":true,"href":"https:\/\/gundem44.com.tr\/index.php?rest_route=%2Fwp%2Fv2%2Fcategories&post=284"},{"taxonomy":"post_tag","embeddable":true,"href":"https:\/\/gundem44.com.tr\/index.php?rest_route=%2Fwp%2Fv2%2Ftags&post=284"}],"curies":[{"name":"wp","href":"https:\/\/api.w.org\/{rel}","templated":true}]}}