{"id":281,"date":"2026-06-07T11:28:44","date_gmt":"2026-06-07T11:28:44","guid":{"rendered":"https:\/\/gundem44.com.tr\/?p=281"},"modified":"2026-06-07T11:28:44","modified_gmt":"2026-06-07T11:28:44","slug":"yazla-yayla-yolculugu-basladi","status":"publish","type":"post","link":"https:\/\/gundem44.com.tr\/?p=281","title":{"rendered":"Yazla Yayla Yolculu\u011fu Ba\u015flad\u0131"},"content":{"rendered":"\n<p class=\"wp-block-paragraph\">Malatya&#8217;da k\u00fc\u00e7\u00fckba\u015f hayvanlar\u0131n yayla yolculu\u011fu ba\u015flad\u0131, yollar\u0131n a\u00e7\u0131lmas\u0131n\u0131 istiyorlar.<\/p>\n\n\n\n<p class=\"wp-block-paragraph\">MALATYA&#8217;da yaz mevsimi ile birlikte k\u00fc\u00e7\u00fckba\u015f hayvanlar\u0131n yayla yolculu\u011fu ba\u015flad\u0131.&nbsp;<a href=\"https:\/\/www.sondakika.com\/malatya\/\">Malatya<\/a>&nbsp;Tar\u0131m Platformu Ba\u015fkan\u0131 \u0130hsan Ak\u0131n, &#8220;Ara\u00e7 ve hayvanlar\u0131n yol g\u00fczergahlar\u0131n\u0131n a\u00e7\u0131lmas\u0131n\u0131 istiyoruz&#8221; dedi.<\/p>\n\n\n\n<p class=\"wp-block-paragraph\">Kentte il\u00e7elerde ve merkezi b\u00f6lgelerde k\u00fc\u00e7\u00fckba\u015f yeti\u015ftiricili\u011fi yapanlar, her y\u0131l oldu\u011fu gibi bu y\u0131lda yayla mesaisine ba\u015flad\u0131. Yakla\u015f\u0131k 2 bin rak\u0131ml\u0131 Hekimhan il\u00e7esine ba\u011fl\u0131 Sar\u0131\u00e7i\u00e7ek Yaylas\u0131, yeti\u015ftiricilerin bu s\u00fcre\u00e7te en \u00e7ok tercih etti\u011fi b\u00f6lge olurken; bu y\u0131l ya\u011f\u0131\u015flar\u0131n uzun s\u00fcrmesi nedeni ile yayla yolculu\u011fu gecikti.<\/p>\n\n\n\n<p class=\"wp-block-paragraph\">&#8216;ZORLU B\u0130R KI\u015e SEZONU GE\u00c7\u0130RD\u0130K&#8217;<\/p>\n\n\n\n<p class=\"wp-block-paragraph\">Malatya Tar\u0131m Platformu Ba\u015fkan\u0131 \u0130hsan Ak\u0131n, zorlu s\u00fcre\u00e7te \u00e7obanlar\u0131n ve yeti\u015ftiricilerin ya\u015fad\u0131\u011f\u0131 zorluklar\u0131 anlatarak, &#8220;Ara\u00e7 ve hayvanlar\u0131n yol g\u00fczergahlar\u0131n\u0131n a\u00e7\u0131lmas\u0131n\u0131 istiyoruz. Zorlu bir k\u0131\u015f sezonu ge\u00e7irdik. Bu nedenle kapanan yollar olabiliyor. Bu da hem yeti\u015ftiricilerimizi hem de \u00e7obanlar\u0131m\u0131z\u0131 olduk\u00e7a zorluyor. Yeti\u015ftiricilerimiz yakla\u015f\u0131k 5-6 ay Sar\u0131\u00e7i\u00e7ek Yaylas\u0131&#8217;nda kalacaklar. K\u00fc\u00e7\u00fckba\u015flar\u0131 yaylalarda, meralarda otlatan yeti\u015ftiricilerimiz bu s\u00fcre zarf\u0131nda hayvanlar\u0131n\u0131n sa\u011f\u0131mlar\u0131n\u0131 yap\u0131p gerekli bak\u0131mlar\u0131n\u0131 da yapt\u0131ktan sonra tekrar mahallelerine ve k\u00f6ylerine d\u00f6n\u00fcyorlar&#8221; dedi.<\/p>\n\n\n\n<p class=\"wp-block-paragraph\">\u00c7OBANLARA 150 B\u0130N TL MAA\u015e<\/p>\n\n\n\n<p class=\"wp-block-paragraph\">Arguvan il\u00e7esi G\u00fcm\u00fc\u015fl\u00fc Mahallesi&#8217;nde ikamet eden yeti\u015ftirici Muharrem Ko\u00e7da\u011f, &#8220;Babam, k\u00fc\u00e7\u00fckba\u015f hayvanc\u0131l\u0131\u011f\u0131n\u0131 \u00e7ok k\u00fc\u00e7\u00fck \u00e7apl\u0131 yap\u0131yordu. Ben Tar\u0131m ve K\u0131rsal Kalk\u0131nmay\u0131 Destekleme Kurumu&#8217;na (TKDK) ba\u015fvurarak i\u015fletmemi b\u00fcy\u00fctt\u00fcm. \u015eu an yayla s\u00fcrecimiz ba\u015flad\u0131. Yaylaya \u00e7\u0131kmadan \u00f6nce hayvanlar\u0131m\u0131z\u0131n a\u015f\u0131lar\u0131n\u0131 yap\u0131yoruz. \u00c7obanlar\u0131m\u0131z\u0131n kalacak yerleri ile \u00e7ad\u0131rlar\u0131 kurup, uygun zemini haz\u0131rlad\u0131ktan sonra hayvanlar\u0131m\u0131z\u0131 TIR&#8217;lara y\u00fckleyerek yaylaya do\u011fru hareket ediyoruz. \u015eu an 3 bin 500&#8217;\u00fcn \u00fczerinde ana\u00e7 hayvan\u0131m var. Kuzular ile birlikte bu rakam 5 bine yak\u0131n oluyor. Biz \u00e7obanlar\u0131 baz\u0131lar\u0131 k\u00fc\u00e7\u00fcms\u00fcyor. Asl\u0131nda \u00e7obanlar, bir memurdan, emekliden daha fazla kazan\u0131yor. Gen\u00e7lerimiz tar\u0131ma y\u00f6nelmedi\u011fi i\u00e7in maalesef d\u0131\u015far\u0131dan \u00e7oban tutmak zorunda kal\u0131yoruz. \u015eu an sa\u011f\u0131m \u00e7obanlar\u0131m\u0131za 150 bin TL maa\u015f verirken; d\u0131\u015far\u0131dan getirdi\u011fimiz Afgan \u00e7obanlar\u0131m\u0131za 100 bin TL maa\u015f veriyorum&#8221; diye konu\u015ftu.<\/p>\n","protected":false},"excerpt":{"rendered":"<p>Malatya&#8217;da k\u00fc\u00e7\u00fckba\u015f hayvanlar\u0131n yayla yolculu\u011fu ba\u015flad\u0131, yollar\u0131n a\u00e7\u0131lmas\u0131n\u0131 istiyorlar. MALATYA&#8217;da yaz mevsimi ile birlikte k\u00fc\u00e7\u00fckba\u015f&#8230;<\/p>\n","protected":false},"author":1,"featured_media":282,"comment_status":"open","ping_status":"open","sticky":false,"template":"","format":"standard","meta":{"footnotes":""},"categories":[1],"tags":[],"class_list":["post-281","post","type-post","status-publish","format-standard","has-post-thumbnail","hentry","category-malatya-gundemi"],"_links":{"self":[{"href":"https:\/\/gundem44.com.tr\/index.php?rest_route=\/wp\/v2\/posts\/281","targetHints":{"allow":["GET"]}}],"collection":[{"href":"https:\/\/gundem44.com.tr\/index.php?rest_route=\/wp\/v2\/posts"}],"about":[{"href":"https:\/\/gundem44.com.tr\/index.php?rest_route=\/wp\/v2\/types\/post"}],"author":[{"embeddable":true,"href":"https:\/\/gundem44.com.tr\/index.php?rest_route=\/wp\/v2\/users\/1"}],"replies":[{"embeddable":true,"href":"https:\/\/gundem44.com.tr\/index.php?rest_route=%2Fwp%2Fv2%2Fcomments&post=281"}],"version-history":[{"count":1,"href":"https:\/\/gundem44.com.tr\/index.php?rest_route=\/wp\/v2\/posts\/281\/revisions"}],"predecessor-version":[{"id":283,"href":"https:\/\/gundem44.com.tr\/index.php?rest_route=\/wp\/v2\/posts\/281\/revisions\/283"}],"wp:featuredmedia":[{"embeddable":true,"href":"https:\/\/gundem44.com.tr\/index.php?rest_route=\/wp\/v2\/media\/282"}],"wp:attachment":[{"href":"https:\/\/gundem44.com.tr\/index.php?rest_route=%2Fwp%2Fv2%2Fmedia&parent=281"}],"wp:term":[{"taxonomy":"category","embeddable":true,"href":"https:\/\/gundem44.com.tr\/index.php?rest_route=%2Fwp%2Fv2%2Fcategories&post=281"},{"taxonomy":"post_tag","embeddable":true,"href":"https:\/\/gundem44.com.tr\/index.php?rest_route=%2Fwp%2Fv2%2Ftags&post=281"}],"curies":[{"name":"wp","href":"https:\/\/api.w.org\/{rel}","templated":true}]}}