{"id":278,"date":"2026-06-07T11:27:24","date_gmt":"2026-06-07T11:27:24","guid":{"rendered":"https:\/\/gundem44.com.tr\/?p=278"},"modified":"2026-06-07T11:27:25","modified_gmt":"2026-06-07T11:27:25","slug":"tcddden-otla-mucadele-ilaclama-uyarisi","status":"publish","type":"post","link":"https:\/\/gundem44.com.tr\/?p=278","title":{"rendered":"TCDD&#8217;den Otla M\u00fccadele \u0130la\u00e7lama Uyar\u0131s\u0131"},"content":{"rendered":"\n<p class=\"wp-block-paragraph\">TCDD, Malatya, Diyarbak\u0131r ve Van&#8217;da kimyasal ila\u00e7lama yapacak. Vatanda\u015flar dikkatli olmal\u0131.<\/p>\n\n\n\n<p class=\"wp-block-paragraph\">T\u00fcrkiye Cumhuriyeti Devlet Demiryollar\u0131 (TCDD) taraf\u0131ndan&nbsp;<a href=\"https:\/\/www.sondakika.com\/malatya\/\">Malatya<\/a>,&nbsp;<a href=\"https:\/\/www.sondakika.com\/diyarbakir\/\">Diyarbak\u0131r<\/a>, Tatvan ve&nbsp;<a href=\"https:\/\/www.sondakika.com\/van\/\">Van<\/a>&nbsp;g\u00fczergahlar\u0131n\u0131 kapsayan demiryolu hatlar\u0131nda otla m\u00fccadele kapsam\u0131nda kimyasal ila\u00e7lama \u00e7al\u0131\u015fmas\u0131 yap\u0131laca\u011f\u0131 bildirildi.<\/p>\n\n\n\n<p class=\"wp-block-paragraph\">TCDD yetkililerinden yap\u0131lan a\u00e7\u0131klamada, demiryolu altyap\u0131 ve \u00fcstyap\u0131 bile\u015fenlerinin korunmas\u0131, tren trafi\u011finin g\u00fcvenli \u015fekilde s\u00fcrd\u00fcr\u00fclmesi, hatta kurulu elektrikli ve elektronik sistemlerde meydana gelebilecek ar\u0131zalar\u0131n \u00f6nlenmesi ve tren trafi\u011fine ba\u011fl\u0131 yang\u0131n riskinin azalt\u0131lmas\u0131 amac\u0131yla ila\u00e7lama \u00e7al\u0131\u015fmalar\u0131n\u0131n ger\u00e7ekle\u015ftirilece\u011fi belirtildi.<\/p>\n\n\n\n<p class=\"wp-block-paragraph\">8 Haziran 2026 tarihinde ba\u015flayacak \u00e7al\u0131\u015fmalar kapsam\u0131nda Malatya-Narl\u0131, Malatya-Kurtalan, Diyarbak\u0131r-Maz\u0131da\u011f\u0131, Yol\u00e7at\u0131-Tatvan, Malatya-\u00c7etinkaya ve Van-Kap\u0131k\u00f6y hat kesimlerinde belirlenen program do\u011frultusunda ila\u00e7lama yap\u0131lacak.<\/p>\n\n\n\n<p class=\"wp-block-paragraph\">Yetkililer, kullan\u0131lan kimyasal ila\u00e7lar\u0131n insan ve hayvan sa\u011fl\u0131\u011f\u0131 a\u00e7\u0131s\u0131ndan tehlike olu\u015fturabilece\u011fine dikkat \u00e7ekerek, vatanda\u015flar\u0131n ila\u00e7lama yap\u0131lan demiryolu g\u00fczergahlar\u0131 ve istasyon \u00e7evrelerinde dikkatli olmalar\u0131n\u0131 istedi.<\/p>\n\n\n\n<p class=\"wp-block-paragraph\">A\u00e7\u0131klamada, ila\u00e7lama tarihinden itibaren 14 g\u00fcn boyunca vatanda\u015flar\u0131n ila\u00e7lanan sahalara yakla\u015fmamalar\u0131, hayvanlar\u0131n\u0131 bu b\u00f6lgelerde otlatmamalar\u0131, ot hasad\u0131 yapmamalar\u0131 ve ar\u0131c\u0131l\u0131k faaliyetlerinde bulunmamalar\u0131n\u0131n b\u00fcy\u00fck \u00f6nem ta\u015f\u0131d\u0131\u011f\u0131 vurguland\u0131.<\/p>\n\n\n\n<p class=\"wp-block-paragraph\">\u0130la\u00e7lama program\u0131na g\u00f6re \u00e7al\u0131\u015fmalar 8 Haziran&#8217;da Malatya Gar ve M\u00fcselles sahas\u0131nda ba\u015flayacak. Ard\u0131ndan Malatya-Diyarbak\u0131r, Diyarbak\u0131r-Kurtalan, Yol\u00e7at\u0131-Tatvan ve Van-Kap\u0131k\u00f6y hatlar\u0131nda etaplar halinde s\u00fcrd\u00fcr\u00fclecek \u00e7al\u0131\u015fmalar\u0131n 30 Haziran 2026 tarihinde tamamlanmas\u0131 planlan\u0131yor.<\/p>\n\n\n\n<p class=\"wp-block-paragraph\">TCDD, can ve mal g\u00fcvenli\u011fi a\u00e7\u0131s\u0131ndan vatanda\u015flar\u0131n ila\u00e7lama yap\u0131lan alanlardan uzak durmalar\u0131 konusunda uyar\u0131da bulundu. &#8211; B\u0130TL\u0130S<\/p>\n","protected":false},"excerpt":{"rendered":"<p>TCDD, Malatya, Diyarbak\u0131r ve Van&#8217;da kimyasal ila\u00e7lama yapacak. Vatanda\u015flar dikkatli olmal\u0131. T\u00fcrkiye Cumhuriyeti Devlet Demiryollar\u0131&#8230;<\/p>\n","protected":false},"author":1,"featured_media":279,"comment_status":"open","ping_status":"open","sticky":false,"template":"","format":"standard","meta":{"footnotes":""},"categories":[1],"tags":[],"class_list":["post-278","post","type-post","status-publish","format-standard","has-post-thumbnail","hentry","category-malatya-gundemi"],"_links":{"self":[{"href":"https:\/\/gundem44.com.tr\/index.php?rest_route=\/wp\/v2\/posts\/278","targetHints":{"allow":["GET"]}}],"collection":[{"href":"https:\/\/gundem44.com.tr\/index.php?rest_route=\/wp\/v2\/posts"}],"about":[{"href":"https:\/\/gundem44.com.tr\/index.php?rest_route=\/wp\/v2\/types\/post"}],"author":[{"embeddable":true,"href":"https:\/\/gundem44.com.tr\/index.php?rest_route=\/wp\/v2\/users\/1"}],"replies":[{"embeddable":true,"href":"https:\/\/gundem44.com.tr\/index.php?rest_route=%2Fwp%2Fv2%2Fcomments&post=278"}],"version-history":[{"count":1,"href":"https:\/\/gundem44.com.tr\/index.php?rest_route=\/wp\/v2\/posts\/278\/revisions"}],"predecessor-version":[{"id":280,"href":"https:\/\/gundem44.com.tr\/index.php?rest_route=\/wp\/v2\/posts\/278\/revisions\/280"}],"wp:featuredmedia":[{"embeddable":true,"href":"https:\/\/gundem44.com.tr\/index.php?rest_route=\/wp\/v2\/media\/279"}],"wp:attachment":[{"href":"https:\/\/gundem44.com.tr\/index.php?rest_route=%2Fwp%2Fv2%2Fmedia&parent=278"}],"wp:term":[{"taxonomy":"category","embeddable":true,"href":"https:\/\/gundem44.com.tr\/index.php?rest_route=%2Fwp%2Fv2%2Fcategories&post=278"},{"taxonomy":"post_tag","embeddable":true,"href":"https:\/\/gundem44.com.tr\/index.php?rest_route=%2Fwp%2Fv2%2Ftags&post=278"}],"curies":[{"name":"wp","href":"https:\/\/api.w.org\/{rel}","templated":true}]}}