{"id":275,"date":"2026-06-07T11:26:10","date_gmt":"2026-06-07T11:26:10","guid":{"rendered":"https:\/\/gundem44.com.tr\/?p=275"},"modified":"2026-06-07T11:26:10","modified_gmt":"2026-06-07T11:26:10","slug":"malatyada-95-cift-06-06-2026da-evlendi","status":"publish","type":"post","link":"https:\/\/gundem44.com.tr\/?p=275","title":{"rendered":"Malatya&#8217;da 95 \u00c7ift 06.06.2026&#8217;da Evlendi"},"content":{"rendered":"\n<p class=\"wp-block-paragraph\">Malatya&#8217;da, 06.06.2026 tarihini tercih eden 95 \u00e7ift, nikah salonlar\u0131nda yeni hayatlar\u0131na &#8216;evet&#8217; dedi.<\/p>\n\n\n\n<p class=\"wp-block-paragraph\">MALATYA&#8217;da, &#8216;06.06.2026&#8217; tarihini tercih eden 95 \u00e7ift, nikah salonlar\u0131nda yeni hayatlar\u0131na &#8216;evet&#8217; dedi.<\/p>\n\n\n\n<p class=\"wp-block-paragraph\">Ak\u0131llarda kal\u0131c\u0131 olan tarihler aras\u0131nda yer alan 06.06.2026&#8217;da evlenmek istyenler, t\u00fcm T\u00fcrkiye&#8217;de oldu\u011fu gibi&nbsp;<a href=\"https:\/\/www.sondakika.com\/malatya\/\">Malatya<\/a>&#8216;da da nikah salonlar\u0131nda yo\u011funluk g\u00f6r\u00fcld\u00fc. Kent genelinde bug\u00fcn evlenmeyi tercih eden toplam 95 \u00e7iftin nikah\u0131 k\u0131y\u0131ld\u0131.<\/p>\n\n\n\n<p class=\"wp-block-paragraph\">Ye\u015filyurt Belediyesi Aile ve Kad\u0131n Hizmetleri B\u00f6l\u00fcm\u00fc&#8217;nde yer alan nikah dairesinde, nikahlar\u0131 k\u0131y\u0131lan Eylem Sever ve Serdar Bing\u00f6l, bu tarihte s\u0131ra bulabilmek ad\u0131na olduk\u00e7a zorland\u0131klar\u0131n\u0131 ve 06.06.2026&#8217;da nikahlar\u0131 k\u0131y\u0131ld\u0131\u011f\u0131 i\u00e7in mutlu olduklar\u0131n\u0131 belirtti.<\/p>\n\n\n\n<p class=\"wp-block-paragraph\">10 y\u0131ll\u0131k birlikteliklerini bu \u00f6zel g\u00fcnde nikahla ta\u00e7land\u0131ran G\u00f6zde G\u00fcl\u015fen ve Ali Furkan Erdal ise bu tarihte evlenmenin hayalleri oldu\u011funu s\u00f6yledi. \u00c7ift, evlenen t\u00fcm \u00e7iftlere de mutluluklar diledi.<\/p>\n\n\n\n<p class=\"wp-block-paragraph\">&#8216;ANLAMLI B\u0130R TAR\u0130H&#8217;<\/p>\n\n\n\n<p class=\"wp-block-paragraph\">Ye\u015filyurt Belediye Ba\u015fkan\u0131 \u0130lhan Ge\u00e7it, Ye\u015filyurt il\u00e7esi s\u0131n\u0131rlar\u0131nda 30 \u00e7iftin nikah akdinin yap\u0131ld\u0131\u011f\u0131n\u0131 ifade ederek, &#8220;Bug\u00fcn 06.06.2026, bu tarih belki s\u0131radan bir tarih olabilir ama evlenmek isteyen \u00e7iftlerimiz i\u00e7in ayr\u0131 bir anlam ifade ediyor. Onlar mutluluklar\u0131n\u0131 bug\u00fcn bir vesika alt\u0131na almak istediler. Bizler de belediye olarak 30 \u00e7iftimize bu imkan\u0131 tan\u0131d\u0131k. Hafta sonunu yo\u011fun bir mesai ile \u00e7al\u0131\u015farak \u00e7iftlerimizin nikahlar\u0131na imkan tan\u0131d\u0131k. Say\u0131n Cumhurba\u015fkan\u0131m\u0131z Recep Tayip Erdo\u011fan, 2025 y\u0131l\u0131n\u0131 &#8216;Aile Y\u0131l\u0131&#8217; olarak ilan etmi\u015fti. Biz de o \u00e7er\u00e7evede \u00e7ok \u00f6nemli \u00e7al\u0131\u015fmalar yapt\u0131k. \u00d6n\u00fcm\u00fczdeki 10 y\u0131l da &#8216;Aile Y\u0131l\u0131&#8217; olarak devam edecek. Bizler de aileyi g\u00fc\u00e7lendirmek i\u00e7in bu \u00e7al\u0131\u015fmalar\u0131m\u0131z\u0131 artt\u0131raca\u011f\u0131z&#8221; ifadelerini kulland\u0131.<\/p>\n\n\n\n<p class=\"wp-block-paragraph\">\u00d6zel g\u00fcnde k\u0131y\u0131lan nikahlar\u0131 sonras\u0131 mutluluklar\u0131n\u0131 ifade eden \u00e7iftler, hat\u0131ra foto\u011fraflar\u0131 \u00e7ektirip tebrikleri kabul etti.<\/p>\n","protected":false},"excerpt":{"rendered":"<p>Malatya&#8217;da, 06.06.2026 tarihini tercih eden 95 \u00e7ift, nikah salonlar\u0131nda yeni hayatlar\u0131na &#8216;evet&#8217; dedi. MALATYA&#8217;da, &#8216;06.06.2026&#8217;&#8230;<\/p>\n","protected":false},"author":1,"featured_media":276,"comment_status":"open","ping_status":"open","sticky":false,"template":"","format":"standard","meta":{"footnotes":""},"categories":[1],"tags":[],"class_list":["post-275","post","type-post","status-publish","format-standard","has-post-thumbnail","hentry","category-malatya-gundemi"],"_links":{"self":[{"href":"https:\/\/gundem44.com.tr\/index.php?rest_route=\/wp\/v2\/posts\/275","targetHints":{"allow":["GET"]}}],"collection":[{"href":"https:\/\/gundem44.com.tr\/index.php?rest_route=\/wp\/v2\/posts"}],"about":[{"href":"https:\/\/gundem44.com.tr\/index.php?rest_route=\/wp\/v2\/types\/post"}],"author":[{"embeddable":true,"href":"https:\/\/gundem44.com.tr\/index.php?rest_route=\/wp\/v2\/users\/1"}],"replies":[{"embeddable":true,"href":"https:\/\/gundem44.com.tr\/index.php?rest_route=%2Fwp%2Fv2%2Fcomments&post=275"}],"version-history":[{"count":1,"href":"https:\/\/gundem44.com.tr\/index.php?rest_route=\/wp\/v2\/posts\/275\/revisions"}],"predecessor-version":[{"id":277,"href":"https:\/\/gundem44.com.tr\/index.php?rest_route=\/wp\/v2\/posts\/275\/revisions\/277"}],"wp:featuredmedia":[{"embeddable":true,"href":"https:\/\/gundem44.com.tr\/index.php?rest_route=\/wp\/v2\/media\/276"}],"wp:attachment":[{"href":"https:\/\/gundem44.com.tr\/index.php?rest_route=%2Fwp%2Fv2%2Fmedia&parent=275"}],"wp:term":[{"taxonomy":"category","embeddable":true,"href":"https:\/\/gundem44.com.tr\/index.php?rest_route=%2Fwp%2Fv2%2Fcategories&post=275"},{"taxonomy":"post_tag","embeddable":true,"href":"https:\/\/gundem44.com.tr\/index.php?rest_route=%2Fwp%2Fv2%2Ftags&post=275"}],"curies":[{"name":"wp","href":"https:\/\/api.w.org\/{rel}","templated":true}]}}