{"id":251,"date":"2026-06-06T04:59:36","date_gmt":"2026-06-06T04:59:36","guid":{"rendered":"https:\/\/gundem44.com.tr\/?p=251"},"modified":"2026-06-06T04:59:36","modified_gmt":"2026-06-06T04:59:36","slug":"malatyada-ceza-infaz-personel-gunu-kutlandi","status":"publish","type":"post","link":"https:\/\/gundem44.com.tr\/?p=251","title":{"rendered":"Malatya&#8217;da Ceza \u0130nfaz Personel G\u00fcn\u00fc Kutland\u0131"},"content":{"rendered":"\n<p class=\"wp-block-paragraph\">Malatya&#8217;da Ceza \u0130nfaz Personel G\u00fcn\u00fc nedeniyle program d\u00fczenlendi, ba\u015far\u0131lar \u00f6d\u00fcllendirildi.<\/p>\n\n\n\n<p class=\"wp-block-paragraph\"><a href=\"https:\/\/www.sondakika.com\/malatya\/\">Malatya<\/a>&#8216;da 6 Haziran Ceza \u0130nfaz Personel G\u00fcn\u00fc dolay\u0131s\u0131yla program d\u00fczenlendi.<\/p>\n\n\n\n<p class=\"wp-block-paragraph\">Malatya Denetimli Serbestlik M\u00fcd\u00fcrl\u00fc\u011f\u00fcnde ger\u00e7ekle\u015ftirilen program, sayg\u0131 duru\u015funda bulunulmas\u0131 ve \u0130stiklal Mar\u015f\u0131&#8217;n\u0131n okunmas\u0131yla ba\u015flad\u0131.<\/p>\n\n\n\n<p class=\"wp-block-paragraph\">Malatya Cumhuriyet Ba\u015fsavc\u0131s\u0131 \u00d6mer Mete, ceza infaz ve denetimli serbestlik hizmetlerinin adalet sisteminin \u00f6nemli bir par\u00e7as\u0131 oldu\u011funu s\u00f6yledi.<\/p>\n\n\n\n<p class=\"wp-block-paragraph\">Personelin g\u00fcn\u00fcn\u00fc kutlayan Mete, &#8220;Ceza infaz ve denetimli serbestlik te\u015fkilat\u0131n\u0131n toplumsal huzurun sa\u011flanmas\u0131, bireylerin topluma yeniden kazand\u0131r\u0131lmas\u0131 ve adalet hizmetlerinin etkin \u015fekilde y\u00fcr\u00fct\u00fclmesinde \u00f6nemli g\u00f6revler \u00fcstleniyor. Personelin g\u00f6stermi\u015f oldu\u011fu gayret ve fedakarl\u0131klar takdire \u015fayand\u0131r.&#8221; dedi.<\/p>\n\n\n\n<p class=\"wp-block-paragraph\">Konu\u015fmalar\u0131n ard\u0131ndan \u00e7e\u015fitli hediyeler takdim edildi.<\/p>\n\n\n\n<p class=\"wp-block-paragraph\">Programa, Cumhuriyet Ba\u015fsavc\u0131 Vekili Mehmet Arif Turfand, Ceza \u0130nfaz Kurumlar\u0131ndan Sorumlu Cumhuriyet Savc\u0131s\u0131 Abdulcemal Do\u011fan ve personeller kat\u0131ld\u0131.<\/p>\n","protected":false},"excerpt":{"rendered":"<p>Malatya&#8217;da Ceza \u0130nfaz Personel G\u00fcn\u00fc nedeniyle program d\u00fczenlendi, ba\u015far\u0131lar \u00f6d\u00fcllendirildi. Malatya&#8216;da 6 Haziran Ceza \u0130nfaz&#8230;<\/p>\n","protected":false},"author":1,"featured_media":252,"comment_status":"open","ping_status":"open","sticky":false,"template":"","format":"standard","meta":{"footnotes":""},"categories":[1],"tags":[],"class_list":["post-251","post","type-post","status-publish","format-standard","has-post-thumbnail","hentry","category-malatya-gundemi"],"_links":{"self":[{"href":"https:\/\/gundem44.com.tr\/index.php?rest_route=\/wp\/v2\/posts\/251","targetHints":{"allow":["GET"]}}],"collection":[{"href":"https:\/\/gundem44.com.tr\/index.php?rest_route=\/wp\/v2\/posts"}],"about":[{"href":"https:\/\/gundem44.com.tr\/index.php?rest_route=\/wp\/v2\/types\/post"}],"author":[{"embeddable":true,"href":"https:\/\/gundem44.com.tr\/index.php?rest_route=\/wp\/v2\/users\/1"}],"replies":[{"embeddable":true,"href":"https:\/\/gundem44.com.tr\/index.php?rest_route=%2Fwp%2Fv2%2Fcomments&post=251"}],"version-history":[{"count":1,"href":"https:\/\/gundem44.com.tr\/index.php?rest_route=\/wp\/v2\/posts\/251\/revisions"}],"predecessor-version":[{"id":253,"href":"https:\/\/gundem44.com.tr\/index.php?rest_route=\/wp\/v2\/posts\/251\/revisions\/253"}],"wp:featuredmedia":[{"embeddable":true,"href":"https:\/\/gundem44.com.tr\/index.php?rest_route=\/wp\/v2\/media\/252"}],"wp:attachment":[{"href":"https:\/\/gundem44.com.tr\/index.php?rest_route=%2Fwp%2Fv2%2Fmedia&parent=251"}],"wp:term":[{"taxonomy":"category","embeddable":true,"href":"https:\/\/gundem44.com.tr\/index.php?rest_route=%2Fwp%2Fv2%2Fcategories&post=251"},{"taxonomy":"post_tag","embeddable":true,"href":"https:\/\/gundem44.com.tr\/index.php?rest_route=%2Fwp%2Fv2%2Ftags&post=251"}],"curies":[{"name":"wp","href":"https:\/\/api.w.org\/{rel}","templated":true}]}}