{"id":248,"date":"2026-06-06T04:58:14","date_gmt":"2026-06-06T04:58:14","guid":{"rendered":"https:\/\/gundem44.com.tr\/?p=248"},"modified":"2026-06-06T04:58:14","modified_gmt":"2026-06-06T04:58:14","slug":"ozturkler-rumlar-adayi-yonetmek-istiyor","status":"publish","type":"post","link":"https:\/\/gundem44.com.tr\/?p=248","title":{"rendered":"\u00d6zt\u00fcrkler: Rumlar Ada&#8217;y\u0131 Y\u00f6netmek \u0130stiyor"},"content":{"rendered":"\n<p class=\"wp-block-paragraph\">KKTC Meclis Ba\u015fkan\u0131 \u00d6zt\u00fcrkler, Rumlar\u0131n Ada&#8217;y\u0131 tek tarafl\u0131 y\u00f6netme \u00e7abalar\u0131n\u0131 ele\u015ftirdi.<\/p>\n\n\n\n<p class=\"wp-block-paragraph\">Kuzey&nbsp;<a href=\"https:\/\/www.sondakika.com\/kibris\/\">K\u0131br\u0131s<\/a>&nbsp;T\u00fcrk Cumhuriyeti (KKTC) Cumhuriyet Meclisi Ba\u015fkan\u0131 Ziya \u00d6zt\u00fcrkler, &#8220;Rumlar Ada&#8217;y\u0131 tek tarafl\u0131 olarak y\u00f6netmek, K\u0131br\u0131s T\u00fcrk halk\u0131n\u0131 ezmek, izolasyonlarla yormak istiyor. Hi\u00e7bir zaman Ada&#8217;y\u0131 Yunanistan&#8217;a ba\u011flama hedefinden, Ada&#8217;n\u0131n Rum olmas\u0131 hedefinden vazge\u00e7mediler&#8221; dedi.<\/p>\n\n\n\n<p class=\"wp-block-paragraph\">\u00d6zt\u00fcrkler, bir otelde d\u00fczenlenen &#8220;Ge\u00e7mi\u015ften Gelece\u011fe K\u0131br\u0131s Sorunu ve Milli Davam\u0131z&#8221; konferans\u0131nda yapt\u0131\u011f\u0131 konu\u015fmada, T\u00fcrkiye Cumhuriyeti&#8217;nin deste\u011finin kendileri i\u00e7in \u00e7ok \u00f6nemli oldu\u011funu s\u00f6yledi.<\/p>\n\n\n\n<p class=\"wp-block-paragraph\">Rum taraf\u0131yla ya\u015fanan sorunlara de\u011finen \u00d6zt\u00fcrkler, &#8220;Rumlar Ada&#8217;y\u0131 tek tarafl\u0131 olarak y\u00f6netmek, K\u0131br\u0131s T\u00fcrk halk\u0131n\u0131 ezmek, izolasyonlarla yormak istiyor. Hi\u00e7bir zaman Ada&#8217;y\u0131 Yunanistan&#8217;a ba\u011flama hedefinden, Ada&#8217;n\u0131n Rum olmas\u0131 hedefinden vazge\u00e7mediler.&#8221; diye konu\u015ftu.<\/p>\n\n\n\n<p class=\"wp-block-paragraph\"><a href=\"https:\/\/www.sondakika.com\/guney-kibris\/\">G\u00fcney K\u0131br\u0131s<\/a>&#8216;ta sa\u011f partilerin y\u00fckseli\u015fine dikkati \u00e7eken \u00d6zt\u00fcrkler, \u015f\u00f6yle devam etti:<\/p>\n\n\n\n<p class=\"wp-block-paragraph\">&#8220;ELAM Partisi var orada, tam 8 milletvekili \u00e7\u0131kard\u0131, 4 milletvekilleri vard\u0131 8&#8217;e y\u00fckseldi. ELAM Partisi EOKA&#8217;n\u0131n devam\u0131 olan partidir. G\u00fcney K\u0131br\u0131s&#8217;ta g\u00fcn ge\u00e7tik\u00e7e g\u00fc\u00e7leniyor. Sol partilerin zay\u0131flad\u0131\u011f\u0131, sa\u011f partilerin y\u00fckseldi\u011fi bir d\u00f6nem. Bu ELAM Partisi mensuplar\u0131 her 15 Kas\u0131m&#8217;da her 20 Temmuz&#8217;da ta\u015fk\u0131nl\u0131k yaparlar, KKTC ile T\u00fcrkiye Cumhuriyeti bayra\u011f\u0131n\u0131 yakarlar. B\u00f6yle bir parti ve \u015fu anda G\u00fcney K\u0131br\u0131s&#8217;ta g\u00fcn ge\u00e7tik\u00e7e y\u00fckseliyor. Durmadan silahlan\u0131yorlar.<\/p>\n\n\n\n<p class=\"wp-block-paragraph\"><a href=\"https:\/\/www.sondakika.com\/israil\/\">\u0130srail<\/a>&nbsp;durmadan G\u00fcney K\u0131br\u0131s&#8217;ta k\u00f6y sat\u0131n al\u0131yor. \u0130srail ge\u00e7en haftalarda \u00fcnl\u00fc bir k\u00f6y\u00fc sat\u0131n ald\u0131. \u0130srail ile anla\u015fmalar yetmezmi\u015f gibi sanki \u0130srail&#8217;in ne oldu\u011funu bilmez, \u0130srail&#8217;in Gazze&#8217;de neler yapt\u0131\u011f\u0131n\u0131 bilmez, \u0130srail&#8217;in kimin ma\u015fas\u0131 oldu\u011funu bilmez, \u0130srail&#8217;in politikas\u0131n\u0131n ne oldu\u011funu bilmez, \u0130srail&#8217;in insanl\u0131k d\u0131\u015f\u0131 hareketlerini bilmezmi\u015f gibi \u0130srail ile yak\u0131nla\u015f\u0131yor.&#8221;<\/p>\n\n\n\n<p class=\"wp-block-paragraph\">\u00d6zt\u00fcrkler, Rum kesiminin silahlanma yar\u0131\u015f\u0131nda oldu\u011funu ve mili gelirinin ciddi bir k\u0131sm\u0131n\u0131 silahlanmaya ay\u0131rd\u0131\u011f\u0131n\u0131 kaydederek, &#8220;Rum Milli Muhaf\u0131z Ordusunun toplam\u0131 T\u00fcrk ordusunun bir t\u00fcmeni kadard\u0131r. Bunu \u00e7ok iyi bilmesi laz\u0131m. Onun i\u00e7in bu silahlanmalarla bir yere varamayacaklar.&#8221; diye konu\u015ftu.<\/p>\n\n\n\n<p class=\"wp-block-paragraph\">KKTC&#8217;nin milli bir dava oldu\u011funu vurgulayan belirten \u00d6zt\u00fcrkler, her zaman egemenliklerine sahip \u00e7\u0131kmaya devam edeceklerini kaydetti.<\/p>\n\n\n\n<p class=\"wp-block-paragraph\"><a href=\"https:\/\/www.sondakika.com\/malatya\/\">Malatya<\/a>&nbsp;Valisi Seddar Yavuz, \u0130\u00e7i\u015fleri Bakan M\u00fc\u015faviri Hatice Ata ile Gen\u00e7lik ve E\u011fitim Federasyonu (GEF) Genel Ba\u015fkan\u0131 Ahmet Bayduz da selamlama konu\u015fmas\u0131 yapt\u0131.<\/p>\n\n\n\n<p class=\"wp-block-paragraph\">Konu\u015fmalar\u0131n ard\u0131ndan \u00d6zt\u00fcrkler, program\u0131n d\u00fczenlenmesine katk\u0131 sa\u011flayanlara plaket verdi.<\/p>\n","protected":false},"excerpt":{"rendered":"<p>KKTC Meclis Ba\u015fkan\u0131 \u00d6zt\u00fcrkler, Rumlar\u0131n Ada&#8217;y\u0131 tek tarafl\u0131 y\u00f6netme \u00e7abalar\u0131n\u0131 ele\u015ftirdi. Kuzey&nbsp;K\u0131br\u0131s&nbsp;T\u00fcrk Cumhuriyeti (KKTC) Cumhuriyet&#8230;<\/p>\n","protected":false},"author":1,"featured_media":249,"comment_status":"open","ping_status":"open","sticky":false,"template":"","format":"standard","meta":{"footnotes":""},"categories":[1,17],"tags":[],"class_list":["post-248","post","type-post","status-publish","format-standard","has-post-thumbnail","hentry","category-malatya-gundemi","category-ulusal-haberler"],"_links":{"self":[{"href":"https:\/\/gundem44.com.tr\/index.php?rest_route=\/wp\/v2\/posts\/248","targetHints":{"allow":["GET"]}}],"collection":[{"href":"https:\/\/gundem44.com.tr\/index.php?rest_route=\/wp\/v2\/posts"}],"about":[{"href":"https:\/\/gundem44.com.tr\/index.php?rest_route=\/wp\/v2\/types\/post"}],"author":[{"embeddable":true,"href":"https:\/\/gundem44.com.tr\/index.php?rest_route=\/wp\/v2\/users\/1"}],"replies":[{"embeddable":true,"href":"https:\/\/gundem44.com.tr\/index.php?rest_route=%2Fwp%2Fv2%2Fcomments&post=248"}],"version-history":[{"count":1,"href":"https:\/\/gundem44.com.tr\/index.php?rest_route=\/wp\/v2\/posts\/248\/revisions"}],"predecessor-version":[{"id":250,"href":"https:\/\/gundem44.com.tr\/index.php?rest_route=\/wp\/v2\/posts\/248\/revisions\/250"}],"wp:featuredmedia":[{"embeddable":true,"href":"https:\/\/gundem44.com.tr\/index.php?rest_route=\/wp\/v2\/media\/249"}],"wp:attachment":[{"href":"https:\/\/gundem44.com.tr\/index.php?rest_route=%2Fwp%2Fv2%2Fmedia&parent=248"}],"wp:term":[{"taxonomy":"category","embeddable":true,"href":"https:\/\/gundem44.com.tr\/index.php?rest_route=%2Fwp%2Fv2%2Fcategories&post=248"},{"taxonomy":"post_tag","embeddable":true,"href":"https:\/\/gundem44.com.tr\/index.php?rest_route=%2Fwp%2Fv2%2Ftags&post=248"}],"curies":[{"name":"wp","href":"https:\/\/api.w.org\/{rel}","templated":true}]}}