{"id":245,"date":"2026-06-06T04:56:41","date_gmt":"2026-06-06T04:56:41","guid":{"rendered":"https:\/\/gundem44.com.tr\/?p=245"},"modified":"2026-06-06T04:56:41","modified_gmt":"2026-06-06T04:56:41","slug":"ari-sutu-kalitesi-arastirmasi","status":"publish","type":"post","link":"https:\/\/gundem44.com.tr\/?p=245","title":{"rendered":"Ar\u0131 S\u00fct\u00fc Kalitesi Ara\u015ft\u0131rmas\u0131"},"content":{"rendered":"\n<p class=\"wp-block-paragraph\">Malatya&#8217;da yap\u0131lan ara\u015ft\u0131rmada, ar\u0131 s\u00fct\u00fc kalitesinin ek besinler ve b\u00f6lgesel farkl\u0131l\u0131klara g\u00f6re de\u011fi\u015fti\u011fi belirlendi.<\/p>\n\n\n\n<p class=\"wp-block-paragraph\"><a href=\"https:\/\/www.sondakika.com\/malatya\/\">Malatya<\/a>&nbsp;Turgut \u00d6zal \u00dcniversitesi, \u0130n\u00f6n\u00fc \u00dcniversitesi ve F\u0131rat \u00dcniversitesi i\u015f birli\u011finde y\u00fcr\u00fct\u00fclen bilimsel ara\u015ft\u0131rmada, ar\u0131 s\u00fct\u00fc kalitesinin b\u00f6lgesel farkl\u0131l\u0131klar ve ar\u0131lara verilen ek besinlere g\u00f6re de\u011fi\u015fiklik g\u00f6sterdi\u011fi tespit edildi.<\/p>\n\n\n\n<p class=\"wp-block-paragraph\">Malatya Turgut \u00d6zal \u00dcniversitesi \u00d6\u011fretim \u00dcyesi Do\u00e7. Dr. Semiramis Karl\u0131da\u011f y\u00fcr\u00fct\u00fcc\u00fcl\u00fc\u011f\u00fcnde ger\u00e7ekle\u015ftirilen projede, farkl\u0131 end\u00fcstriyel \u015fekerlerle beslenen ar\u0131 kolonilerinin ar\u0131 s\u00fct\u00fc \u00fcretimi ve i\u00e7erikleri incelendi. \u0130n\u00f6n\u00fc \u00dcniversitesi ve F\u0131rat \u00dcniversitesi&#8217;nin de katk\u0131 sundu\u011fu \u00e7al\u0131\u015fmada, Do\u011fan\u015fehir ile Battalgazi il\u00e7elerinde elde edilen veriler kar\u015f\u0131la\u015ft\u0131r\u0131ld\u0131.<\/p>\n\n\n\n<p class=\"wp-block-paragraph\">Ar\u0131 s\u00fct\u00fc kalitesine etki eden unsurlar ara\u015ft\u0131r\u0131ld\u0131<\/p>\n\n\n\n<p class=\"wp-block-paragraph\">Ara\u015ft\u0131rmaya ili\u015fkin bilgi veren Do\u00e7. Dr. Semiramis Karl\u0131da\u011f, ar\u0131 s\u00fct\u00fcn\u00fcn kolonilerde 5-15 g\u00fcnl\u00fck gen\u00e7 i\u015f\u00e7i ar\u0131lar taraf\u0131ndan salg\u0131land\u0131\u011f\u0131n\u0131 belirterek, ana ar\u0131 ve larvalar\u0131n beslenmesinde kullan\u0131lan bu \u00fcr\u00fcn\u00fcn insan sa\u011fl\u0131\u011f\u0131 a\u00e7\u0131s\u0131ndan da \u00f6nemli bir fonksiyonel g\u0131da oldu\u011funu s\u00f6yledi. Merkez olarak multidisipliner \u00e7al\u0131\u015fmalar y\u00fcr\u00fctt\u00fcklerini ifade eden Karl\u0131da\u011f, farkl\u0131 \u00fcniversitelerle i\u015f birli\u011fi i\u00e7erisinde ar\u0131 yeti\u015ftiricili\u011fi, ar\u0131 \u00fcr\u00fcnleri \u00fcretimi ve analizine y\u00f6nelik ara\u015ft\u0131rmalar ger\u00e7ekle\u015ftirdiklerini kaydetti.<\/p>\n\n\n\n<p class=\"wp-block-paragraph\">Do\u011fan\u015fehir ve Battalgazi&#8217;de kar\u015f\u0131la\u015ft\u0131rma yap\u0131ld\u0131<\/p>\n\n\n\n<p class=\"wp-block-paragraph\">Karl\u0131da\u011f, proje kapsam\u0131nda \u00fc\u00e7 farkl\u0131 end\u00fcstriyel \u015feker ve bir kontrol grubu kullan\u0131ld\u0131\u011f\u0131n\u0131 belirterek, &#8220;Bu projemizde farkl\u0131 end\u00fcstriyel \u015fekerlerle kolonilerimizi besleyerek farkl\u0131 lokasyonlarda acaba ar\u0131 s\u00fct\u00fc \u00fcretimi miktar\u0131 ve i\u00e7eri\u011fine ne gibi bir etkisi olur, onu ara\u015ft\u0131rd\u0131k&#8221; dedi.<\/p>\n\n\n\n<p class=\"wp-block-paragraph\">Ar\u0131 s\u00fct\u00fc i\u00e7eri\u011fini etkileyen bir\u00e7ok fakt\u00f6r bulundu\u011funu vurgulayan Karl\u0131da\u011f, ar\u0131 \u0131rk\u0131, b\u00f6lgesel farkl\u0131l\u0131klar, transfer edilen larvalar\u0131n ya\u015f\u0131 ve transfer i\u015flemini yapan ki\u015finin tecr\u00fcbesinin bu fakt\u00f6rler aras\u0131nda yer ald\u0131\u011f\u0131n\u0131 ifade etti.<\/p>\n\n\n\n<p class=\"wp-block-paragraph\">Flora ve \u015feker t\u00fcr\u00fc kaliteyi etkiliyor<\/p>\n\n\n\n<p class=\"wp-block-paragraph\">Ara\u015ft\u0131rma sonucunda floran\u0131n ar\u0131 s\u00fct\u00fc i\u00e7eri\u011fi \u00fczerinde \u00f6nemli etkiler olu\u015fturdu\u011funu belirten Karl\u0131da\u011f, lokasyonlara ba\u011fl\u0131 olarak ar\u0131 s\u00fct\u00fc bile\u015fiminde belirgin de\u011fi\u015fiklikler g\u00f6zlemlediklerini s\u00f6yledi. Verilen \u015feker t\u00fcr\u00fcne g\u00f6re de farkl\u0131 sonu\u00e7lar elde ettiklerini aktaran Karl\u0131da\u011f, &#8220;\u00d6zellikle Do\u011fan\u015fehir grubunda glikoz verdi\u011fimiz kolonilerimizde ar\u0131 s\u00fct\u00fc kalitesinin 10-HDA bak\u0131m\u0131ndan daha y\u00fcksek oldu\u011funu g\u00f6zlemledik. Fenolik bile\u015fikler a\u00e7\u0131s\u0131ndan yine \u015feker i\u00e7erikleri a\u00e7\u0131s\u0131ndan bu b\u00f6lgeden elde etti\u011fimiz verilerde daha olumlu sonu\u00e7lar elde etmi\u015f olduk&#8221; diye konu\u015ftu.<\/p>\n\n\n\n<p class=\"wp-block-paragraph\">\u00c7al\u0131\u015fman\u0131n, bitki \u00e7e\u015fitlili\u011fi, flora yap\u0131s\u0131 ve co\u011frafi \u015fartlar\u0131n s\u00fct\u00fcn kalitesi \u00fczerindeki etkisini ortaya koydu\u011funu ifade eden Karl\u0131da\u011f, ar\u0131c\u0131lar taraf\u0131ndan kullan\u0131lan besleme y\u00f6ntemlerinin de ar\u0131 s\u00fct\u00fc i\u00e7eri\u011finde \u00f6nemli de\u011fi\u015fikliklere neden oldu\u011funu belirtti.<\/p>\n\n\n\n<p class=\"wp-block-paragraph\">Ar\u0131c\u0131lara yol g\u00f6sterecek sonu\u00e7lar<\/p>\n\n\n\n<p class=\"wp-block-paragraph\">Farkl\u0131 b\u00f6lgelerde yap\u0131lacak \u00e7al\u0131\u015fmalar\u0131n farkl\u0131 sonu\u00e7lar verebilece\u011fini dile getiren Karl\u0131da\u011f, ara\u015ft\u0131rmada glikozla beslenen kolonilerden elde edilen sonu\u00e7lar\u0131n dikkat \u00e7ekici oldu\u011funu belirterek, &#8220;Verilen \u015feker a\u00e7\u0131s\u0131ndan bizim glikoz grubunda elde etti\u011fimiz di\u011fer gruplara g\u00f6re \u00fcst\u00fcnl\u00fck belki ar\u0131c\u0131lar\u0131m\u0131za ar\u0131 s\u00fct\u00fc \u00fcretimi konusunda bir yol g\u00f6sterici, belirte\u00e7 oldu\u011funu d\u00fc\u015f\u00fcn\u00fcyoruz&#8221; diye konu\u015ftu. &#8211; MALATYA<\/p>\n","protected":false},"excerpt":{"rendered":"<p>Malatya&#8217;da yap\u0131lan ara\u015ft\u0131rmada, ar\u0131 s\u00fct\u00fc kalitesinin ek besinler ve b\u00f6lgesel farkl\u0131l\u0131klara g\u00f6re de\u011fi\u015fti\u011fi belirlendi. Malatya&nbsp;Turgut&#8230;<\/p>\n","protected":false},"author":1,"featured_media":246,"comment_status":"open","ping_status":"open","sticky":false,"template":"","format":"standard","meta":{"footnotes":""},"categories":[1],"tags":[],"class_list":["post-245","post","type-post","status-publish","format-standard","has-post-thumbnail","hentry","category-malatya-gundemi"],"_links":{"self":[{"href":"https:\/\/gundem44.com.tr\/index.php?rest_route=\/wp\/v2\/posts\/245","targetHints":{"allow":["GET"]}}],"collection":[{"href":"https:\/\/gundem44.com.tr\/index.php?rest_route=\/wp\/v2\/posts"}],"about":[{"href":"https:\/\/gundem44.com.tr\/index.php?rest_route=\/wp\/v2\/types\/post"}],"author":[{"embeddable":true,"href":"https:\/\/gundem44.com.tr\/index.php?rest_route=\/wp\/v2\/users\/1"}],"replies":[{"embeddable":true,"href":"https:\/\/gundem44.com.tr\/index.php?rest_route=%2Fwp%2Fv2%2Fcomments&post=245"}],"version-history":[{"count":1,"href":"https:\/\/gundem44.com.tr\/index.php?rest_route=\/wp\/v2\/posts\/245\/revisions"}],"predecessor-version":[{"id":247,"href":"https:\/\/gundem44.com.tr\/index.php?rest_route=\/wp\/v2\/posts\/245\/revisions\/247"}],"wp:featuredmedia":[{"embeddable":true,"href":"https:\/\/gundem44.com.tr\/index.php?rest_route=\/wp\/v2\/media\/246"}],"wp:attachment":[{"href":"https:\/\/gundem44.com.tr\/index.php?rest_route=%2Fwp%2Fv2%2Fmedia&parent=245"}],"wp:term":[{"taxonomy":"category","embeddable":true,"href":"https:\/\/gundem44.com.tr\/index.php?rest_route=%2Fwp%2Fv2%2Fcategories&post=245"},{"taxonomy":"post_tag","embeddable":true,"href":"https:\/\/gundem44.com.tr\/index.php?rest_route=%2Fwp%2Fv2%2Ftags&post=245"}],"curies":[{"name":"wp","href":"https:\/\/api.w.org\/{rel}","templated":true}]}}