{"id":233,"date":"2026-06-06T04:49:59","date_gmt":"2026-06-06T04:49:59","guid":{"rendered":"https:\/\/gundem44.com.tr\/?p=233"},"modified":"2026-06-06T04:50:00","modified_gmt":"2026-06-06T04:50:00","slug":"dunya-bize-emanet-etkinligi-malatyada-gerceklesti","status":"publish","type":"post","link":"https:\/\/gundem44.com.tr\/?p=233","title":{"rendered":"D\u00fcnya Bize Emanet Etkinli\u011fi Malatya&#8217;da Ger\u00e7ekle\u015fti"},"content":{"rendered":"\n<p class=\"wp-block-paragraph\">Malatya&#8217;da d\u00fczenlenen etkinlikte, \u00f6\u011frenciler at\u0131k malzemelerle \u00fcr\u00fcnler sergiledi ve boyama \u00e7al\u0131\u015fmalar\u0131 yapt\u0131.<\/p>\n\n\n\n<p class=\"wp-block-paragraph\"><a href=\"https:\/\/www.sondakika.com\/malatya\/\">Malatya<\/a>&#8216;da,&nbsp;<a href=\"https:\/\/www.sondakika.com\/cevre\/\">\u00c7evre<\/a>, \u015eehircilik ve&nbsp;<a href=\"https:\/\/www.sondakika.com\/iklim-degisikligi\/\">\u0130klim De\u011fi\u015fikli\u011fi<\/a>&nbsp;Bakanl\u0131\u011f\u0131n\u0131n \u00f6nc\u00fcl\u00fc\u011f\u00fcnde, &#8220;<a href=\"https:\/\/www.sondakika.com\/dunya\/\">D\u00fcnya<\/a>&nbsp;Bize Emanet&#8221; etkinli\u011fi ger\u00e7ekle\u015ftirildi.<\/p>\n\n\n\n<p class=\"wp-block-paragraph\">Ye\u015filyurt il\u00e7esindeki 100. Y\u0131l Kent Park\u0131&#8217;nda d\u00fczenlenen etkinlikte, Milli&nbsp;<a href=\"https:\/\/www.sondakika.com\/egitim\/\">E\u011fitim<\/a>&nbsp;Bakanl\u0131\u011f\u0131na ba\u011fl\u0131 baz\u0131 okullar\u0131n a\u00e7t\u0131\u011f\u0131 stantlarda \u00f6\u011frencilerin at\u0131k malzemelerden yapt\u0131\u011f\u0131 \u00e7e\u015fitli \u00fcr\u00fcnler sergilendi.<\/p>\n\n\n\n<p class=\"wp-block-paragraph\">Baz\u0131 stantlarda haz\u0131r edilen boya malzemeleriyle \u00f6\u011frenciler boyama \u00e7al\u0131\u015fmas\u0131 yapt\u0131.<\/p>\n\n\n\n<p class=\"wp-block-paragraph\">A\u015fa\u011f\u0131 G\u00fczelyurt Ortaokulu \u00f6\u011frencilerinin at\u0131l durumdaki oyun park\u0131 kayd\u0131\u011f\u0131ra\u011f\u0131ndan yapt\u0131\u011f\u0131 u\u00e7ak, stantalar\u0131 gezenlerin ilgisini g\u00f6rd\u00fc.<\/p>\n\n\n\n<p class=\"wp-block-paragraph\">Baz\u0131 \u00f6\u011frenciler u\u00e7a\u011f\u0131n kabinine binerek foto\u011fraf \u00e7ektirdi.<\/p>\n","protected":false},"excerpt":{"rendered":"<p>Malatya&#8217;da d\u00fczenlenen etkinlikte, \u00f6\u011frenciler at\u0131k malzemelerle \u00fcr\u00fcnler sergiledi ve boyama \u00e7al\u0131\u015fmalar\u0131 yapt\u0131. Malatya&#8216;da,&nbsp;\u00c7evre, \u015eehircilik ve&nbsp;\u0130klim&#8230;<\/p>\n","protected":false},"author":1,"featured_media":234,"comment_status":"open","ping_status":"open","sticky":false,"template":"","format":"standard","meta":{"footnotes":""},"categories":[1],"tags":[],"class_list":["post-233","post","type-post","status-publish","format-standard","has-post-thumbnail","hentry","category-malatya-gundemi"],"_links":{"self":[{"href":"https:\/\/gundem44.com.tr\/index.php?rest_route=\/wp\/v2\/posts\/233","targetHints":{"allow":["GET"]}}],"collection":[{"href":"https:\/\/gundem44.com.tr\/index.php?rest_route=\/wp\/v2\/posts"}],"about":[{"href":"https:\/\/gundem44.com.tr\/index.php?rest_route=\/wp\/v2\/types\/post"}],"author":[{"embeddable":true,"href":"https:\/\/gundem44.com.tr\/index.php?rest_route=\/wp\/v2\/users\/1"}],"replies":[{"embeddable":true,"href":"https:\/\/gundem44.com.tr\/index.php?rest_route=%2Fwp%2Fv2%2Fcomments&post=233"}],"version-history":[{"count":1,"href":"https:\/\/gundem44.com.tr\/index.php?rest_route=\/wp\/v2\/posts\/233\/revisions"}],"predecessor-version":[{"id":235,"href":"https:\/\/gundem44.com.tr\/index.php?rest_route=\/wp\/v2\/posts\/233\/revisions\/235"}],"wp:featuredmedia":[{"embeddable":true,"href":"https:\/\/gundem44.com.tr\/index.php?rest_route=\/wp\/v2\/media\/234"}],"wp:attachment":[{"href":"https:\/\/gundem44.com.tr\/index.php?rest_route=%2Fwp%2Fv2%2Fmedia&parent=233"}],"wp:term":[{"taxonomy":"category","embeddable":true,"href":"https:\/\/gundem44.com.tr\/index.php?rest_route=%2Fwp%2Fv2%2Fcategories&post=233"},{"taxonomy":"post_tag","embeddable":true,"href":"https:\/\/gundem44.com.tr\/index.php?rest_route=%2Fwp%2Fv2%2Ftags&post=233"}],"curies":[{"name":"wp","href":"https:\/\/api.w.org\/{rel}","templated":true}]}}