{"id":207,"date":"2026-06-03T13:41:13","date_gmt":"2026-06-03T13:41:13","guid":{"rendered":"https:\/\/gundem44.com.tr\/?p=207"},"modified":"2026-06-03T13:41:14","modified_gmt":"2026-06-03T13:41:14","slug":"malatyada-ihtiyac-sahiplerine-yemek-destegi","status":"publish","type":"post","link":"https:\/\/gundem44.com.tr\/?p=207","title":{"rendered":"Malatya&#8217;da ihtiya\u00e7 sahiplerine yemek deste\u011fi"},"content":{"rendered":"\n<p class=\"wp-block-paragraph\">Malatya Valili\u011fi, B\u00fcy\u00fck\u015fehir Belediyesi ve K\u0131z\u0131lay i\u015f birli\u011fiyle y\u00fcr\u00fct\u00fclen &#8216;Evde Yemek Hizmeti Projesi&#8217; kapsam\u0131nda ya\u015fl\u0131, engelli ve kimsesiz 1320 vatanda\u015fa her g\u00fcn sa\u011fl\u0131kl\u0131 yemek ula\u015ft\u0131r\u0131l\u0131yor. Vatanda\u015flar projeden duyduklar\u0131 memnuniyeti dile getirdi.<\/p>\n\n\n\n<p class=\"wp-block-paragraph\"><a href=\"https:\/\/www.sondakika.com\/malatya-valiligi\/\">Malatya Valili\u011fi<\/a>, Malatya B\u00fcy\u00fck\u015fehir Belediyesi ve T\u00fcrk&nbsp;<a href=\"https:\/\/www.sondakika.com\/kizilay\/\">K\u0131z\u0131lay<\/a>&#8216;\u0131 i\u015f birli\u011fiyle s\u00fcrd\u00fcr\u00fclen &#8216;Evde Yemek Hizmeti Projesi&#8217; kapsam\u0131nda ya\u015fl\u0131, engelli, hasta, kimsesiz ve yemek yapamayacak durumda olan vatanda\u015flara her g\u00fcn yemek deste\u011finde bulunuluyor.<\/p>\n\n\n\n<p class=\"wp-block-paragraph\">Proje sayesinde, g\u00fcnl\u00fck ya\u015famlar\u0131n\u0131 s\u00fcrd\u00fcrmekte zorluk \u00e7eken vatanda\u015flar\u0131n temel beslenme ihtiya\u00e7lar\u0131 d\u00fczenli olarak kar\u015f\u0131lan\u0131rken, sosyal dayan\u0131\u015fma ve yard\u0131mla\u015fma k\u00fclt\u00fcr\u00fcn\u00fcn g\u00fc\u00e7lenmesi de hedefleniyor. Halihaz\u0131rda 680 hanede ya\u015fayan bin 320 vatanda\u015f bu hizmetten d\u00fczenli olarak faydalan\u0131yor. Haz\u0131rlanan sa\u011fl\u0131kl\u0131 ve dengeli \u00f6\u011f\u00fcnler belirlenen program \u00e7er\u00e7evesinde vatanda\u015flar\u0131n evlerine kadar g\u00f6t\u00fcr\u00fcl\u00fcyor.<\/p>\n\n\n\n<p class=\"wp-block-paragraph\">&#8220;Ma\u011fduriyetim giderildi&#8221;<\/p>\n\n\n\n<p class=\"wp-block-paragraph\">Evde Yemek Hizmeti Projesi&#8217;ni de\u011ferlendiren Abdulvahap \u0130rkilata &#8220;Tam 14 y\u0131ld\u0131r yaln\u0131z ya\u015f\u0131yorum. Yemek yapma konusunda \u00e7ok ma\u011fduriyet ya\u015fad\u0131m. Bir g\u00fcn mahalle muhtar\u0131ma dert yak\u0131n\u0131nca hemen Malatya B\u00fcy\u00fck\u015fehir Belediyesini arad\u0131 ve yemek alabilmem i\u00e7in kayd\u0131m\u0131 olu\u015fturdu. Elhamd\u00fclillah bir y\u0131l\u0131 a\u015fk\u0131n bir s\u00fcredir ma\u011fduriyetim giderildi. Ben devletime kar\u015f\u0131 m\u00fcte\u015fekkirim. Allah devletimize zeval vermesin. Devletimi muzaffer ve payidar k\u0131ls\u0131n. \u00dclkemiz, memleketimiz her zaman b\u00f6ylesine g\u00fczel dayan\u0131\u015fma i\u00e7inde olsun in\u015fallah&#8221; dedi.<\/p>\n\n\n\n<p class=\"wp-block-paragraph\">&#8220;Yemekleri \u00e7ok be\u011feniyorum&#8221;<\/p>\n\n\n\n<p class=\"wp-block-paragraph\">Proje sayesinde yemek sorununun ortadan kakt\u0131\u011f\u0131n\u0131 ifade eden Y\u0131ld\u0131z \u00c7\u0131nar, &#8220;Yaln\u0131z ya\u015f\u0131yorum. Bazen konu kom\u015fu bazen de karde\u015fim bana bak\u0131yor. Yemek konusunda birtak\u0131m zorluklar ya\u015f\u0131yordum ama bu sorunum ortadan kalkt\u0131. Allah Malatya B\u00fcy\u00fck\u015fehir Belediyesi ekiplerinden raz\u0131 olsun yeme\u011fimi getiriyorlar ve yemekleri de \u00e7ok be\u011feniyorum. Eme\u011fi ge\u00e7en herkese te\u015fekk\u00fcr ediyorum&#8221; kelimelerine yer verdi.<\/p>\n\n\n\n<p class=\"wp-block-paragraph\">R\u0131za K\u0131ro\u011flan ise yap\u0131lan hizmetten duydu\u011fu memnuniyeti dile getirerek yemeklerinin d\u00fczenli geldi\u011fini belirtti. Hatice K\u0131ro\u011flan da konu\u015fmas\u0131nda &#8220;Devletimiz bize bak\u0131yor. Allah hay\u0131rlar\u0131n\u0131 kabul etsin in\u015fallah. Bize yard\u0131m edenlerin her daim duac\u0131s\u0131y\u0131z&#8221; diyerek eme\u011fi ge\u00e7en herkese te\u015fekk\u00fcrlerini iletti.<\/p>\n\n\n\n<p class=\"wp-block-paragraph\">&#8220;Yeme\u011fimiz kap\u0131m\u0131za kadar getiriliyor&#8221;<\/p>\n\n\n\n<p class=\"wp-block-paragraph\">Mehmet Sar\u0131kaya ise devletin \u015fefkatli elini hissettiklerini vurgulayarak, &#8220;Bizler ya\u015fl\u0131y\u0131z. Tek ya\u015f\u0131yoruz. Sa\u011f olsun devletimiz bizi yaln\u0131z b\u0131rakm\u0131yor, her zaman destek\u00e7imiz oluyor. Yeme\u011fimiz kap\u0131m\u0131za kadar getiriliyor. Eme\u011fi ge\u00e7en herkese te\u015fekk\u00fcr ederim&#8221; diye konu\u015ftu. &#8211; MALATYA<\/p>\n","protected":false},"excerpt":{"rendered":"<p>Malatya Valili\u011fi, B\u00fcy\u00fck\u015fehir Belediyesi ve K\u0131z\u0131lay i\u015f birli\u011fiyle y\u00fcr\u00fct\u00fclen &#8216;Evde Yemek Hizmeti Projesi&#8217; kapsam\u0131nda ya\u015fl\u0131,&#8230;<\/p>\n","protected":false},"author":1,"featured_media":208,"comment_status":"open","ping_status":"open","sticky":false,"template":"","format":"standard","meta":{"footnotes":""},"categories":[1],"tags":[],"class_list":["post-207","post","type-post","status-publish","format-standard","has-post-thumbnail","hentry","category-malatya-gundemi"],"_links":{"self":[{"href":"https:\/\/gundem44.com.tr\/index.php?rest_route=\/wp\/v2\/posts\/207","targetHints":{"allow":["GET"]}}],"collection":[{"href":"https:\/\/gundem44.com.tr\/index.php?rest_route=\/wp\/v2\/posts"}],"about":[{"href":"https:\/\/gundem44.com.tr\/index.php?rest_route=\/wp\/v2\/types\/post"}],"author":[{"embeddable":true,"href":"https:\/\/gundem44.com.tr\/index.php?rest_route=\/wp\/v2\/users\/1"}],"replies":[{"embeddable":true,"href":"https:\/\/gundem44.com.tr\/index.php?rest_route=%2Fwp%2Fv2%2Fcomments&post=207"}],"version-history":[{"count":1,"href":"https:\/\/gundem44.com.tr\/index.php?rest_route=\/wp\/v2\/posts\/207\/revisions"}],"predecessor-version":[{"id":209,"href":"https:\/\/gundem44.com.tr\/index.php?rest_route=\/wp\/v2\/posts\/207\/revisions\/209"}],"wp:featuredmedia":[{"embeddable":true,"href":"https:\/\/gundem44.com.tr\/index.php?rest_route=\/wp\/v2\/media\/208"}],"wp:attachment":[{"href":"https:\/\/gundem44.com.tr\/index.php?rest_route=%2Fwp%2Fv2%2Fmedia&parent=207"}],"wp:term":[{"taxonomy":"category","embeddable":true,"href":"https:\/\/gundem44.com.tr\/index.php?rest_route=%2Fwp%2Fv2%2Fcategories&post=207"},{"taxonomy":"post_tag","embeddable":true,"href":"https:\/\/gundem44.com.tr\/index.php?rest_route=%2Fwp%2Fv2%2Ftags&post=207"}],"curies":[{"name":"wp","href":"https:\/\/api.w.org\/{rel}","templated":true}]}}