{"id":201,"date":"2026-06-03T13:38:47","date_gmt":"2026-06-03T13:38:47","guid":{"rendered":"https:\/\/gundem44.com.tr\/?p=201"},"modified":"2026-06-03T13:38:48","modified_gmt":"2026-06-03T13:38:48","slug":"kizilaydan-kan-bagisi-tesvigi","status":"publish","type":"post","link":"https:\/\/gundem44.com.tr\/?p=201","title":{"rendered":"K\u0131z\u0131lay&#8217;dan Kan Ba\u011f\u0131\u015f\u0131 Te\u015fvi\u011fi"},"content":{"rendered":"\n<p class=\"wp-block-paragraph\">T\u00fcrk K\u0131z\u0131lay, Malatya&#8217;da Oktay Kaynarca&#8217;n\u0131n ad\u0131n\u0131 ta\u015f\u0131yan yeni kan alma birimi a\u00e7t\u0131.<\/p>\n\n\n\n<p class=\"wp-block-paragraph\">T\u00dcRK&nbsp;<a href=\"https:\/\/www.sondakika.com\/kizilay\/\">K\u0131z\u0131lay<\/a>&nbsp;Genel Ba\u015fkan\u0131 Fatma Meri\u00e7 Y\u0131lmaz, &#8220;Bug\u00fcn \u00fclkemizde y\u0131lda yakla\u015f\u0131k 3 milyon \u00fcnite kan\u0131 tamamen g\u00f6n\u00fcll\u00fc ba\u011f\u0131\u015f\u00e7\u0131lar\u0131m\u0131zdan temin ediyor, d\u00fcnyan\u0131n en geli\u015fmi\u015f testlerinden ge\u00e7irerek 1160 hastaneye ula\u015ft\u0131r\u0131yoruz&#8221; dedi.<\/p>\n\n\n\n<p class=\"wp-block-paragraph\">T\u00fcrk K\u0131z\u0131lay g\u00f6n\u00fcll\u00fc kan ba\u011f\u0131\u015f\u0131n\u0131 te\u015fvik etmek amac\u0131yla&nbsp;<a href=\"https:\/\/www.sondakika.com\/malatya\/\">Malatya<\/a>&#8216;da bir kan alma birimine oyuncu&nbsp;<a href=\"https:\/\/www.sondakika.com\/oktay-kaynarca\/\">Oktay Kaynarca<\/a>&#8216;n\u0131n ad\u0131n\u0131 verdi. Bir al\u0131\u015fveri\u015f merkezi \u00f6n\u00fcne kurulan kan alma biriminin a\u00e7\u0131l\u0131\u015f\u0131 i\u00e7in d\u00fczenlenen t\u00f6rene T\u00fcrk K\u0131z\u0131lay Genel Ba\u015fkan\u0131 Fatma Meri\u00e7 Y\u0131lmaz, oyuncu Oktay Kaynarca, baz\u0131 kurum m\u00fcd\u00fcrleri, K\u0131z\u0131lay g\u00f6n\u00fcll\u00fcleri ve vatanda\u015flar kat\u0131ld\u0131.<\/p>\n\n\n\n<p class=\"wp-block-paragraph\">Programda konu\u015fan T\u00fcrk K\u0131z\u0131lay Genel Ba\u015fkan\u0131 Fatma Meri\u00e7 Y\u0131lmaz, kan ba\u011f\u0131\u015f\u0131n\u0131n hayat kurtaran stratejik bir g\u00f6rev oldu\u011funu vurgulayarak, \u015funlar\u0131 s\u00f6yledi:<\/p>\n\n\n\n<p class=\"wp-block-paragraph\">&#8220;Kan demek hayat, kan demek can demek. Son derece \u00f6nemli ve kritik bir g\u00f6rev y\u00fcr\u00fct\u00fcyoruz. Bug\u00fcn \u00fclkemizde y\u0131lda yakla\u015f\u0131k 3 milyon \u00fcnite kan\u0131 tamamen g\u00f6n\u00fcll\u00fc ba\u011f\u0131\u015f\u00e7\u0131lar\u0131m\u0131zdan temin ediyor, d\u00fcnyan\u0131n en geli\u015fmi\u015f testlerinden ge\u00e7irerek 1160 hastaneye ula\u015ft\u0131r\u0131yoruz. Kan\u0131n halen tek kayna\u011f\u0131 insand\u0131r. Teknoloji ne kadar geli\u015firse geli\u015fsin kan\u0131 yaln\u0131zca g\u00f6n\u00fcll\u00fc ba\u011f\u0131\u015f\u00e7\u0131lar\u0131m\u0131zdan elde edebiliyoruz. Bu nedenle ba\u011f\u0131\u015f\u00e7\u0131lar\u0131m\u0131z\u0131n deste\u011fi bizim i\u00e7in hayati \u00f6nem ta\u015f\u0131yor. Bug\u00fcn burada hem bu katk\u0131lar\u0131ndan dolay\u0131 kendisine te\u015fekk\u00fcr etmek hem de ismini bir kan alma merkezimizde ya\u015fatmak i\u00e7in bir araday\u0131z. Kan acil de\u011fil, s\u00fcrekli ihtiya\u00e7t\u0131r. Bu mesaj\u0131 toplumun her kesimine ula\u015ft\u0131rmaya devam edece\u011fiz. L\u00f6semi hastalar\u0131 i\u00e7in uygun don\u00f6r bulunmas\u0131 ya\u015famla \u00f6l\u00fcm aras\u0131ndaki fark\u0131 olu\u015fturabiliyor. Bug\u00fcn sistemimiz sayesinde bir\u00e7ok hasta hi\u00e7 tan\u0131mad\u0131\u011f\u0131 bir ba\u011f\u0131\u015f\u00e7\u0131dan gelen k\u00f6k h\u00fccre ile yeniden hayata ba\u011flan\u0131yor. Silivri&#8217;de kan torbas\u0131 fabrikas\u0131n\u0131n yap\u0131m\u0131 tamamland\u0131 ve 11 Haziran&#8217;da plazma fraksiyonasyon fabrikas\u0131n\u0131n temelini de ataca\u011f\u0131z. Bu yat\u0131r\u0131m T\u00fcrkiye&#8217;nin sa\u011fl\u0131k alan\u0131ndaki ba\u011f\u0131ms\u0131zl\u0131\u011f\u0131 a\u00e7\u0131s\u0131ndan \u00f6nemli bir d\u00f6n\u00fcm noktas\u0131 olacakt\u0131r.&#8221;<\/p>\n\n\n\n<p class=\"wp-block-paragraph\">Kan alma birimine ad\u0131 verilen Oktay Kaynarca ise T\u00fcrk K\u0131z\u0131lay&#8217;\u0131n faaliyetlerini yak\u0131ndan g\u00f6rd\u00fckten sonra b\u00fcy\u00fck bir hayranl\u0131k duydu\u011funu belirterek, &#8220;Zor zamanlarda ya da ihtiya\u00e7 duydu\u011funuzda ba\u015fvurabilece\u011finiz en \u00f6nemli kurumlardan biri K\u0131z\u0131lay&#8217;d\u0131r. O nedenle &#8216;K\u0131z\u0131lay demek ben demek&#8217; demeliyiz. Kumbara kampanyalar\u0131yla, rozetlerle b\u00fcy\u00fcd\u00fck. Hep destek olmaya \u00e7al\u0131\u015ft\u0131k. Ama bug\u00fcn geldi\u011fi noktay\u0131 g\u00f6r\u00fcnce ne kadar vizyoner bir yap\u0131ya d\u00f6n\u00fc\u015ft\u00fc\u011f\u00fcn\u00fc daha iyi anlad\u0131m. Bu ger\u00e7ekten onur verici bir durum. Yele\u011fini giyip insanlar\u0131n yard\u0131m\u0131na ko\u015fan t\u00fcm K\u0131z\u0131lay \u00e7al\u0131\u015fanlar\u0131na y\u00fcrekten te\u015fekk\u00fcr ediyorum. Ger\u00e7ekten \u00e7ok k\u0131ymetli bir hizmet veriyorlar. B\u00f6yle \u00f6nemli bir merkezde ismimin ya\u015fat\u0131lmas\u0131 ise benim i\u00e7in b\u00fcy\u00fck bir onur. Bu anlaml\u0131 vefa nedeniyle T\u00fcrk K\u0131z\u0131lay ailesine te\u015fekk\u00fcr ediyorum&#8221; dedi.<\/p>\n\n\n\n<p class=\"wp-block-paragraph\">Yap\u0131lan konu\u015fmalar\u0131na ard\u0131ndan T\u00fcrk K\u0131z\u0131lay Oktay Kaynarca Kan Alma Birimi&#8217;nin a\u00e7\u0131l\u0131\u015f\u0131 ger\u00e7ekle\u015ftirildi.<\/p>\n","protected":false},"excerpt":{"rendered":"<p>T\u00fcrk K\u0131z\u0131lay, Malatya&#8217;da Oktay Kaynarca&#8217;n\u0131n ad\u0131n\u0131 ta\u015f\u0131yan yeni kan alma birimi a\u00e7t\u0131. T\u00dcRK&nbsp;K\u0131z\u0131lay&nbsp;Genel Ba\u015fkan\u0131 Fatma&#8230;<\/p>\n","protected":false},"author":1,"featured_media":202,"comment_status":"open","ping_status":"open","sticky":false,"template":"","format":"standard","meta":{"footnotes":""},"categories":[1],"tags":[],"class_list":["post-201","post","type-post","status-publish","format-standard","has-post-thumbnail","hentry","category-malatya-gundemi"],"_links":{"self":[{"href":"https:\/\/gundem44.com.tr\/index.php?rest_route=\/wp\/v2\/posts\/201","targetHints":{"allow":["GET"]}}],"collection":[{"href":"https:\/\/gundem44.com.tr\/index.php?rest_route=\/wp\/v2\/posts"}],"about":[{"href":"https:\/\/gundem44.com.tr\/index.php?rest_route=\/wp\/v2\/types\/post"}],"author":[{"embeddable":true,"href":"https:\/\/gundem44.com.tr\/index.php?rest_route=\/wp\/v2\/users\/1"}],"replies":[{"embeddable":true,"href":"https:\/\/gundem44.com.tr\/index.php?rest_route=%2Fwp%2Fv2%2Fcomments&post=201"}],"version-history":[{"count":1,"href":"https:\/\/gundem44.com.tr\/index.php?rest_route=\/wp\/v2\/posts\/201\/revisions"}],"predecessor-version":[{"id":203,"href":"https:\/\/gundem44.com.tr\/index.php?rest_route=\/wp\/v2\/posts\/201\/revisions\/203"}],"wp:featuredmedia":[{"embeddable":true,"href":"https:\/\/gundem44.com.tr\/index.php?rest_route=\/wp\/v2\/media\/202"}],"wp:attachment":[{"href":"https:\/\/gundem44.com.tr\/index.php?rest_route=%2Fwp%2Fv2%2Fmedia&parent=201"}],"wp:term":[{"taxonomy":"category","embeddable":true,"href":"https:\/\/gundem44.com.tr\/index.php?rest_route=%2Fwp%2Fv2%2Fcategories&post=201"},{"taxonomy":"post_tag","embeddable":true,"href":"https:\/\/gundem44.com.tr\/index.php?rest_route=%2Fwp%2Fv2%2Ftags&post=201"}],"curies":[{"name":"wp","href":"https:\/\/api.w.org\/{rel}","templated":true}]}}