{"id":198,"date":"2026-06-03T13:37:37","date_gmt":"2026-06-03T13:37:37","guid":{"rendered":"https:\/\/gundem44.com.tr\/?p=198"},"modified":"2026-06-03T13:37:37","modified_gmt":"2026-06-03T13:37:37","slug":"oktay-kaynarcanin-ismi-kan-alma-birimine-verildi","status":"publish","type":"post","link":"https:\/\/gundem44.com.tr\/?p=198","title":{"rendered":"Oktay Kaynarca&#8217;n\u0131n \u0130smi Kan Alma Birimi&#8217;ne Verildi"},"content":{"rendered":"\n<p class=\"wp-block-paragraph\">T\u00fcrk K\u0131z\u0131lay, Oktay Kaynarca&#8217;n\u0131n ad\u0131n\u0131 Malatya Kan Alma Birimi&#8217;ne verdi. Fark\u0131ndal\u0131k art\u0131r\u0131ld\u0131.<\/p>\n\n\n\n<p class=\"wp-block-paragraph\">T\u00fcrk&nbsp;<a href=\"https:\/\/www.sondakika.com\/kizilay\/\">K\u0131z\u0131lay<\/a>&nbsp;taraf\u0131ndan g\u00f6n\u00fcll\u00fc kan ba\u011f\u0131\u015f\u0131na y\u00f6nelik fark\u0131ndal\u0131k \u00e7al\u0131\u015fmalar\u0131na destek veren oyuncu&nbsp;<a href=\"https:\/\/www.sondakika.com\/oktay-kaynarca\/\">Oktay Kaynarca<\/a>&#8216;n\u0131n ad\u0131,&nbsp;<a href=\"https:\/\/www.sondakika.com\/malatya\/\">Malatya<\/a>&nbsp;Kan Alma Birimi&#8217;ne verildi.<\/p>\n\n\n\n<p class=\"wp-block-paragraph\">T\u00fcrk K\u0131z\u0131lay&#8217;\u0131n &#8220;Birbirimize Candan Ba\u011fl\u0131y\u0131z&#8221; slogan\u0131yla y\u00fcr\u00fctt\u00fc\u011f\u00fc g\u00f6n\u00fcll\u00fc kan ba\u011f\u0131\u015f\u0131 fark\u0131ndal\u0131k \u00e7al\u0131\u015fmalar\u0131 kapsam\u0131nda d\u00fczenlenen t\u00f6rene T\u00fcrk K\u0131z\u0131lay Genel Ba\u015fkan\u0131 Prof. Dr. Fatma Meri\u00e7 Y\u0131lmaz ile oyuncu Oktay Kaynarca kat\u0131ld\u0131. T\u00f6rende, g\u00f6n\u00fcll\u00fc ve d\u00fczenli kan ba\u011f\u0131\u015f\u0131n\u0131n \u00f6nemine vurgu yap\u0131ld\u0131.<\/p>\n\n\n\n<p class=\"wp-block-paragraph\">Malatya&#8217;da hizmet veren Kan Alma Birimi&#8217;nin, b\u00f6lgede g\u00f6n\u00fcll\u00fc kan ba\u011f\u0131\u015f\u0131n\u0131n s\u00fcreklili\u011fine katk\u0131 sa\u011flayan \u00f6nemli merkezlerden biri oldu\u011fu belirtilirken, haftan\u0131n 7 g\u00fcn\u00fc 4 yatak kapasitesiyle hizmet veren birimin faaliyete ge\u00e7ti\u011fi g\u00fcnden bu yana yakla\u015f\u0131k 25 bin \u00fcnite kan ba\u011f\u0131\u015f\u0131n\u0131n toplanmas\u0131na arac\u0131l\u0131k etti\u011fi kaydedildi.<\/p>\n\n\n\n<p class=\"wp-block-paragraph\">T\u00f6rende konu\u015fan T\u00fcrk K\u0131z\u0131lay Genel Ba\u015fkan\u0131 Prof. Dr. Fatma Meri\u00e7 Y\u0131lmaz, T\u00fcrkiye&#8217;nin kan ihtiyac\u0131n\u0131n g\u00f6n\u00fcll\u00fc ve d\u00fczenli ba\u011f\u0131\u015f\u00e7\u0131lar sayesinde kar\u015f\u0131land\u0131\u011f\u0131n\u0131 belirterek, &#8220;Kan ba\u011f\u0131\u015f\u0131n\u0131n \u00f6nemine dikkat \u00e7ekmek ve toplumda g\u00f6n\u00fcll\u00fc kan ba\u011f\u0131\u015f\u0131 bilincini g\u00fc\u00e7lendirmek amac\u0131yla y\u00fcr\u00fctt\u00fc\u011f\u00fcm\u00fcz \u00e7al\u0131\u015fmalara g\u00f6n\u00fcll\u00fc olarak destek veren Oktay Kaynarca&#8217;n\u0131n ad\u0131n\u0131 bu birime vermekten memnuniyet duyuyoruz. Bu deste\u011fin kan ba\u011f\u0131\u015f\u0131 fark\u0131ndal\u0131\u011f\u0131n\u0131n artmas\u0131na katk\u0131 sa\u011flayaca\u011f\u0131na inan\u0131yoruz&#8221; dedi.<\/p>\n\n\n\n<p class=\"wp-block-paragraph\">Yakla\u015f\u0131k 20 y\u0131ld\u0131r Malatya&#8217;da kan ba\u011f\u0131\u015f\u0131 faaliyetlerini s\u00fcrd\u00fcren T\u00fcrk K\u0131z\u0131lay&#8217;\u0131n, \u00e7al\u0131\u015fmalar\u0131n\u0131 Kan Ba\u011f\u0131\u015f Merkezi, G\u00fcney Bat\u0131 Anadolu B\u00f6lge Kan Merkezi ve iki sabit kan alma birimiyle y\u00fcr\u00fctt\u00fc\u011f\u00fc bildirildi. Malatya&#8217;n\u0131n yan\u0131 s\u0131ra Ad\u0131yaman, Elaz\u0131\u011f ve Tunceli&#8217;ye de hizmet veren G\u00fcney Bat\u0131 Anadolu B\u00f6lge Kan Merkezi&#8217;nin sorumluluk sahas\u0131nda bulunan 27 hastanenin kan ihtiyac\u0131n\u0131 kar\u015f\u0131lad\u0131\u011f\u0131 ifade edildi.<\/p>\n\n\n\n<p class=\"wp-block-paragraph\">T\u00fcrk K\u0131z\u0131lay&#8217;\u0131n \u00fclke genelinde 18 B\u00f6lge Kan Merkezi, 68 Kan Ba\u011f\u0131\u015f Merkezi, sabit kan alma birimleri ve mobil ekipleriyle her g\u00fcn bin 140 hastanenin kan ihtiyac\u0131n\u0131 kar\u015f\u0131lad\u0131\u011f\u0131 belirtilirken, 2025 y\u0131l\u0131nda 3 milyonu a\u015fk\u0131n \u00fcnite kan ba\u011f\u0131\u015f\u0131 topland\u0131\u011f\u0131 kaydedildi.<\/p>\n\n\n\n<p class=\"wp-block-paragraph\">\u00d6te yandan T\u00fcrk K\u0131z\u0131lay ile Tar\u0131m ve Orman Bakanl\u0131\u011f\u0131 aras\u0131nda imzalanan protokol kapsam\u0131nda ba\u011f\u0131\u015flanan her \u00fcnite kan i\u00e7in 3 fidan\u0131n toprakla bulu\u015fturuldu\u011fu bildirildi. &#8211; MALATYA<\/p>\n","protected":false},"excerpt":{"rendered":"<p>T\u00fcrk K\u0131z\u0131lay, Oktay Kaynarca&#8217;n\u0131n ad\u0131n\u0131 Malatya Kan Alma Birimi&#8217;ne verdi. Fark\u0131ndal\u0131k art\u0131r\u0131ld\u0131. T\u00fcrk&nbsp;K\u0131z\u0131lay&nbsp;taraf\u0131ndan g\u00f6n\u00fcll\u00fc kan&#8230;<\/p>\n","protected":false},"author":1,"featured_media":199,"comment_status":"open","ping_status":"open","sticky":false,"template":"","format":"standard","meta":{"footnotes":""},"categories":[1],"tags":[],"class_list":["post-198","post","type-post","status-publish","format-standard","has-post-thumbnail","hentry","category-malatya-gundemi"],"_links":{"self":[{"href":"https:\/\/gundem44.com.tr\/index.php?rest_route=\/wp\/v2\/posts\/198","targetHints":{"allow":["GET"]}}],"collection":[{"href":"https:\/\/gundem44.com.tr\/index.php?rest_route=\/wp\/v2\/posts"}],"about":[{"href":"https:\/\/gundem44.com.tr\/index.php?rest_route=\/wp\/v2\/types\/post"}],"author":[{"embeddable":true,"href":"https:\/\/gundem44.com.tr\/index.php?rest_route=\/wp\/v2\/users\/1"}],"replies":[{"embeddable":true,"href":"https:\/\/gundem44.com.tr\/index.php?rest_route=%2Fwp%2Fv2%2Fcomments&post=198"}],"version-history":[{"count":1,"href":"https:\/\/gundem44.com.tr\/index.php?rest_route=\/wp\/v2\/posts\/198\/revisions"}],"predecessor-version":[{"id":200,"href":"https:\/\/gundem44.com.tr\/index.php?rest_route=\/wp\/v2\/posts\/198\/revisions\/200"}],"wp:featuredmedia":[{"embeddable":true,"href":"https:\/\/gundem44.com.tr\/index.php?rest_route=\/wp\/v2\/media\/199"}],"wp:attachment":[{"href":"https:\/\/gundem44.com.tr\/index.php?rest_route=%2Fwp%2Fv2%2Fmedia&parent=198"}],"wp:term":[{"taxonomy":"category","embeddable":true,"href":"https:\/\/gundem44.com.tr\/index.php?rest_route=%2Fwp%2Fv2%2Fcategories&post=198"},{"taxonomy":"post_tag","embeddable":true,"href":"https:\/\/gundem44.com.tr\/index.php?rest_route=%2Fwp%2Fv2%2Ftags&post=198"}],"curies":[{"name":"wp","href":"https:\/\/api.w.org\/{rel}","templated":true}]}}