{"id":185,"date":"2026-06-02T14:08:11","date_gmt":"2026-06-02T14:08:11","guid":{"rendered":"https:\/\/gundem44.com.tr\/?p=185"},"modified":"2026-06-02T14:08:12","modified_gmt":"2026-06-02T14:08:12","slug":"oznur-caliki-aci-gununde-yalniz-birakmadilar","status":"publish","type":"post","link":"https:\/\/gundem44.com.tr\/?p=185","title":{"rendered":"\u00d6znur \u00c7al\u0131k\u2019\u0131 Ac\u0131 G\u00fcn\u00fcnde Yaln\u0131z B\u0131rakmad\u0131lar!"},"content":{"rendered":"\n<p class=\"wp-block-paragraph\">\u00d6znur \u00c7al\u0131k\u2019\u0131n kay\u0131nvalidesi Zennure \u00c7al\u0131k son yolculu\u011funa u\u011furland\u0131. Malatya protokol\u00fc cenazede \u00c7al\u0131k ailesine destek verdi.<\/p>\n\n\n\n<figure class=\"wp-block-image\"><a class=\"fancybox my-3\" href=\"https:\/\/busabahmalatyacom.teimg.com\/busabahmalatya-com\/uploads\/2026\/06\/oznur-calikin-aci-gunu-zennure-calik-son-yolculuguna-ugurlandi-2-malatyahaber.webp\"><img decoding=\"async\" src=\"https:\/\/busabahmalatyacom.teimg.com\/busabahmalatya-com\/uploads\/2026\/06\/oznur-calikin-aci-gunu-zennure-calik-son-yolculuguna-ugurlandi-2-malatyahaber.webp\" alt=\"\"\/><\/a><\/figure>\n\n\n\n<p class=\"wp-block-paragraph\">Merhume Zennure \u00c7al\u0131k\u2019\u0131n cenazesi, \u00f6\u011fle namaz\u0131na m\u00fcteakip Malatya \u015eehir Mezarl\u0131\u011f\u0131\u2019nda k\u0131l\u0131nan cenaze namaz\u0131n\u0131n ard\u0131ndan Ye\u015filyurt il\u00e7esindeki Gedik Mezarl\u0131\u011f\u0131\u2019na g\u00f6t\u00fcr\u00fclerek burada dualarla topra\u011fa verildi. Cenaze namaz\u0131n\u0131 ise Malatya \u0130l M\u00fcft\u00fcs\u00fc Ramazan Dolu k\u0131ld\u0131rd\u0131.<\/p>\n\n\n\n<p class=\"wp-block-paragraph\">Cumhurba\u015fkanl\u0131\u011f\u0131 Sosyal ve Gen\u00e7lik Politikalar\u0131 Kurulu \u00dcyesi ve \u00f6nceki d\u00f6nem Malatya milletvekillerinden \u00d6znur \u00c7al\u0131k, kay\u0131nvalidesi merhum Zennure \u00c7al\u0131k\u2019\u0131 son yolculu\u011funa u\u011furlad\u0131. Ger\u00e7ekle\u015ftirilen cenaze t\u00f6renine Malatya protokol\u00fcnden \u00e7ok say\u0131da isim kat\u0131larak \u00c7al\u0131k ailesinin ac\u0131s\u0131n\u0131 payla\u015ft\u0131.<\/p>\n\n\n\n<p class=\"wp-block-paragraph\">Cenaze merasimine kat\u0131lan Malatya Valisi Seddar Yavuz, merhume i\u00e7in dua ederken \u00c7al\u0131k ailesine ba\u015fsa\u011fl\u0131\u011f\u0131 dileklerini iletti. Vali Yavuz yapt\u0131\u011f\u0131 a\u00e7\u0131klamada,&nbsp;\u201cMerhumeye Allah\u2019tan rahmet, ba\u015fta say\u0131n \u00d6znur \u00c7al\u0131k ve say\u0131n Kenan \u00c7al\u0131k olmak \u00fczere ailelerine, yak\u0131nlar\u0131na ve sevenlerine sab\u0131r ve ba\u015fsa\u011fl\u0131\u011f\u0131 diliyorum. Mek\u00e2n\u0131 cennet, makam\u0131 \u00e2li olsun\u201d ifadelerini kulland\u0131.<\/p>\n\n\n\n<figure class=\"wp-block-image\"><img decoding=\"async\" src=\"https:\/\/www.malatyakalitehaber.com\/files\/uploads\/1780403047-e8370.jpeg\" alt=\"\"\/><\/figure>\n\n\n\n<p class=\"wp-block-paragraph\">Olduk\u00e7a \u00fczg\u00fcn oldu\u011fu g\u00f6zlenen Vali Yavuz\u2019un cenaze s\u0131ras\u0131nda naa\u015f\u0131n ta\u015f\u0131nmas\u0131na da yard\u0131mc\u0131 olmas\u0131 dikkat \u00e7ekti. Bu davran\u0131\u015f, t\u00f6rene kat\u0131lan vatanda\u015flar taraf\u0131ndan takdirle kar\u015f\u0131land\u0131.<\/p>\n\n\n\n<p class=\"wp-block-paragraph\">Malatya siyasetinin \u00f6nemli isimlerinden biri olan \u00d6znur \u00c7al\u0131k\u2019\u0131 bu ac\u0131l\u0131 g\u00fcn\u00fcnde yaln\u0131z b\u0131rakmayanlar aras\u0131nda AK Parti Malatya \u0130l Ba\u015fkan\u0131 Ali Bakan, Ye\u015filyurt Belediye Ba\u015fkan\u0131 \u0130lhan Ge\u00e7it, Battalgazi Belediye Ba\u015fkan\u0131 Bayram Ta\u015fk\u0131n ve Malatya Emniyet M\u00fcd\u00fcr\u00fc Kayhan Ay da yer ald\u0131.<\/p>\n\n\n\n<p class=\"wp-block-paragraph\">AK Parti Malatya \u0130l Ba\u015fkan\u0131 Ali Bakan ise cenazeyle ilgili yapt\u0131\u011f\u0131 a\u00e7\u0131klamada \u015fu ifadeleri kulland\u0131:<\/p>\n\n\n\n<figure class=\"wp-block-image\"><img decoding=\"async\" src=\"https:\/\/www.malatyakalitehaber.com\/files\/uploads\/1780403074-f15b9.jpeg\" alt=\"\"\/><\/figure>\n\n\n\n<p class=\"wp-block-paragraph\">\u201c\u00d6nceki d\u00f6nem Malatya milletvekilimiz, Cumhurba\u015fkanl\u0131\u011f\u0131 Sosyal ve Gen\u00e7lik Politikalar\u0131 Kurulu \u00fcyemiz Say\u0131n \u00d6znur \u00c7al\u0131k\u2019\u0131n vefat eden kay\u0131nvalidesi Zennure \u00c7al\u0131k\u2019\u0131n cenaze merasimine kat\u0131ld\u0131k. Rabbim merhumeye rahmetiyle muamele etsin. Mek\u00e2n\u0131n\u0131 cennet eylesin. Say\u0131n vekilimiz ve e\u015fi Kenan \u00c7al\u0131k ba\u015fta olmak \u00fczere \u00c7al\u0131k ailesine ve yak\u0131nlar\u0131na sabr\u0131cemil niyaz ediyorum.\u201d<\/p>\n\n\n\n<p class=\"wp-block-paragraph\">Zennure \u00c7al\u0131k\u2019\u0131n cenazesi, k\u0131l\u0131nan cenaze namaz\u0131n\u0131n ard\u0131ndan dualar e\u015fli\u011finde topra\u011fa verildi. Malatya protokol\u00fcn\u00fcn yo\u011fun kat\u0131l\u0131m g\u00f6sterdi\u011fi t\u00f6rende, birlik ve dayan\u0131\u015fma mesajlar\u0131 \u00f6ne \u00e7\u0131kt\u0131.<\/p>\n","protected":false},"excerpt":{"rendered":"<p>\u00d6znur \u00c7al\u0131k\u2019\u0131n kay\u0131nvalidesi Zennure \u00c7al\u0131k son yolculu\u011funa u\u011furland\u0131. Malatya protokol\u00fc cenazede \u00c7al\u0131k ailesine destek verdi&#8230;.<\/p>\n","protected":false},"author":1,"featured_media":187,"comment_status":"open","ping_status":"open","sticky":false,"template":"","format":"standard","meta":{"footnotes":""},"categories":[1],"tags":[],"class_list":["post-185","post","type-post","status-publish","format-standard","has-post-thumbnail","hentry","category-malatya-gundemi"],"_links":{"self":[{"href":"https:\/\/gundem44.com.tr\/index.php?rest_route=\/wp\/v2\/posts\/185","targetHints":{"allow":["GET"]}}],"collection":[{"href":"https:\/\/gundem44.com.tr\/index.php?rest_route=\/wp\/v2\/posts"}],"about":[{"href":"https:\/\/gundem44.com.tr\/index.php?rest_route=\/wp\/v2\/types\/post"}],"author":[{"embeddable":true,"href":"https:\/\/gundem44.com.tr\/index.php?rest_route=\/wp\/v2\/users\/1"}],"replies":[{"embeddable":true,"href":"https:\/\/gundem44.com.tr\/index.php?rest_route=%2Fwp%2Fv2%2Fcomments&post=185"}],"version-history":[{"count":1,"href":"https:\/\/gundem44.com.tr\/index.php?rest_route=\/wp\/v2\/posts\/185\/revisions"}],"predecessor-version":[{"id":188,"href":"https:\/\/gundem44.com.tr\/index.php?rest_route=\/wp\/v2\/posts\/185\/revisions\/188"}],"wp:featuredmedia":[{"embeddable":true,"href":"https:\/\/gundem44.com.tr\/index.php?rest_route=\/wp\/v2\/media\/187"}],"wp:attachment":[{"href":"https:\/\/gundem44.com.tr\/index.php?rest_route=%2Fwp%2Fv2%2Fmedia&parent=185"}],"wp:term":[{"taxonomy":"category","embeddable":true,"href":"https:\/\/gundem44.com.tr\/index.php?rest_route=%2Fwp%2Fv2%2Fcategories&post=185"},{"taxonomy":"post_tag","embeddable":true,"href":"https:\/\/gundem44.com.tr\/index.php?rest_route=%2Fwp%2Fv2%2Ftags&post=185"}],"curies":[{"name":"wp","href":"https:\/\/api.w.org\/{rel}","templated":true}]}}