{"id":182,"date":"2026-06-02T13:59:25","date_gmt":"2026-06-02T13:59:25","guid":{"rendered":"https:\/\/gundem44.com.tr\/?p=182"},"modified":"2026-06-02T13:59:26","modified_gmt":"2026-06-02T13:59:26","slug":"malatyada-2-ilceye-mujde-180-gun-sure-verildi","status":"publish","type":"post","link":"https:\/\/gundem44.com.tr\/?p=182","title":{"rendered":"Malatya&#8217;da 2 \u0130l\u00e7eye M\u00fcjde! 180 G\u00fcn S\u00fcre Verildi"},"content":{"rendered":"\n<p class=\"wp-block-paragraph\">Malatya B\u00fcy\u00fck\u015fehir Belediyesi, tar\u0131msal \u00fcretimi \u015fahland\u0131racak dev bir ad\u0131m atarak Ak\u00e7ada\u011f ve P\u00fct\u00fcrge il\u00e7elerini kapsayan tar\u0131msal sulama havuzlar\u0131n\u0131n yap\u0131m ve onar\u0131m\u0131 i\u00e7in ihaleye \u00e7\u0131k\u0131yor. \u00c7ift\u00e7ilere can suyu olacak projelerin tamamlanmas\u0131 i\u00e7in y\u00fcklenici firmalara 180 g\u00fcn s\u00fcre verilecek.<\/p>\n\n\n\n<p class=\"wp-block-paragraph\">Tar\u0131m\u0131n ve \u00fcretimin kalbi Malatya&#8217;da, \u00e7ift\u00e7ilerin en b\u00fcy\u00fck ihtiya\u00e7lar\u0131ndan biri olan sulama sorununa k\u00f6kl\u00fc bir ne\u015fter vuruluyor. Malatya B\u00fcy\u00fck\u015fehir Belediyesi Tar\u0131msal Hizmetler Dairesi Ba\u015fkanl\u0131\u011f\u0131, kent genelinde tar\u0131msal altyap\u0131y\u0131 g\u00fc\u00e7lendirmek amac\u0131yla Ak\u00e7ada\u011f ve P\u00fct\u00fcrge il\u00e7eleri a\u011f\u0131rl\u0131kl\u0131 olmak \u00fczere iki \u00f6nemli ihalenin detaylar\u0131n\u0131 payla\u015ft\u0131. Elektronik Kamu Al\u0131mlar\u0131 Platformu (EKAP) \u00fczerinden a\u00e7\u0131k ihale usul\u00fcyle yap\u0131lacak al\u0131mlarla, her iki il\u00e7ede tar\u0131msal sulama havuzlar\u0131 in\u015fa edilecek ve mevcut havuzlar\u0131n onar\u0131m\u0131 ger\u00e7ekle\u015ftirilecek.<\/p>\n\n\n\n<p class=\"wp-block-paragraph\"><strong>Ak\u00e7ada\u011f \u0130\u00e7in \u0130hale Tarihi 10 Haziran<\/strong><\/p>\n\n\n\n<p class=\"wp-block-paragraph\">Kay\u0131s\u0131 \u00fcretiminin lokomotif b\u00f6lgelerinden Ak\u00e7ada\u011f a\u011f\u0131rl\u0131kl\u0131 olarak y\u00fcr\u00fct\u00fclecek &#8220;Grup 4 Tar\u0131msal Sulama Havuzu Yap\u0131m ve Onar\u0131m \u0130\u015fi&#8221; i\u00e7in geri say\u0131m ba\u015flad\u0131. \u0130hale,&nbsp;<strong>10 Haziran 2026<\/strong>&nbsp;tarihinde saat 14.30&#8217;da ger\u00e7ekle\u015ftirilecek.<\/p>\n\n\n\n<p class=\"wp-block-paragraph\">B\u00f6lgedeki sulama suyu kapasitesini b\u00fcy\u00fck oranda art\u0131racak projenin teknik detaylar\u0131 \u015fu \u015fekilde a\u00e7\u0131kland\u0131:<\/p>\n\n\n\n<ul class=\"wp-block-list\">\n<li><strong>111.681 metrek\u00fcp<\/strong>\u00a0kaz\u0131 i\u015flemi,<\/li>\n\n\n\n<li><strong>1.133 metrek\u00fcp<\/strong>\u00a0betonarme imalat\u0131,<\/li>\n\n\n\n<li><strong>Y\u00fcz binlerce ton<\/strong>\u00a0(ta\u015f, kum, \u00e7ak\u0131l ve \u00e7imento) in\u015faat malzemesi nakli.<\/li>\n<\/ul>\n\n\n\n<p class=\"wp-block-paragraph\"><strong>P\u00fct\u00fcrge&#8217;de G\u00f6zler 12 Haziran&#8217;daki \u0130halede<\/strong><\/p>\n\n\n\n<p class=\"wp-block-paragraph\">Tar\u0131msal yat\u0131r\u0131mlar\u0131n bir di\u011fer \u00f6nemli aya\u011f\u0131 ise P\u00fct\u00fcrge il\u00e7esi olacak. P\u00fct\u00fcrge a\u011f\u0131rl\u0131kl\u0131 &#8220;Grup 2 Tar\u0131msal Sulama Havuzu Yap\u0131m ve Onar\u0131m \u0130\u015fi&#8221; ihalesi,&nbsp;<strong>12 Haziran 2026<\/strong>&nbsp;tarihinde saat 10.30&#8217;da d\u00fczenlenecek.<\/p>\n\n\n\n<p class=\"wp-block-paragraph\">P\u00fct\u00fcrgeli \u00fcreticilerin ba\u011f ve bah\u00e7elerine adeta can suyu verecek olan yat\u0131r\u0131m\u0131n kapsam\u0131 ise \u015f\u00f6yle:<\/p>\n\n\n\n<ul class=\"wp-block-list\">\n<li><strong>14.329 metrek\u00fcp<\/strong>\u00a0kaz\u0131 ve\u00a0<strong>4.178 metrekare<\/strong>\u00a0betonarme kal\u0131p i\u015f\u00e7ili\u011fi,<\/li>\n<\/ul>\n\n\n\n<ul class=\"wp-block-list\">\n<li>35 adet yeni vana yerle\u015ftirilmesi ve \u00e7elik boru ba\u011flant\u0131lar\u0131,<\/li>\n\n\n\n<li>Havuzlar\u0131n g\u00fcvenli\u011fi i\u00e7in\u00a0<strong>1.270 metre<\/strong>\u00a0koruyucu \u00e7it yap\u0131m\u0131.<\/li>\n<\/ul>\n\n\n\n<p class=\"wp-block-paragraph\"><strong>S\u00f6zle\u015fme Sonras\u0131 Sadece 180 G\u00fcn S\u00fcre Verilecek<\/strong><\/p>\n\n\n\n<p class=\"wp-block-paragraph\">Sadece yerli isteklilere a\u00e7\u0131k olan ve EKAP \u00fczerinden e-teklif y\u00f6ntemiyle ger\u00e7ekle\u015ftirilecek ihalelerde h\u0131z b\u00fcy\u00fck \u00f6nem ta\u015f\u0131yor. B\u00fcy\u00fck\u015fehir Belediyesi, \u00e7ift\u00e7ilerin bir an \u00f6nce suya kavu\u015fmas\u0131 ad\u0131na y\u00fcklenici firmalara k\u0131s\u0131tl\u0131 bir zaman tan\u0131d\u0131. \u0130hale s\u00fcrecinin tamamlan\u0131p s\u00f6zle\u015fmenin imzalanmas\u0131ndan sonraki 10 g\u00fcn i\u00e7inde yer teslimi yap\u0131lacak. \u0130haleyi kazanan firmalar\u0131n, her iki il\u00e7edeki dev tar\u0131msal yat\u0131r\u0131m\u0131 yer tesliminden itibaren en ge\u00e7&nbsp;<strong>180 takvim g\u00fcn\u00fc<\/strong>&nbsp;(yakla\u015f\u0131k 6 ay) i\u00e7inde tamamlayarak teslim etmesi zorunlu olacak.<\/p>\n","protected":false},"excerpt":{"rendered":"<p>Malatya B\u00fcy\u00fck\u015fehir Belediyesi, tar\u0131msal \u00fcretimi \u015fahland\u0131racak dev bir ad\u0131m atarak Ak\u00e7ada\u011f ve P\u00fct\u00fcrge il\u00e7elerini kapsayan&#8230;<\/p>\n","protected":false},"author":1,"featured_media":183,"comment_status":"open","ping_status":"open","sticky":false,"template":"","format":"standard","meta":{"footnotes":""},"categories":[23,21],"tags":[],"class_list":["post-182","post","type-post","status-publish","format-standard","has-post-thumbnail","hentry","category-akcadag","category-puturge"],"_links":{"self":[{"href":"https:\/\/gundem44.com.tr\/index.php?rest_route=\/wp\/v2\/posts\/182","targetHints":{"allow":["GET"]}}],"collection":[{"href":"https:\/\/gundem44.com.tr\/index.php?rest_route=\/wp\/v2\/posts"}],"about":[{"href":"https:\/\/gundem44.com.tr\/index.php?rest_route=\/wp\/v2\/types\/post"}],"author":[{"embeddable":true,"href":"https:\/\/gundem44.com.tr\/index.php?rest_route=\/wp\/v2\/users\/1"}],"replies":[{"embeddable":true,"href":"https:\/\/gundem44.com.tr\/index.php?rest_route=%2Fwp%2Fv2%2Fcomments&post=182"}],"version-history":[{"count":1,"href":"https:\/\/gundem44.com.tr\/index.php?rest_route=\/wp\/v2\/posts\/182\/revisions"}],"predecessor-version":[{"id":184,"href":"https:\/\/gundem44.com.tr\/index.php?rest_route=\/wp\/v2\/posts\/182\/revisions\/184"}],"wp:featuredmedia":[{"embeddable":true,"href":"https:\/\/gundem44.com.tr\/index.php?rest_route=\/wp\/v2\/media\/183"}],"wp:attachment":[{"href":"https:\/\/gundem44.com.tr\/index.php?rest_route=%2Fwp%2Fv2%2Fmedia&parent=182"}],"wp:term":[{"taxonomy":"category","embeddable":true,"href":"https:\/\/gundem44.com.tr\/index.php?rest_route=%2Fwp%2Fv2%2Fcategories&post=182"},{"taxonomy":"post_tag","embeddable":true,"href":"https:\/\/gundem44.com.tr\/index.php?rest_route=%2Fwp%2Fv2%2Ftags&post=182"}],"curies":[{"name":"wp","href":"https:\/\/api.w.org\/{rel}","templated":true}]}}