{"id":179,"date":"2026-06-02T13:56:32","date_gmt":"2026-06-02T13:56:32","guid":{"rendered":"https:\/\/gundem44.com.tr\/?p=179"},"modified":"2026-06-02T13:56:33","modified_gmt":"2026-06-02T13:56:33","slug":"sevilen-basarili-mudur-fatih-sahin-kalbine-yenik-dusup-hakka-yurudu","status":"publish","type":"post","link":"https:\/\/gundem44.com.tr\/?p=179","title":{"rendered":"Sevilen ba\u015far\u0131l\u0131 M\u00fcd\u00fcr Fatih \u015eahin Kalbine Yenik d\u00fc\u015f\u00fcp hakka y\u00fcr\u00fcd\u00fc"},"content":{"rendered":"\n<p class=\"wp-block-paragraph\">Malatya\u2019n\u0131n P\u00fct\u00fcrge il\u00e7esinde uzun y\u0131llard\u0131r e\u011fitim camias\u0131na hizmet eden Halk E\u011fitim Merkezi M\u00fcd\u00fcr\u00fc Fatih \u015eahin, ge\u00e7irdi\u011fi kalp krizi sonucu hakka y\u00fcr\u00fcd\u00fc.<\/p>\n\n\n\n<p class=\"wp-block-paragraph\"><strong>Ak\u00e7ada\u011f Il\u0131cak\u2019l\u0131 Velio\u011flu a\u015firetinden olan ve olduk\u00e7a sevilen ba\u015far\u0131l\u0131 M\u00fcd\u00fcr Fatih \u015eahin 47 ya\u015f\u0131nda Evli ve 2 \u00e7ocuk babas\u0131yd\u0131.<\/strong><\/p>\n\n\n\n<p class=\"wp-block-paragraph\"><strong>P\u00fct\u00fcrge&nbsp;il\u00e7esinde yakla\u015f\u0131k 10 y\u0131ld\u0131r&nbsp;Halk E\u011fitim Merkezi M\u00fcd\u00fcr\u00fc&nbsp;olarak g\u00f6rev yapan ve ayn\u0131 zamanda&nbsp;T\u00fcrk E\u011fitim-Sen&nbsp;\u0130l\u00e7e Temsilcili\u011fi g\u00f6revini de y\u00fcr\u00fcten Fatih \u015eahin, ani bir kalp krizi ge\u00e7irdi.<\/strong><\/p>\n\n\n\n<p class=\"wp-block-paragraph\"><strong>Kalbine yenik d\u00fc\u015fen sevilen M\u00fcd\u00fcr Fatih \u015eahin\u2019in \u00f6l\u00fcm\u00fc ilesini sevenlerini, a\u015firetini ve Malatya E\u011fitim Camias\u0131n\u0131 yasa bo\u011fdu.<\/strong><\/p>\n\n\n\n<p class=\"wp-block-paragraph\"><strong>BA\u015eARILARIYLA TANINIYORDU VE SEV\u0130L\u0130YORDU\u2026:<\/strong><\/p>\n\n\n\n<p class=\"wp-block-paragraph\"><strong>P\u00fct\u00fcrge\u2019de il\u00e7esinde e\u011fitim ve halk e\u011fitim faaliyetlerinde aktif g\u00f6rev yapan Fatih \u015eahin, b\u00f6lgede sevilen ve sayg\u0131 duyulan bir e\u011fitimci kimli\u011fi ile \u00f6ne \u00e7\u0131k\u0131yordu.<\/strong><\/p>\n\n\n\n<p class=\"wp-block-paragraph\"><strong>SOSYAL FAA\u0130LYETLER\u0130 \u0130LE TANINIYORDU\u2026:<\/strong><\/p>\n\n\n\n<p class=\"wp-block-paragraph\"><strong>P\u00fct\u00fcrge \u00d6\u011fretmenevi ve Halk E\u011fitim Merkezi projelerinin y\u00fcr\u00fct\u00fclmesinde aktif \u00e7al\u0131\u015fmalar ger\u00e7ekle\u015ftiren Fatih \u015eahin, son d\u00f6nemde il\u00e7edeki memurlar aras\u0131nda d\u00fczenlenen sosyal ve k\u00fclt\u00fcrel organizasyonlar ile spor turnuvalar\u0131na \u00f6nc\u00fcl\u00fck eden isimdi.<\/strong><\/p>\n\n\n\n<p class=\"wp-block-paragraph\"><strong>L\u0130DER \u0130S\u0130M OLARAK \u00d6NE \u00c7IKIYORDU\u2026:<\/strong><\/p>\n\n\n\n<p class=\"wp-block-paragraph\"><strong>E\u011fitimcili\u011finin yan\u0131 s\u0131ra sivil toplum faaliyetlerinde de lider isim olarak \u00f6ne \u00e7\u0131kan Fatih \u015eahin, T\u00fcrk E\u011fitim-Sen P\u00fct\u00fcrge \u0130l\u00e7e Temsilcisi (\u015eube Ba\u015fkan\u0131) olarak g\u00f6rev yap\u0131yordu.<\/strong><\/p>\n\n\n\n<p class=\"wp-block-paragraph\"><strong>SEND\u0130KA GENEL BA\u015eKANINDAN BA\u015eSA\u011eLI\u011eI MESAJI<\/strong><\/p>\n\n\n\n<p class=\"wp-block-paragraph\"><strong>Fatih \u015eahin\u2019in vefat\u0131n\u0131n ard\u0131ndan T\u00fcrk E\u011fitim-Sen Genel Ba\u015fkan\u0131 Talip Geylan bir taziye mesaj\u0131 yay\u0131mlad\u0131. Geylan mesaj\u0131nda,<\/strong><\/p>\n\n\n\n<p class=\"wp-block-paragraph\"><strong>\u201cP\u00fct\u00fcrge il\u00e7e temsilcimiz Fatih \u015eahin karde\u015fimiz vefat etmi\u015ftir. Allah rahmet eylesin. Ailesine ve camiam\u0131za sab\u0131r ve ba\u015fsa\u011fl\u0131\u011f\u0131 niyaz ediyorum\u201d ifadelerine yer verdi.<\/strong><\/p>\n\n\n\n<figure class=\"wp-block-image\"><img decoding=\"async\" src=\"https:\/\/pbs.twimg.com\/media\/HI6NRgQXAAAxfrx?format=jpg&amp;name=small\" alt=\"Resim\" title=\"Sevilen ba\u015far\u0131l\u0131 M\u00fcd\u00fcr Fatih \u015eahin Kalbine Yenik d\u00fc\u015f\u00fcp hakka y\u00fcr\u00fcd\u00fc 1\"\/><\/figure>\n\n\n\n<p class=\"wp-block-paragraph\"><strong>M\u0130LL\u0130 E\u011e\u0130T\u0130M M\u00dcD\u00dcR\u00dc BEH\u00c7ET BAKIR\u2019DAN BA\u015eSA\u011eLI\u011eI MESAJI\u2026:<\/strong><\/p>\n\n\n\n<p class=\"wp-block-paragraph\"><strong>\u201cMalatya e\u011fitim ailemizin k\u0131ymetli \u00fcyesi olan P\u00fct\u00fcrge Halk E\u011fitimi Merkezi M\u00fcd\u00fcr\u00fcm\u00fcz Fatih \u015eahin\u2019in, ge\u00e7irdi\u011fi kalp rahats\u0131zl\u0131\u011f\u0131 sonucu vefat etti\u011fini derin bir \u00fcz\u00fcnt\u00fcyle \u00f6\u011frenmi\u015f bulunmaktay\u0131z. Merhuma Allah\u2019tan rahmet; kederli ailesine, \u00f6\u011frencilerine ve t\u00fcm mesai arkada\u015flar\u0131m\u0131za sab\u0131r ve ba\u015fsa\u011fl\u0131\u011f\u0131 dileriz. Rabbim; mek\u00e2n\u0131n\u0131 Cennet, makam\u0131n\u0131 \u00e2li eylesin.\u201d<\/strong><\/p>\n\n\n\n<p class=\"wp-block-paragraph\"><strong>P\u00dcT\u00dcRGE BELED\u0130YE BA\u015eKANI M\u0130KA\u0130L S\u00dcL\u00dcK\u2019TEN BA\u015eSA\u011eLI\u011eI MESAJI\u2026:<\/strong><\/p>\n\n\n\n<p class=\"wp-block-paragraph\"><strong>P\u00fct\u00fcrge \u0130l\u00e7e Halk E\u011fitim M\u00fcd\u00fcr\u00fcm\u00fcz Fatih \u015eahin\u2019in ge\u00e7irdi\u011fi kalp krizi sonucu vefat etti\u011fini derin bir \u00fcz\u00fcnt\u00fcyle \u00f6\u011frenmi\u015f bulunmaktay\u0131m. Merhuma Allah\u2019tan rahmet; ailesine, yak\u0131nlar\u0131na, e\u011fitim camiam\u0131za ve t\u00fcm hem\u015fehrilerimize sab\u0131r ve ba\u015fsa\u011fl\u0131\u011f\u0131 diliyorum. Mek\u00e2n\u0131 cennet olsun.\u201d<\/strong><\/p>\n\n\n\n<figure class=\"wp-block-image\"><img decoding=\"async\" src=\"https:\/\/pbs.twimg.com\/media\/HISxpTrXUAAf_GG?format=jpg&amp;name=small\" alt=\"Resim\" title=\"Sevilen ba\u015far\u0131l\u0131 M\u00fcd\u00fcr Fatih \u015eahin Kalbine Yenik d\u00fc\u015f\u00fcp hakka y\u00fcr\u00fcd\u00fc 2\"\/><\/figure>\n\n\n\n<p class=\"wp-block-paragraph\"><strong>FAT\u0130H \u015eAH\u0130N\u2019\u0130N D\u00dcZENLED\u0130\u011e\u0130 TURNUVA VEFAT ETT\u0130\u011e\u0130 G\u00dcN SONA ERD\u0130\u2026:<\/strong><\/p>\n\n\n\n<p class=\"wp-block-paragraph\"><strong>Bu arada Halk E\u011fitim Merkezi M\u00fcd\u00fcr\u00fc Fatih \u015eahin taraf\u0131ndan d\u00fczenlenen Futbol turnuvas\u0131 da vefat etti\u011fi g\u00fcn sona erdi.<\/strong><\/p>\n\n\n\n<p class=\"wp-block-paragraph\"><strong>Kurumlar Aras\u0131 Futbol Turnuvas\u0131 Final ma\u00e7\u0131yla Sona Erdi<\/strong><\/p>\n\n\n\n<p class=\"wp-block-paragraph\"><strong>P\u00fct\u00fcrge\u2019de d\u00fczenlenen Kurumlar Aras\u0131 Futbol Turnuvas\u0131, b\u00fcy\u00fck heyecana sahne olan final m\u00fcsabakas\u0131yla tamamland\u0131. Final kar\u015f\u0131la\u015fmas\u0131nda P\u00fct\u00fcrge Belediyespor ile De\u011firmencio\u011flu Spor Kul\u00fcb\u00fc kar\u015f\u0131 kar\u015f\u0131ya geldi. Centilmence ve dostluk i\u00e7erisinde ge\u00e7en m\u00fccadelede rakibi kar\u015f\u0131s\u0131nda ma\u011flup olan P\u00fct\u00fcrge Belediyespor, turnuvay\u0131 ikinci s\u0131rada tamamlad\u0131.<\/strong><\/p>\n\n\n\n<p class=\"wp-block-paragraph\"><strong>Turnuva boyunca ortaya koydu\u011fu m\u00fccadeleyle dikkat \u00e7eken P\u00fct\u00fcrge Belediyespor\u2019un finale kadar y\u00fckselmesinde tak\u0131m ruhu ve dayan\u0131\u015fma \u00f6n plana \u00e7\u0131karken, Mikail S\u00fcl\u00fck de turnuva s\u00fcresince sahada aktif olarak forma giydi. Ba\u015fkan S\u00fcl\u00fck\u2019\u00fcn ma\u00e7larda tak\u0131m\u0131yla birlikte m\u00fccadele etmesi vatanda\u015flardan da takdir toplad\u0131.<\/strong><\/p>\n\n\n\n<p class=\"wp-block-paragraph\"><strong>Final kar\u015f\u0131la\u015fmas\u0131n\u0131n ard\u0131ndan iki tak\u0131m sporun birle\u015ftirici ruhuna uygun \u015fekilde kupay\u0131 birlikte kald\u0131rarak dostluk mesaj\u0131 verdi. Turnuva sonunda a\u00e7\u0131klamada bulunan Ba\u015fkan Mikail S\u00fcl\u00fck, organizasyona kat\u0131lan t\u00fcm tak\u0131mlar\u0131 ve \u015fampiyon olan De\u011firmencio\u011flu Spor Kul\u00fcb\u00fc\u2019n\u00fc tebrik ederek eme\u011fi ge\u00e7en herkese te\u015fekk\u00fcr etti.<\/strong><\/p>\n","protected":false},"excerpt":{"rendered":"<p>Malatya\u2019n\u0131n P\u00fct\u00fcrge il\u00e7esinde uzun y\u0131llard\u0131r e\u011fitim camias\u0131na hizmet eden Halk E\u011fitim Merkezi M\u00fcd\u00fcr\u00fc Fatih \u015eahin,&#8230;<\/p>\n","protected":false},"author":1,"featured_media":180,"comment_status":"open","ping_status":"open","sticky":false,"template":"","format":"standard","meta":{"footnotes":""},"categories":[21],"tags":[],"class_list":["post-179","post","type-post","status-publish","format-standard","has-post-thumbnail","hentry","category-puturge"],"_links":{"self":[{"href":"https:\/\/gundem44.com.tr\/index.php?rest_route=\/wp\/v2\/posts\/179","targetHints":{"allow":["GET"]}}],"collection":[{"href":"https:\/\/gundem44.com.tr\/index.php?rest_route=\/wp\/v2\/posts"}],"about":[{"href":"https:\/\/gundem44.com.tr\/index.php?rest_route=\/wp\/v2\/types\/post"}],"author":[{"embeddable":true,"href":"https:\/\/gundem44.com.tr\/index.php?rest_route=\/wp\/v2\/users\/1"}],"replies":[{"embeddable":true,"href":"https:\/\/gundem44.com.tr\/index.php?rest_route=%2Fwp%2Fv2%2Fcomments&post=179"}],"version-history":[{"count":1,"href":"https:\/\/gundem44.com.tr\/index.php?rest_route=\/wp\/v2\/posts\/179\/revisions"}],"predecessor-version":[{"id":181,"href":"https:\/\/gundem44.com.tr\/index.php?rest_route=\/wp\/v2\/posts\/179\/revisions\/181"}],"wp:featuredmedia":[{"embeddable":true,"href":"https:\/\/gundem44.com.tr\/index.php?rest_route=\/wp\/v2\/media\/180"}],"wp:attachment":[{"href":"https:\/\/gundem44.com.tr\/index.php?rest_route=%2Fwp%2Fv2%2Fmedia&parent=179"}],"wp:term":[{"taxonomy":"category","embeddable":true,"href":"https:\/\/gundem44.com.tr\/index.php?rest_route=%2Fwp%2Fv2%2Fcategories&post=179"},{"taxonomy":"post_tag","embeddable":true,"href":"https:\/\/gundem44.com.tr\/index.php?rest_route=%2Fwp%2Fv2%2Ftags&post=179"}],"curies":[{"name":"wp","href":"https:\/\/api.w.org\/{rel}","templated":true}]}}