{"id":173,"date":"2026-06-02T13:47:25","date_gmt":"2026-06-02T13:47:25","guid":{"rendered":"https:\/\/gundem44.com.tr\/?p=173"},"modified":"2026-06-02T13:47:26","modified_gmt":"2026-06-02T13:47:26","slug":"battalgazinin-tarihi-mirasinda-koruma-ve-restorasyon-seferberligi","status":"publish","type":"post","link":"https:\/\/gundem44.com.tr\/?p=173","title":{"rendered":"Battalgazi\u2019nin Tarihi Miras\u0131nda Koruma ve Restorasyon Seferberli\u011fi"},"content":{"rendered":"\n<p class=\"wp-block-paragraph\">Vali Seddar Yavuz, Battalgazi il\u00e7esinde bulunan ve \u015fehrin \u00f6nemli tarihi miraslar\u0131 aras\u0131nda yer alan 40 Karde\u015fler Mezarl\u0131\u011f\u0131\u2019nda incelemelerde bulundu.<\/p>\n\n\n\n<p class=\"wp-block-paragraph\">Ger\u00e7ekle\u015ftirilen saha ziyaretine Vali Yavuz\u2019un yan\u0131 s\u0131ra, Vali Yard\u0131mc\u0131s\u0131 Bilal Basr\u0131, \u0130l Emniyet M\u00fcd\u00fcr\u00fc Kayhan Ay, \u0130l Jandarma Komutan\u0131 K\u0131demli Albay Tolunay Ba\u015fer, Battalgazi Belediye Ba\u015fkan\u0131 Bayram Ta\u015fk\u0131n ve \u0130l K\u00fclt\u00fcr ve Turizm M\u00fcd\u00fcr\u00fc Yener Oba kat\u0131ld\u0131.<\/p>\n\n\n\n<p class=\"wp-block-paragraph\">Alan\u0131n mevcut durumu hakk\u0131nda yetkililerden bilgi alan Vali Yavuz, mezarl\u0131kta korunmas\u0131 gereken tarihi ve k\u00fclt\u00fcrel de\u011ferlerin titizlikle muhafaza edilmesinin \u00f6nemine dikkat \u00e7ekti. \u0130ncelemeler kapsam\u0131nda alanda yap\u0131lmas\u0131 planlanan \u00e7al\u0131\u015fmalar de\u011ferlendirilirken, Vali Yavuz taraf\u0131ndan mezarl\u0131\u011f\u0131n tarihi dokusuna uygun \u015fekilde restore edilmesi ve \u00e7evre d\u00fczenlemelerinin ger\u00e7ekle\u015ftirilmesi y\u00f6n\u00fcnde ilgili kurumlara talimat verildi.<\/p>\n\n\n\n<p class=\"wp-block-paragraph\">Ziyaret s\u0131ras\u0131nda mezarl\u0131k alan\u0131ndaki mevcut fiziki ko\u015fullar, bak\u0131m ve onar\u0131m ihtiya\u00e7lar\u0131 ile tarihi mezar ta\u015flar\u0131n\u0131n korunmas\u0131na y\u00f6nelik yap\u0131labilecek \u00e7al\u0131\u015fmalar da ele al\u0131nd\u0131. Yetkililer taraf\u0131ndan y\u00fcr\u00fct\u00fclen de\u011ferlendirmelerde, alan\u0131n hem k\u00fclt\u00fcrel miras a\u00e7\u0131s\u0131ndan korunmas\u0131 hem de ziyaret\u00e7iler i\u00e7in daha d\u00fczenli ve eri\u015filebilir hale getirilmesi amac\u0131yla planlanan projeler hakk\u0131nda bilgi verildi.<\/p>\n\n\n\n<p class=\"wp-block-paragraph\">Vali Yavuz, tarihi mekanlar\u0131n yaln\u0131zca ge\u00e7mi\u015fin izlerini ta\u015f\u0131yan yap\u0131lar olmad\u0131\u011f\u0131n\u0131, ayn\u0131 zamanda toplumun ortak haf\u0131zas\u0131n\u0131 yans\u0131tan \u00f6nemli de\u011ferler oldu\u011funu ifade ederek, bu t\u00fcr alanlar\u0131n korunmas\u0131n\u0131n kamu kurumlar\u0131n\u0131n yan\u0131 s\u0131ra vatanda\u015flar\u0131n da ortak sorumlulu\u011fu oldu\u011funu vurgulad\u0131. Mezarl\u0131\u011f\u0131n sahip oldu\u011fu tarihi kimli\u011fin gelecek y\u0131llarda da ya\u015fat\u0131labilmesi i\u00e7in gerekli \u00e7al\u0131\u015fmalar\u0131n hassasiyetle s\u00fcrd\u00fcr\u00fclece\u011fini belirtti.<\/p>\n\n\n\n<p class=\"wp-block-paragraph\">Tarihi ve k\u00fclt\u00fcrel miras\u0131n gelecek nesillere aktar\u0131lmas\u0131n\u0131n \u00f6nemine de\u011finen Vali Yavuz, kurumlar aras\u0131 i\u015f birli\u011fiyle 40 Karde\u015fler Mezarl\u0131\u011f\u0131\u2019n\u0131n hak etti\u011fi de\u011fere kavu\u015fturulaca\u011f\u0131n\u0131 ifade etti.<\/p>\n\n\n\n<p class=\"wp-block-paragraph\">Vali Yavuz ve beraberindeki heyet,40 Karde\u015fler Mezarl\u0131k alan\u0131nda yap\u0131lan incelemelerin ard\u0131ndan, restorasyonu devam eden&nbsp;Ulu Cami ve \u015eahabbiyye -i K\u00fcbra Medresesi\u2019nde yap\u0131m s\u00fcreci hakk\u0131nda bilgi alarak, \u00e7al\u0131\u015fmalara ili\u015fkin fikir al\u0131\u015fveri\u015finin bulunulmas\u0131n\u0131n ard\u0131ndan program sona erdi.<\/p>\n\n\n\n<p class=\"wp-block-paragraph\"><a href=\"javascript:void(0);\"><\/a><\/p>\n\n\n\n<figure class=\"wp-block-image\"><img decoding=\"async\" src=\"https:\/\/www.malatya.gov.tr\/kurumlar\/malatya.gov.tr\/Haberler\/2026-HABER\/Battalgazi-Restorasyon-\/WhatsApp-Image-2026_06_01-at-173608-_3_.jpeg\" alt=\"\" title=\"\"\/><\/figure>\n\n\n\n<figure class=\"wp-block-image\"><img decoding=\"async\" src=\"https:\/\/www.malatya.gov.tr\/kurumlar\/malatya.gov.tr\/Haberler\/2026-HABER\/Battalgazi-Restorasyon-\/WhatsApp-Image-2026_06_01-at-173608-_4_.jpeg\" alt=\"\" title=\"\"\/><\/figure>\n\n\n\n<figure class=\"wp-block-image\"><img decoding=\"async\" src=\"https:\/\/www.malatya.gov.tr\/kurumlar\/malatya.gov.tr\/Haberler\/2026-HABER\/Battalgazi-Restorasyon-\/WhatsApp-Image-2026_06_01-at-173609-_1_.jpeg?mode=resize&amp;width=800\" alt=\"\" title=\"\"\/><\/figure>\n\n\n\n<figure class=\"wp-block-image\"><img decoding=\"async\" src=\"https:\/\/www.malatya.gov.tr\/kurumlar\/malatya.gov.tr\/Haberler\/2026-HABER\/Battalgazi-Restorasyon-\/WhatsApp-Image-2026_06_01-at-173609-_2_.jpeg?mode=resize&amp;width=800\" alt=\"\" title=\"\"\/><\/figure>\n\n\n\n<figure class=\"wp-block-image\"><img decoding=\"async\" src=\"https:\/\/www.malatya.gov.tr\/kurumlar\/malatya.gov.tr\/Haberler\/2026-HABER\/Battalgazi-Restorasyon-\/WhatsApp-Image-2026_06_01-at-173609-_3_.jpeg?mode=resize&amp;width=800\" alt=\"\" title=\"\"\/><\/figure>\n","protected":false},"excerpt":{"rendered":"<p>Vali Seddar Yavuz, Battalgazi il\u00e7esinde bulunan ve \u015fehrin \u00f6nemli tarihi miraslar\u0131 aras\u0131nda yer alan 40&#8230;<\/p>\n","protected":false},"author":1,"featured_media":174,"comment_status":"open","ping_status":"open","sticky":false,"template":"","format":"standard","meta":{"footnotes":""},"categories":[22,1],"tags":[],"class_list":["post-173","post","type-post","status-publish","format-standard","has-post-thumbnail","hentry","category-battalgazi","category-malatya-gundemi"],"_links":{"self":[{"href":"https:\/\/gundem44.com.tr\/index.php?rest_route=\/wp\/v2\/posts\/173","targetHints":{"allow":["GET"]}}],"collection":[{"href":"https:\/\/gundem44.com.tr\/index.php?rest_route=\/wp\/v2\/posts"}],"about":[{"href":"https:\/\/gundem44.com.tr\/index.php?rest_route=\/wp\/v2\/types\/post"}],"author":[{"embeddable":true,"href":"https:\/\/gundem44.com.tr\/index.php?rest_route=\/wp\/v2\/users\/1"}],"replies":[{"embeddable":true,"href":"https:\/\/gundem44.com.tr\/index.php?rest_route=%2Fwp%2Fv2%2Fcomments&post=173"}],"version-history":[{"count":1,"href":"https:\/\/gundem44.com.tr\/index.php?rest_route=\/wp\/v2\/posts\/173\/revisions"}],"predecessor-version":[{"id":175,"href":"https:\/\/gundem44.com.tr\/index.php?rest_route=\/wp\/v2\/posts\/173\/revisions\/175"}],"wp:featuredmedia":[{"embeddable":true,"href":"https:\/\/gundem44.com.tr\/index.php?rest_route=\/wp\/v2\/media\/174"}],"wp:attachment":[{"href":"https:\/\/gundem44.com.tr\/index.php?rest_route=%2Fwp%2Fv2%2Fmedia&parent=173"}],"wp:term":[{"taxonomy":"category","embeddable":true,"href":"https:\/\/gundem44.com.tr\/index.php?rest_route=%2Fwp%2Fv2%2Fcategories&post=173"},{"taxonomy":"post_tag","embeddable":true,"href":"https:\/\/gundem44.com.tr\/index.php?rest_route=%2Fwp%2Fv2%2Ftags&post=173"}],"curies":[{"name":"wp","href":"https:\/\/api.w.org\/{rel}","templated":true}]}}