{"id":170,"date":"2026-06-02T13:45:41","date_gmt":"2026-06-02T13:45:41","guid":{"rendered":"https:\/\/gundem44.com.tr\/?p=170"},"modified":"2026-06-02T13:45:42","modified_gmt":"2026-06-02T13:45:42","slug":"01-07-haziran-vali-seddar-yavuzun-cevre-ve-iklim-degisikligi-haftasi-mesaji","status":"publish","type":"post","link":"https:\/\/gundem44.com.tr\/?p=170","title":{"rendered":"01-07 Haziran Vali Seddar Yavuz\u2019un \u00c7evre ve \u0130klim De\u011fi\u015fikli\u011fi Haftas\u0131 Mesaj\u0131"},"content":{"rendered":"\n<p class=\"wp-block-paragraph\">\u00c7evre ve \u0130klim De\u011fi\u015fikli\u011fi Haftas\u0131, do\u011fal kaynaklar\u0131m\u0131z\u0131n korunmas\u0131, \u00e7evre bilincinin art\u0131r\u0131lmas\u0131 ve gelecek nesillere daha ya\u015fanabilir bir d\u00fcnya b\u0131rak\u0131lmas\u0131 konusunda fark\u0131ndal\u0131k olu\u015fturmak a\u00e7\u0131s\u0131ndan b\u00fcy\u00fck \u00f6nem ta\u015f\u0131maktad\u0131r.<\/p>\n\n\n\n<p class=\"wp-block-paragraph\">\u0130nsanl\u0131\u011f\u0131n ortak evi olan d\u00fcnyam\u0131z; iklim de\u011fi\u015fikli\u011fi, \u00e7evre kirlili\u011fi, do\u011fal kaynaklar\u0131n bilin\u00e7siz t\u00fcketimi ve biyolojik \u00e7e\u015fitlili\u011fin azalmas\u0131 gibi k\u00fcresel sorunlarla kar\u015f\u0131 kar\u015f\u0131yad\u0131r. Bu sorunlar\u0131n \u00e7\u00f6z\u00fcm\u00fc ancak bireyden topluma, yerel y\u00f6netimlerden kamu kurumlar\u0131na kadar herkesin ortak sorumluluk anlay\u0131\u015f\u0131yla hareket etmesiyle m\u00fcmk\u00fcnd\u00fcr.<\/p>\n\n\n\n<p class=\"wp-block-paragraph\">\u00c7evreyi korumak yaln\u0131zca bug\u00fcn\u00fcn de\u011fil, gelece\u011fin de en \u00f6nemli meselesidir. Daha temiz hava, daha sa\u011fl\u0131kl\u0131 su kaynaklar\u0131 ve daha ye\u015fil bir \u00e7evre i\u00e7in g\u00f6sterece\u011fimiz her \u00e7aba, \u00e7ocuklar\u0131m\u0131za b\u0131rakaca\u011f\u0131m\u0131z en de\u011ferli miras olacakt\u0131r.<\/p>\n\n\n\n<p class=\"wp-block-paragraph\">Bu duygu ve d\u00fc\u015f\u00fcncelerle, \u00c7evre ve \u0130klim De\u011fi\u015fikli\u011fi Haftas\u0131&#8217;n\u0131n \u00e7evre bilincinin geli\u015fmesine katk\u0131 sa\u011flamas\u0131n\u0131 temenni ediyor; do\u011faya kar\u015f\u0131 sorumluluklar\u0131m\u0131z\u0131 hat\u0131rlatan bu anlaml\u0131 haftan\u0131n hay\u0131rlara vesile olmas\u0131n\u0131 diliyorum.<\/p>\n","protected":false},"excerpt":{"rendered":"<p>\u00c7evre ve \u0130klim De\u011fi\u015fikli\u011fi Haftas\u0131, do\u011fal kaynaklar\u0131m\u0131z\u0131n korunmas\u0131, \u00e7evre bilincinin art\u0131r\u0131lmas\u0131 ve gelecek nesillere daha&#8230;<\/p>\n","protected":false},"author":1,"featured_media":171,"comment_status":"open","ping_status":"open","sticky":false,"template":"","format":"standard","meta":{"footnotes":""},"categories":[1],"tags":[],"class_list":["post-170","post","type-post","status-publish","format-standard","has-post-thumbnail","hentry","category-malatya-gundemi"],"_links":{"self":[{"href":"https:\/\/gundem44.com.tr\/index.php?rest_route=\/wp\/v2\/posts\/170","targetHints":{"allow":["GET"]}}],"collection":[{"href":"https:\/\/gundem44.com.tr\/index.php?rest_route=\/wp\/v2\/posts"}],"about":[{"href":"https:\/\/gundem44.com.tr\/index.php?rest_route=\/wp\/v2\/types\/post"}],"author":[{"embeddable":true,"href":"https:\/\/gundem44.com.tr\/index.php?rest_route=\/wp\/v2\/users\/1"}],"replies":[{"embeddable":true,"href":"https:\/\/gundem44.com.tr\/index.php?rest_route=%2Fwp%2Fv2%2Fcomments&post=170"}],"version-history":[{"count":1,"href":"https:\/\/gundem44.com.tr\/index.php?rest_route=\/wp\/v2\/posts\/170\/revisions"}],"predecessor-version":[{"id":172,"href":"https:\/\/gundem44.com.tr\/index.php?rest_route=\/wp\/v2\/posts\/170\/revisions\/172"}],"wp:featuredmedia":[{"embeddable":true,"href":"https:\/\/gundem44.com.tr\/index.php?rest_route=\/wp\/v2\/media\/171"}],"wp:attachment":[{"href":"https:\/\/gundem44.com.tr\/index.php?rest_route=%2Fwp%2Fv2%2Fmedia&parent=170"}],"wp:term":[{"taxonomy":"category","embeddable":true,"href":"https:\/\/gundem44.com.tr\/index.php?rest_route=%2Fwp%2Fv2%2Fcategories&post=170"},{"taxonomy":"post_tag","embeddable":true,"href":"https:\/\/gundem44.com.tr\/index.php?rest_route=%2Fwp%2Fv2%2Ftags&post=170"}],"curies":[{"name":"wp","href":"https:\/\/api.w.org\/{rel}","templated":true}]}}