{"id":167,"date":"2026-06-02T13:44:29","date_gmt":"2026-06-02T13:44:29","guid":{"rendered":"https:\/\/gundem44.com.tr\/?p=167"},"modified":"2026-06-02T13:44:29","modified_gmt":"2026-06-02T13:44:29","slug":"01-07-haziran-vali-seddar-yavuzun-hayat-boyu-ogrenme-mesaji","status":"publish","type":"post","link":"https:\/\/gundem44.com.tr\/?p=167","title":{"rendered":"01-07 Haziran Vali Seddar Yavuz\u2019un Hayat Boyu \u00d6\u011frenme Mesaj\u0131"},"content":{"rendered":"\n<p class=\"wp-block-paragraph\">Hayat boyu \u00f6\u011frenme; bireylerin bilgi, beceri ve yetkinliklerini ya\u015famlar\u0131n\u0131n her d\u00f6neminde geli\u015ftirmelerine imk\u00e2n sa\u011flayan, toplumsal kalk\u0131nman\u0131n temel unsurlar\u0131ndan biridir. De\u011fi\u015fen ve geli\u015fen d\u00fcnyada, \u00f6\u011frenmenin belirli bir ya\u015fla ya da e\u011fitim d\u00f6nemiyle s\u0131n\u0131rl\u0131 olmad\u0131\u011f\u0131 ger\u00e7e\u011fi, hayat boyu \u00f6\u011frenmenin \u00f6nemini her ge\u00e7en g\u00fcn daha da art\u0131rmaktad\u0131r.<\/p>\n\n\n\n<p class=\"wp-block-paragraph\">Bu anlay\u0131\u015fla faaliyet g\u00f6steren Halk E\u011fitimi Merkezlerimiz ve di\u011fer yayg\u0131n e\u011fitim kurumlar\u0131m\u0131z, vatanda\u015flar\u0131m\u0131z\u0131n ki\u015fisel, sosyal ve mesleki geli\u015fimlerine \u00f6nemli katk\u0131lar sunmaktad\u0131r. Her ya\u015ftan bireyin e\u011fitim imk\u00e2nlar\u0131na eri\u015fimini sa\u011flayan bu \u00e7al\u0131\u015fmalar, g\u00fc\u00e7l\u00fc ve bilin\u00e7li bir toplumun in\u015fas\u0131nda \u00f6nemli bir rol \u00fcstlenmektedir.<\/p>\n\n\n\n<p class=\"wp-block-paragraph\">Hayat Boyu \u00d6\u011frenme Haftas\u0131 vesilesiyle, \u00f6\u011frenmeyi ya\u015fam bi\u00e7imi haline getiren t\u00fcm vatanda\u015flar\u0131m\u0131z\u0131 tebrik ediyor; bu alanda \u00f6zveriyle g\u00f6rev yapan e\u011fitimcilerimize, y\u00f6neticilerimize ve eme\u011fi ge\u00e7en herkese te\u015fekk\u00fcr ediyorum.<\/p>\n\n\n\n<p class=\"wp-block-paragraph\">Bu anlaml\u0131 haftan\u0131n ilimiz, \u00fclkemiz ve t\u00fcm e\u011fitim camiam\u0131z i\u00e7in hay\u0131rlara vesile olmas\u0131n\u0131 temenni ediyorum.<\/p>\n","protected":false},"excerpt":{"rendered":"<p>Hayat boyu \u00f6\u011frenme; bireylerin bilgi, beceri ve yetkinliklerini ya\u015famlar\u0131n\u0131n her d\u00f6neminde geli\u015ftirmelerine imk\u00e2n sa\u011flayan, toplumsal&#8230;<\/p>\n","protected":false},"author":1,"featured_media":168,"comment_status":"open","ping_status":"open","sticky":false,"template":"","format":"standard","meta":{"footnotes":""},"categories":[1],"tags":[],"class_list":["post-167","post","type-post","status-publish","format-standard","has-post-thumbnail","hentry","category-malatya-gundemi"],"_links":{"self":[{"href":"https:\/\/gundem44.com.tr\/index.php?rest_route=\/wp\/v2\/posts\/167","targetHints":{"allow":["GET"]}}],"collection":[{"href":"https:\/\/gundem44.com.tr\/index.php?rest_route=\/wp\/v2\/posts"}],"about":[{"href":"https:\/\/gundem44.com.tr\/index.php?rest_route=\/wp\/v2\/types\/post"}],"author":[{"embeddable":true,"href":"https:\/\/gundem44.com.tr\/index.php?rest_route=\/wp\/v2\/users\/1"}],"replies":[{"embeddable":true,"href":"https:\/\/gundem44.com.tr\/index.php?rest_route=%2Fwp%2Fv2%2Fcomments&post=167"}],"version-history":[{"count":1,"href":"https:\/\/gundem44.com.tr\/index.php?rest_route=\/wp\/v2\/posts\/167\/revisions"}],"predecessor-version":[{"id":169,"href":"https:\/\/gundem44.com.tr\/index.php?rest_route=\/wp\/v2\/posts\/167\/revisions\/169"}],"wp:featuredmedia":[{"embeddable":true,"href":"https:\/\/gundem44.com.tr\/index.php?rest_route=\/wp\/v2\/media\/168"}],"wp:attachment":[{"href":"https:\/\/gundem44.com.tr\/index.php?rest_route=%2Fwp%2Fv2%2Fmedia&parent=167"}],"wp:term":[{"taxonomy":"category","embeddable":true,"href":"https:\/\/gundem44.com.tr\/index.php?rest_route=%2Fwp%2Fv2%2Fcategories&post=167"},{"taxonomy":"post_tag","embeddable":true,"href":"https:\/\/gundem44.com.tr\/index.php?rest_route=%2Fwp%2Fv2%2Ftags&post=167"}],"curies":[{"name":"wp","href":"https:\/\/api.w.org\/{rel}","templated":true}]}}