{"id":164,"date":"2026-06-02T13:34:43","date_gmt":"2026-06-02T13:34:43","guid":{"rendered":"https:\/\/gundem44.com.tr\/?p=164"},"modified":"2026-06-02T13:34:44","modified_gmt":"2026-06-02T13:34:44","slug":"2-haziran-sabahi-malatyada-iki-sarsinti-kaydedildi","status":"publish","type":"post","link":"https:\/\/gundem44.com.tr\/?p=164","title":{"rendered":"2 Haziran sabah\u0131 Malatya&#8217;da iki sars\u0131nt\u0131 kaydedildi"},"content":{"rendered":"\n<p class=\"wp-block-paragraph\">Son depremler listesi g\u00fcncellendi! Kandilli Rasathanesi taraf\u0131ndan payla\u015f\u0131lan verilere g\u00f6re 2 Haziran 2026 tarihinde T\u00fcrkiye genelinde \u00e7ok say\u0131da sars\u0131nt\u0131 meydana geldi. Sabah saatlerinde Malatya\u2019da da iki ayr\u0131 deprem kaydedilirken, b\u00f6lgedeki hareketlilik dikkat \u00e7ekti.<\/p>\n\n\n\n<p class=\"wp-block-paragraph\">T\u00fcrkiye genelinde sismik hareketlilik s\u00fcrerken, vatanda\u015flar \u201caz \u00f6nce deprem mi oldu?\u201d sorusuna yan\u0131t ar\u0131yor. Kandilli verilerine g\u00f6re Malatya\u2019da sabah saat 05:38\u2019de Ye\u015filyurt I\u015f\u0131kl\u0131 mevkiinde ve 04:54\u2019te Ak\u00e7ada\u011f \u00c7evirme b\u00f6lgesinde iki ayr\u0131 deprem kaydedildi.<\/p>\n\n\n\n<p class=\"wp-block-paragraph\">Depremler k\u0131sa s\u00fcreli hissedilirken, b\u00f6lgede herhangi bir olumsuzluk bildirilmedi. Uzmanlar, Malatya ve \u00e7evresinin aktif fay hatlar\u0131 \u00fczerinde bulundu\u011funu hat\u0131rlatarak vatanda\u015flar\u0131n resmi kaynaklar\u0131 takip etmesi gerekti\u011fini belirtiyor.<\/p>\n\n\n\n<p class=\"wp-block-paragraph\"><strong>2 HAZ\u0130RAN 2026 G\u00dcNCEL DEPREM L\u0130STES\u0130<\/strong><\/p>\n\n\n\n<p class=\"wp-block-paragraph\">Kandilli Rasathanesi verilerine g\u00f6re g\u00fcn i\u00e7erisinde kaydedilen depremler \u015fu \u015fekilde s\u0131raland\u0131:<\/p>\n\n\n\n<ul class=\"wp-block-list\">\n<li>ULUYAMAC \u2013 Il\u0131\u00e7 (Erzincan): Saat 07:59 | \u015eiddet: 2.0 | Derinlik: 9.2 km<\/li>\n\n\n\n<li>\u00c7atak \u2013 Karl\u0131ova (Bing\u00f6l): Saat 07:57 | \u015eiddet: 1.8 | Derinlik: 9.2 km<\/li>\n\n\n\n<li>Ege Denizi: Saat 07:23 | \u015eiddet: 2.2 | Derinlik: 15.2 km<\/li>\n\n\n\n<li>Alak\u0131r \u2013 S\u0131nd\u0131rg\u0131 (Bal\u0131kesir): Saat 07:05 | \u015eiddet: 1.3 | Derinlik: 7.8 km<\/li>\n\n\n\n<li>Aksu \u2013 Sincik (Ad\u0131yaman): Saat 06:38 | \u015eiddet: 1.5 | Derinlik: 8.3 km<\/li>\n\n\n\n<li>Yemi\u015fli \u2013 Simav (K\u00fctahya): Saat 06:26 | \u015eiddet: 0.8 | Derinlik: 14.2 km<\/li>\n\n\n\n<li>Yaylac\u0131k \u2013 S\u0131nd\u0131rg\u0131 (Bal\u0131kesir): Saat 06:18 | \u015eiddet: 1.3 | Derinlik: 10.7 km<\/li>\n\n\n\n<li>Ege Denizi: Saat 05:59 | \u015eiddet: 2.3 | Derinlik: 5.0 km<\/li>\n\n\n\n<li>Ege Denizi: Saat 05:53 | \u015eiddet: 1.6 | Derinlik: 13.1 km<\/li>\n\n\n\n<li>I\u015f\u0131kl\u0131 \u2013 Ye\u015filyurt (Malatya): Saat 05:38 | \u015eiddet: 1.4 | Derinlik: 8.1 km<\/li>\n\n\n\n<li>Yukar\u0131hanbeyi \u2013 Tekman (Erzurum): Saat 04:56 | \u015eiddet: 1.4 | Derinlik: 14.3 km<\/li>\n\n\n\n<li>\u00c7evirme \u2013 Ak\u00e7ada\u011f (Malatya): Saat 04:54 | \u015eiddet: 1.3 | Derinlik: 10.7 km<\/li>\n\n\n\n<li>Yukaritepecik \u2013 Tekman (Erzurum): Saat 04:52 | \u015eiddet: 2.3 | Derinlik: 5.9 km<\/li>\n\n\n\n<li>G\u00fcrcistan: Saat 04:27 | \u015eiddet: 3.0 | Derinlik: 5.0 km<\/li>\n\n\n\n<li>Kapuzba\u015f\u0131 \u2013 Yahyal\u0131 (Kayseri): Saat 03:57 | \u015eiddet: 1.5 | Derinlik: 5.4 km<\/li>\n\n\n\n<li>Ermi\u015fler (Van): Saat 02:27 | \u015eiddet: 2.0 | Derinlik: 10.9 km<\/li>\n\n\n\n<li>Ege Denizi: Saat 01:44 | \u015eiddet: 1.6 | Derinlik: 7.6 km<\/li>\n\n\n\n<li>Katranda\u011f\u0131 \u2013 Emet (K\u00fctahya): Saat 01:37 | \u015eiddet: 1.2 | Derinlik: 1.7 km<\/li>\n\n\n\n<li>Sak\u0131z Adas\u0131 (Ege Denizi): Saat 01:12 | \u015eiddet: 2.0 | Derinlik: 7.6 km<\/li>\n\n\n\n<li>\u00c7ekerek \u2013 Yozgat: Saat 00:34 | \u015eiddet: 1.9 | Derinlik: 6.7 km<\/li>\n<\/ul>\n\n\n\n<p class=\"wp-block-paragraph\">Malatya ve \u00e7evresindeki sismik hareketlilik, b\u00f6lgenin aktif fay hatlar\u0131 \u00fczerinde bulunmas\u0131 nedeniyle zaman zaman devam ediyor. Uzmanlar, vatanda\u015flar\u0131n yaln\u0131zca Kandilli Rasathanesi ve AFAD gibi resmi kurumlar\u0131n a\u00e7\u0131klamalar\u0131n\u0131 dikkate almas\u0131 gerekti\u011fini vurguluyor.<\/p>\n","protected":false},"excerpt":{"rendered":"<p>Son depremler listesi g\u00fcncellendi! Kandilli Rasathanesi taraf\u0131ndan payla\u015f\u0131lan verilere g\u00f6re 2 Haziran 2026 tarihinde T\u00fcrkiye&#8230;<\/p>\n","protected":false},"author":1,"featured_media":165,"comment_status":"open","ping_status":"open","sticky":false,"template":"","format":"standard","meta":{"footnotes":""},"categories":[1],"tags":[],"class_list":["post-164","post","type-post","status-publish","format-standard","has-post-thumbnail","hentry","category-malatya-gundemi"],"_links":{"self":[{"href":"https:\/\/gundem44.com.tr\/index.php?rest_route=\/wp\/v2\/posts\/164","targetHints":{"allow":["GET"]}}],"collection":[{"href":"https:\/\/gundem44.com.tr\/index.php?rest_route=\/wp\/v2\/posts"}],"about":[{"href":"https:\/\/gundem44.com.tr\/index.php?rest_route=\/wp\/v2\/types\/post"}],"author":[{"embeddable":true,"href":"https:\/\/gundem44.com.tr\/index.php?rest_route=\/wp\/v2\/users\/1"}],"replies":[{"embeddable":true,"href":"https:\/\/gundem44.com.tr\/index.php?rest_route=%2Fwp%2Fv2%2Fcomments&post=164"}],"version-history":[{"count":1,"href":"https:\/\/gundem44.com.tr\/index.php?rest_route=\/wp\/v2\/posts\/164\/revisions"}],"predecessor-version":[{"id":166,"href":"https:\/\/gundem44.com.tr\/index.php?rest_route=\/wp\/v2\/posts\/164\/revisions\/166"}],"wp:featuredmedia":[{"embeddable":true,"href":"https:\/\/gundem44.com.tr\/index.php?rest_route=\/wp\/v2\/media\/165"}],"wp:attachment":[{"href":"https:\/\/gundem44.com.tr\/index.php?rest_route=%2Fwp%2Fv2%2Fmedia&parent=164"}],"wp:term":[{"taxonomy":"category","embeddable":true,"href":"https:\/\/gundem44.com.tr\/index.php?rest_route=%2Fwp%2Fv2%2Fcategories&post=164"},{"taxonomy":"post_tag","embeddable":true,"href":"https:\/\/gundem44.com.tr\/index.php?rest_route=%2Fwp%2Fv2%2Ftags&post=164"}],"curies":[{"name":"wp","href":"https:\/\/api.w.org\/{rel}","templated":true}]}}