{"id":161,"date":"2026-06-02T13:31:55","date_gmt":"2026-06-02T13:31:55","guid":{"rendered":"https:\/\/gundem44.com.tr\/?p=161"},"modified":"2026-06-02T13:32:00","modified_gmt":"2026-06-02T13:32:00","slug":"malatyayi-doguya-ve-batiya-baglayan-ana-arterde-dev-adim-10u-bitti-10u-yolda","status":"publish","type":"post","link":"https:\/\/gundem44.com.tr\/?p=161","title":{"rendered":"Malatya\u2019y\u0131 do\u011fuya ve bat\u0131ya ba\u011flayan ana arterde dev ad\u0131m: 10&#8217;u bitti, 10&#8217;u yolda"},"content":{"rendered":"\n<p class=\"wp-block-paragraph\">Malatya Valisi Seddar Yavuz ba\u015fkanl\u0131\u011f\u0131nda toplanan \u0130l Koordinasyon Kurulu, Karayollar\u0131 8. B\u00f6lge M\u00fcd\u00fcr\u00fc Suat C\u00fcre&#8217;nin a\u00e7\u0131klad\u0131\u011f\u0131 resmi raporda \u015fehrin ula\u015f\u0131m gelece\u011fini \u015fekillendirecek olan, Elaz\u0131\u011f-Malatya-Darende hatt\u0131ndaki 20 kav\u015faktan 10&#8217;unun bitti\u011fi m\u00fcjdelendi. \u0130\u015fte Turgut \u00d6zal T\u0131p Merkezi dahil biten ve yap\u0131m\u0131 s\u00fcren t\u00fcm kav\u015faklar\u0131n tam listesi ve resmi proje k\u00fcnyesi&#8230;<\/p>\n\n\n\n<p class=\"wp-block-paragraph\"><strong>Malatya\u2019n\u0131n lojistik, ekonomik ve ula\u015f\u0131m can damar\u0131 olan Elaz\u0131\u011f-Malatya-Darende Yolu \u00fczerindeki eksik kav\u015fak ve \u00fcstyap\u0131 \u00e7al\u0131\u015fmalar\u0131nda tarihi bir kilometre ta\u015f\u0131 geride kald\u0131. Malatya Valisi Seddar Yavuz ba\u015fkanl\u0131\u011f\u0131nda ger\u00e7ekle\u015ftirilen 2026 Y\u0131l\u0131 2. \u0130l Koordinasyon Kurulu Toplant\u0131s\u0131, kentin yol haritas\u0131n\u0131 belirleyen dev yat\u0131r\u0131mlar\u0131n resmi duyurular\u0131na sahne oldu.<\/strong><\/p>\n\n\n\n<p class=\"wp-block-paragraph\">Toplant\u0131da k\u00fcrs\u00fcye \u00e7\u0131kan Karayollar\u0131 8. B\u00f6lge M\u00fcd\u00fcr\u00fc Suat C\u00fcre, Malatya genelinde y\u00fcr\u00fct\u00fclen karayolu projelerine dair kapsaml\u0131 bir sunum ger\u00e7ekle\u015ftirdi. B\u00f6lge M\u00fcd\u00fcr\u00fc C\u00fcre&#8217;nin payla\u015ft\u0131\u011f\u0131 resmi verilere g\u00f6re; Ula\u015ft\u0131rma ve Altyap\u0131 Bakanl\u0131\u011f\u0131 Karayollar\u0131 Genel M\u00fcd\u00fcrl\u00fc\u011f\u00fc (KGM) koordinesinde y\u00fcr\u00fct\u00fclen ve toplam proje bedeli&nbsp;<strong>1 milyar 100 milyon TL<\/strong>&nbsp;olan dev yat\u0131r\u0131mda, planlanan 20 kav\u015fa\u011f\u0131n yar\u0131s\u0131 tamamlanarak trafi\u011fe nefes ald\u0131rd\u0131.<\/p>\n\n\n\n<figure class=\"wp-block-image\"><a class=\"fancybox my-3\" href=\"https:\/\/busabahmalatyacom.teimg.com\/busabahmalatya-com\/uploads\/2026\/06\/malatyayi-doguya-ve-batiya-baglayan-ana-arterde-dev-adim-10u-bitti-10u-yolda.jpg\"><img decoding=\"async\" src=\"https:\/\/busabahmalatyacom.teimg.com\/busabahmalatya-com\/uploads\/2026\/06\/malatyayi-doguya-ve-batiya-baglayan-ana-arterde-dev-adim-10u-bitti-10u-yolda.jpg\" alt=\"\"\/><\/a><\/figure>\n\n\n\n<p class=\"wp-block-paragraph\"><strong>YARISI TAMAMLANDI K\u00d6R NOKTALAR TAR\u0130H OLDU<\/strong><\/p>\n\n\n\n<p class=\"wp-block-paragraph\">2018 y\u0131l\u0131nda ba\u015flayan ve 2027 y\u0131l\u0131na kadar kademeli olarak tamamen bitirilmesi hedeflenen dev proje kapsam\u0131nda, bug\u00fcne kadar&nbsp;<strong>10 adet hemzemin tipi kav\u015fak<\/strong>&nbsp;her \u015feyiyle tamamland\u0131. Karayollar\u0131 8. B\u00f6lge M\u00fcd\u00fcrl\u00fc\u011f\u00fc ekipleri, biten bu kav\u015faklar\u0131n \u00e7evresinde toplam&nbsp;<strong>3,4 kilometrelik Bit\u00fcml\u00fc S\u0131cak Kar\u0131\u015f\u0131m (BSK) s\u0131cak asfalt<\/strong>&nbsp;onar\u0131m\u0131n\u0131 da tamamlayarak yolu adeta otoban konforuna ula\u015ft\u0131rd\u0131.<\/p>\n\n\n\n<figure class=\"wp-block-image\"><a class=\"fancybox my-3\" href=\"https:\/\/busabahmalatyacom.teimg.com\/busabahmalatya-com\/uploads\/2026\/06\/malatyayi-doguya-ve-batiya-baglayan-ana-arterde-dev-adim-10u-bitti-10u-yolda-4.jpg\"><img decoding=\"async\" src=\"https:\/\/busabahmalatyacom.teimg.com\/busabahmalatya-com\/uploads\/2026\/06\/malatyayi-doguya-ve-batiya-baglayan-ana-arterde-dev-adim-10u-bitti-10u-yolda-4.jpg\" alt=\"Malatya\u2019y\u0131 Do\u011fuya Ve Bat\u0131ya Ba\u011flayan Ana Arterde Dev Ad\u0131m 10'U Bitti, 10'U Yolda (4)\"\/><\/a><\/figure>\n\n\n\n<p class=\"wp-block-paragraph\">\u00d6zellikle kaza riski y\u00fcksek olan k\u00f6r noktalardan Ak\u00e7ada\u011f-1, Levent ve Meydanc\u0131k kav\u015faklar\u0131 modern \u00e7ehresiyle trafi\u011fe a\u00e7\u0131l\u0131rken; s\u00fcr\u00fcc\u00fcler g\u00fcvenli bir s\u00fcr\u00fc\u015f konforuna kavu\u015ftu.<\/p>\n\n\n\n<p class=\"wp-block-paragraph\"><strong>GER\u0130 KALAN 10 KAV\u015eAK \u0130\u00c7\u0130N \u00c7ALI\u015eMALAR TAM GAZ<\/strong><\/p>\n\n\n\n<p class=\"wp-block-paragraph\">Projenin &#8220;10&#8217;u Yolda&#8221; k\u0131sm\u0131n\u0131 olu\u015fturan ve \u015fu an yap\u0131m s\u00fcre\u00e7leri titizlikle y\u00fcr\u00fct\u00fclen di\u011fer 10 kav\u015fak i\u00e7in de \u015fantiyelerde mesai 24 saat esas\u0131na g\u00f6re devam ediyor. Karayollar\u0131, 2026 y\u0131l\u0131 imalat sezonu i\u00e7in projeye&nbsp;<strong>251,9 milyon TL\u2019lik dev bir b\u00fct\u00e7e<\/strong>&nbsp;ay\u0131rd\u0131. \u0130l Koordinasyon Kurulu&#8217;nda aktar\u0131lan bilgilere g\u00f6re, bu \u00f6denekle birlikte \u00f6zellikle y\u0131l sonuna kadar 3 stratejik noktan\u0131n tamamen bitirilmesi hedefleniyor.<\/p>\n\n\n\n<figure class=\"wp-block-image\"><a class=\"fancybox my-3\" href=\"https:\/\/busabahmalatyacom.teimg.com\/busabahmalatya-com\/uploads\/2026\/06\/malatyayi-doguya-ve-batiya-baglayan-ana-arterde-dev-adim-10u-bitti-10u-yolda-3.jpg\"><img decoding=\"async\" src=\"https:\/\/busabahmalatyacom.teimg.com\/busabahmalatya-com\/uploads\/2026\/06\/malatyayi-doguya-ve-batiya-baglayan-ana-arterde-dev-adim-10u-bitti-10u-yolda-3.jpg\" alt=\"\"\/><\/a><\/figure>\n\n\n\n<p class=\"wp-block-paragraph\"><strong>VAL\u0130 SEDDAR YAVUZ&#8217;UN TAK\u0130B\u0130NDE TURGUT \u00d6ZAL TIP MERKEZ\u0130 KAV\u015eA\u011eI M\u00dcJDES\u0130<\/strong><\/p>\n\n\n\n<p class=\"wp-block-paragraph\">Projenin Malatya \u015fehir i\u00e7i trafi\u011fini ve hastane ula\u015f\u0131m\u0131n\u0131 do\u011frudan ilgilendiren en kritik evresi ise bu y\u0131l \u00e7\u00f6z\u00fcl\u00fcyor. G\u00fcnl\u00fck ara\u00e7 sirk\u00fclasyonunun en yo\u011fun oldu\u011fu, hasta ve hasta yak\u0131nlar\u0131n\u0131n y\u0131llard\u0131r trafik s\u0131k\u0131\u015f\u0131kl\u0131\u011f\u0131ndan dert yand\u0131\u011f\u0131&nbsp;<strong>Turgut \u00d6zal T\u0131p Merkezi (T\u00d6TM) Kav\u015fa\u011f\u0131<\/strong>, bu y\u0131l ayr\u0131lan 251,9 milyon TL&#8217;lik b\u00fct\u00e7eyle \u00f6ncelikli olarak bitirilecek 3 noktadan biri oldu.<\/p>\n\n\n\n<p class=\"wp-block-paragraph\">Vali Seddar Yavuz&#8217;un da yak\u0131ndan takip etti\u011fi koordinasyon plan\u0131na g\u00f6re; T\u00d6TM Kav\u015fa\u011f\u0131 ile birlikte&nbsp;<strong>Kale Sanayi Kav\u015fa\u011f\u0131<\/strong>&nbsp;ve&nbsp;<strong>Kale Sosyal Tesisler Kav\u015fa\u011f\u0131<\/strong>&nbsp;da bu y\u0131l sonuna kadar asfalt\u0131 d\u00f6k\u00fclerek s\u00fcr\u00fcc\u00fclerin hizmetine sunulacak. Geriye kalan 7 kav\u015fakta ise fiziki ger\u00e7ekle\u015fme oranlar\u0131 planlanan takvime uygun olarak ilerliyor.<\/p>\n\n\n\n<figure class=\"wp-block-image\"><a class=\"fancybox my-3\" href=\"https:\/\/busabahmalatyacom.teimg.com\/busabahmalatya-com\/uploads\/2026\/06\/malatyayi-doguya-ve-batiya-baglayan-ana-arterde-dev-adim-10u-bitti-10u-yolda-2.jpg\"><img decoding=\"async\" src=\"https:\/\/busabahmalatyacom.teimg.com\/busabahmalatya-com\/uploads\/2026\/06\/malatyayi-doguya-ve-batiya-baglayan-ana-arterde-dev-adim-10u-bitti-10u-yolda-2.jpg\" alt=\"\"\/><\/a><\/figure>\n\n\n\n<p class=\"wp-block-paragraph\"><strong>PROJEN\u0130N TAM HAR\u0130TASI VE KAV\u015eAK L\u0130STES\u0130<\/strong><\/p>\n\n\n\n<p class=\"wp-block-paragraph\">\u0130l Koordinasyon Kurulu Toplant\u0131s\u0131&#8217;nda raporlanan, s\u00fcr\u00fcc\u00fclerin ve b\u00f6lge halk\u0131n\u0131n en \u00e7ok merak etti\u011fi &#8220;Hangi kav\u015faklar yap\u0131l\u0131yor?&#8221; sorusunun resmi listesi:<\/p>\n\n\n\n<p class=\"wp-block-paragraph\"><strong>Tamamlanan ve Trafi\u011fe A\u00e7\u0131lan Kav\u015faklar (10 Adet):<\/strong><\/p>\n\n\n\n<ul class=\"wp-block-list\">\n<li><strong>Ak\u00e7ada\u011f 1 Kav\u015fa\u011f\u0131<\/strong>\u00a0(Kilometre: 11+020)<\/li>\n\n\n\n<li><strong>Levent Kav\u015fa\u011f\u0131<\/strong>\u00a0(Kilometre: 20+655)<\/li>\n\n\n\n<li><strong>Meydanc\u0131k Kav\u015fa\u011f\u0131<\/strong>\u00a0(Kilometre: 68+200)<\/li>\n\n\n\n<li><strong>Ak\u00e7ada\u011f 2 Kav\u015fa\u011f\u0131<\/strong>\u00a0(Kilometre: 13+155)<\/li>\n\n\n\n<li><strong>Murath 1 Kav\u015fa\u011f\u0131<\/strong>\u00a0(Kilometre: 15+300)<\/li>\n\n\n\n<li><strong>Murath 2 Kav\u015fa\u011f\u0131<\/strong>\u00a0(Kilometre: 18+330)<\/li>\n\n\n\n<li><strong>Develi Kav\u015fa\u011f\u0131<\/strong>\u00a0(Kilometre: 21+670)<\/li>\n\n\n\n<li><strong>Sultansuyu Kav\u015fa\u011f\u0131<\/strong>\u00a0(Kilometre: 5+640)<\/li>\n\n\n\n<li><strong>Ayd\u0131nlar Kav\u015fa\u011f\u0131<\/strong>\u00a0(Kilometre: 3+325)<\/li>\n\n\n\n<li><strong>Bulgurlu Kav\u015fa\u011f\u0131<\/strong>\u00a0(Kilometre: 92+325)<\/li>\n<\/ul>\n\n\n\n<p class=\"wp-block-paragraph\"><strong>\u00c7al\u0131\u015fmas\u0131 Devam Eden ve Yap\u0131lacak Kav\u015faklar (10 Adet):<\/strong><\/p>\n\n\n\n<ul class=\"wp-block-list\">\n<li><strong>Turgut \u00d6zal T\u0131p Merkezi Kav\u015fa\u011f\u0131<\/strong>\u00a0(Kilometre: 90+500 &#8211;\u00a0<em>2026 Y\u0131l\u0131 Sonu Hedefi<\/em>)<\/li>\n\n\n\n<li><strong>Kale Sanayi Kav\u015fa\u011f\u0131<\/strong>\u00a0(Kilometre: 63+520 &#8211;\u00a0<em>2026 Y\u0131l\u0131 Sonu Hedefi<\/em>)<\/li>\n\n\n\n<li><strong>Kale Sosyal Tesisler Kav\u015fa\u011f\u0131<\/strong>\u00a0(Kilometre: 61+800 &#8211;\u00a0<em>2026 Y\u0131l\u0131 Sonu Hedefi<\/em>)<\/li>\n\n\n\n<li><strong>Yenik\u00f6y Kav\u015fa\u011f\u0131<\/strong>\u00a0(Kilometre: 83+080)<\/li>\n\n\n\n<li><strong>\u0130spendere Kav\u015fa\u011f\u0131<\/strong>\u00a0(Kilometre: 79+885)<\/li>\n\n\n\n<li><strong>Baraj Kav\u015fa\u011f\u0131<\/strong>\u00a0(Kilometre: 73+290)<\/li>\n\n\n\n<li><strong>Un Fabrikas\u0131 Kav\u015fa\u011f\u0131<\/strong>\u00a0(Kilometre: 70+920)<\/li>\n\n\n\n<li><strong>Erenli Kav\u015fa\u011f\u0131<\/strong>\u00a0(Kilometre: 66+417)<\/li>\n\n\n\n<li><strong>Stadyum Kav\u015fa\u011f\u0131<\/strong>\u00a0(Kilometre: 88+350)<\/li>\n\n\n\n<li><strong>Kap\u0131kaya Kav\u015fa\u011f\u0131<\/strong>\u00a0(Kilometre: 76+286)<\/li>\n<\/ul>\n\n\n\n<figure class=\"wp-block-image\"><a class=\"fancybox my-3\" href=\"https:\/\/busabahmalatyacom.teimg.com\/busabahmalatya-com\/uploads\/2026\/06\/malatyayi-doguya-ve-batiya-baglayan-ana-arterde-dev-adim-10u-bitti-10u-yolda-1.jpg\"><img decoding=\"async\" src=\"https:\/\/busabahmalatyacom.teimg.com\/busabahmalatya-com\/uploads\/2026\/06\/malatyayi-doguya-ve-batiya-baglayan-ana-arterde-dev-adim-10u-bitti-10u-yolda-1.jpg\" alt=\"\"\/><\/a><\/figure>\n\n\n\n<p class=\"wp-block-paragraph\"><strong>RESM\u0130 PROJE K\u00dcNYES\u0130 (\u00d6ZET B\u0130LG\u0130 KUTUSU)<\/strong><\/p>\n\n\n\n<ul class=\"wp-block-list\">\n<li><strong>Projenin Resmi Ad\u0131:<\/strong>\u00a0Elaz\u0131\u011f &#8211; Malatya &#8211; Darende Yolu Eksik Kav\u015fak ve \u00dcstyap\u0131 \u0130\u015flerinin Yap\u0131lmas\u0131 \u0130\u015fi<\/li>\n\n\n\n<li><strong>Kurum ve B\u00f6lge:<\/strong>\u00a0T.C. Ula\u015ft\u0131rma ve Altyap\u0131 Bakanl\u0131\u011f\u0131 \/ Karayollar\u0131 8. B\u00f6lge M\u00fcd\u00fcrl\u00fc\u011f\u00fc<\/li>\n\n\n\n<li><strong>Toplant\u0131 ve Onay:<\/strong>\u00a02026 Y\u0131l\u0131 2. \u0130l Koordinasyon Kurulu Toplant\u0131s\u0131<\/li>\n\n\n\n<li><strong>A\u00e7\u0131klayan Makam:<\/strong>\u00a0Malatya Valisi Seddar Yavuz &amp; Karayollar\u0131 8. B\u00f6lge M\u00fcd\u00fcr\u00fc Suat C\u00fcre<\/li>\n\n\n\n<li><strong>Y\u00fcklenici Firma:<\/strong>\u00a0Din\u00e7 Grup \u0130n\u015faat Petrol Taahh\u00fct Sanayi ve Ticaret Limited \u015eirketi<\/li>\n\n\n\n<li><strong>Toplam Proje Bedeli:<\/strong>\u00a0<em>1 Milyar 100 Milyon TL<\/em><\/li>\n\n\n\n<li><strong>Proje Takvimi:<\/strong>\u00a02018 &#8211; 2027<\/li>\n\n\n\n<li><strong>Toplam Kav\u015fak:<\/strong>\u00a020 Adet Hemzemin Tipi Kav\u015fak<\/li>\n\n\n\n<li><strong>Mevcut Durum:<\/strong>\u00a010 Adet Bitti \/ 10 Adet Yap\u0131m\u0131 S\u00fcr\u00fcyor<\/li>\n\n\n\n<li><strong>2026 Y\u0131l\u0131 \u00d6dene\u011fi \/ Hedeflenen \u0130malat:<\/strong>\u00a0<em>251,9 Milyon TL<\/em><\/li>\n\n\n\n<li><strong>2026 Y\u0131l\u0131 Teslim Edilecek Noktalar:<\/strong>\u00a0Turgut \u00d6zal T\u0131p Merkezi Kav\u015fa\u011f\u0131, Kale Sanayi Kav\u015fa\u011f\u0131, Kale Sosyal Tesisler Kav\u015fa\u011f\u0131<\/li>\n\n\n\n<li><strong>Tamamlanan Yol Onar\u0131m\u0131:<\/strong>\u00a03,4 Kilometre BSK S\u0131cak Asfalt<\/li>\n<\/ul>\n\n\n\n<p class=\"wp-block-paragraph\"><strong>PROJE DURUM KAR\u015eILA\u015eTIRMA TABLOSU<\/strong><\/p>\n\n\n\n<figure class=\"wp-block-table\"><table class=\"has-fixed-layout\"><thead><tr><td><strong>Proje Durum G\u00f6stergeleri<\/strong><\/td><td><strong>Karayollar\u0131 Resmi Rapor Verileri<\/strong><\/td><\/tr><\/thead><tbody><tr><td><strong>Toplam Kav\u015fak Hedefi<\/strong><\/td><td>20 Adet<\/td><\/tr><tr><td><strong>Fiziki Olarak Tamamlanan<\/strong><\/td><td>10 Adet<\/td><\/tr><tr><td><strong>Yap\u0131m\u0131 Aktif S\u00fcren<\/strong><\/td><td>10 Adet<\/td><\/tr><tr><td><strong>\u0130hale A\u015famas\u0131nda Olan<\/strong><\/td><td>0 Adet&nbsp;<em>(T\u00fcm\u00fc S\u00fcre\u00e7te)<\/em><\/td><\/tr><tr><td><strong>2026&#8217;da Kesin Bitecek Olan<\/strong><\/td><td>3 Adet&nbsp;<em>(T\u00d6TM ve Kale Kav\u015faklar\u0131)<\/em><\/td><\/tr><\/tbody><\/table><\/figure>\n","protected":false},"excerpt":{"rendered":"<p>Malatya Valisi Seddar Yavuz ba\u015fkanl\u0131\u011f\u0131nda toplanan \u0130l Koordinasyon Kurulu, Karayollar\u0131 8. B\u00f6lge M\u00fcd\u00fcr\u00fc Suat C\u00fcre&#8217;nin&#8230;<\/p>\n","protected":false},"author":1,"featured_media":162,"comment_status":"open","ping_status":"open","sticky":false,"template":"","format":"standard","meta":{"footnotes":""},"categories":[1],"tags":[],"class_list":["post-161","post","type-post","status-publish","format-standard","has-post-thumbnail","hentry","category-malatya-gundemi"],"_links":{"self":[{"href":"https:\/\/gundem44.com.tr\/index.php?rest_route=\/wp\/v2\/posts\/161","targetHints":{"allow":["GET"]}}],"collection":[{"href":"https:\/\/gundem44.com.tr\/index.php?rest_route=\/wp\/v2\/posts"}],"about":[{"href":"https:\/\/gundem44.com.tr\/index.php?rest_route=\/wp\/v2\/types\/post"}],"author":[{"embeddable":true,"href":"https:\/\/gundem44.com.tr\/index.php?rest_route=\/wp\/v2\/users\/1"}],"replies":[{"embeddable":true,"href":"https:\/\/gundem44.com.tr\/index.php?rest_route=%2Fwp%2Fv2%2Fcomments&post=161"}],"version-history":[{"count":1,"href":"https:\/\/gundem44.com.tr\/index.php?rest_route=\/wp\/v2\/posts\/161\/revisions"}],"predecessor-version":[{"id":163,"href":"https:\/\/gundem44.com.tr\/index.php?rest_route=\/wp\/v2\/posts\/161\/revisions\/163"}],"wp:featuredmedia":[{"embeddable":true,"href":"https:\/\/gundem44.com.tr\/index.php?rest_route=\/wp\/v2\/media\/162"}],"wp:attachment":[{"href":"https:\/\/gundem44.com.tr\/index.php?rest_route=%2Fwp%2Fv2%2Fmedia&parent=161"}],"wp:term":[{"taxonomy":"category","embeddable":true,"href":"https:\/\/gundem44.com.tr\/index.php?rest_route=%2Fwp%2Fv2%2Fcategories&post=161"},{"taxonomy":"post_tag","embeddable":true,"href":"https:\/\/gundem44.com.tr\/index.php?rest_route=%2Fwp%2Fv2%2Ftags&post=161"}],"curies":[{"name":"wp","href":"https:\/\/api.w.org\/{rel}","templated":true}]}}