{"id":158,"date":"2026-06-02T13:29:46","date_gmt":"2026-06-02T13:29:46","guid":{"rendered":"https:\/\/gundem44.com.tr\/?p=158"},"modified":"2026-06-02T13:29:46","modified_gmt":"2026-06-02T13:29:46","slug":"malatyaya-yaz-uyarisi-geldi-tum-turkiyede-gecerli-olacak","status":"publish","type":"post","link":"https:\/\/gundem44.com.tr\/?p=158","title":{"rendered":"Malatya&#8217;ya yaz uyar\u0131s\u0131 geldi: T\u00fcm T\u00fcrkiye&#8217;de ge\u00e7erli olacak!"},"content":{"rendered":"\n<p class=\"wp-block-paragraph\">T\u00fcrkiye, ge\u00e7ti\u011fimiz ay ya\u015fanan serin ve ya\u011f\u0131\u015fl\u0131 d\u00f6nemi h\u0131zla geride b\u0131rakarak, haziran ay\u0131 ile birlikte iklimsel anlamda son derece sert bir duvara \u00e7arp\u0131yor. Bilim insanlar\u0131n\u0131n ve meteoroloji otoritelerinin ortak g\u00f6r\u00fc\u015f\u00fcne g\u00f6re, k\u00fcresel \u00e7aptaki &#8220;S\u00fcper El Nino&#8221; ak\u0131m\u0131 T\u00fcrkiye co\u011frafyas\u0131n\u0131 etkisi alt\u0131na almaya ba\u015flad\u0131. \u0130\u015fte t\u00fcm detaylar..<\/p>\n\n\n\n<p class=\"wp-block-paragraph\">\u00dclke genelini kapsayan uyar\u0131lar olduk\u00e7a vahim: Beklenen sadece rekor s\u0131cakl\u0131klar de\u011fil; ayn\u0131 zamanda tar\u0131m\u0131 yok edebilecek kurakl\u0131klar, devasa orman yang\u0131nlar\u0131 ve aniden patlayan \u00f6l\u00fcmc\u00fcl seller. Do\u011fu ile \u0130\u00e7 Anadolu&#8217;nun kav\u015fak noktalar\u0131ndan biri olan Malatya&#8217;n\u0131n da, \u00fclke genelini sarsacak bu iklim kaosundan a\u011f\u0131r \u015fekilde etkilenmesi g\u00fc\u00e7l\u00fc bir ihtimal olarak duruyor.<\/p>\n\n\n\n<figure class=\"wp-block-image\"><a class=\"fancybox my-3\" href=\"https:\/\/busabahmalatyacom.teimg.com\/busabahmalatya-com\/uploads\/2026\/06\/malatyada-sicakliklar-dusuyor-iste-bugun-beklenen-hava-durumu-2-malatyahaber.webp\"><img decoding=\"async\" src=\"https:\/\/busabahmalatyacom.teimg.com\/busabahmalatya-com\/uploads\/2026\/06\/malatyada-sicakliklar-dusuyor-iste-bugun-beklenen-hava-durumu-2-malatyahaber.webp\" alt=\"Malatya\u2019da S\u0131cakl\u0131klar D\u00fc\u015f\u00fcyor \u0130\u015fte Bug\u00fcn Beklenen Hava Durumu (2) Malatyahaber\"\/><\/a><\/figure>\n\n\n\n<h2 class=\"wp-block-heading\"><strong>May\u0131s Ya\u011f\u0131\u015flar\u0131ndan Kavurucu Yaza ve 2027 Uyar\u0131s\u0131na Do\u011fru<\/strong><\/h2>\n\n\n\n<p class=\"wp-block-paragraph\">Hava s\u0131cakl\u0131klar\u0131ndaki \u00fclke \u00e7ap\u0131ndaki genel art\u0131\u015f, yaln\u0131zca s\u0131radan bir mevsimsel d\u00f6ng\u00fcden ibaret de\u011fil. \u0130zmir Bak\u0131r\u00e7ay \u00dcniversitesi \u00f6\u011fretim \u00fcyelerinden Prof. Dr. \u015eermin Ta\u011f\u0131l&#8217;\u0131n yapt\u0131\u011f\u0131 a\u00e7\u0131klamalar, T\u00fcrkiye&#8217;nin \u00f6n\u00fcndeki iklim faturas\u0131n\u0131n kabar\u0131kl\u0131\u011f\u0131n\u0131 ortaya koyuyor. Ta\u011f\u0131l&#8217;a g\u00f6re El Nino&#8217;nun getirdi\u011fi bu ekstrem dalgalanmalar 2027 y\u0131l\u0131na kadar \u00fclkemizi terk etmeyebilir. T\u00fcrkiye&#8217;nin her b\u00f6lgesinde yeni s\u0131cakl\u0131k e\u015fiklerinin a\u015f\u0131lmas\u0131 beklenirken, k\u0131y\u0131 kesimlerde g\u00f6r\u00fclebilecek &#8216;medicane&#8217; t\u00fcr\u00fc kas\u0131rgalar, atmosferin ne kadar y\u00fckl\u00fc ve dengesiz oldu\u011funun i\u015fareti. Bu dengesizlik, denizden uzak Malatya gibi illerde kendisini a\u015f\u0131r\u0131 kurakl\u0131k ve ani lokal hava patlamalar\u0131 olarak g\u00f6sterecektir.<\/p>\n\n\n\n<h2 class=\"wp-block-heading\"><strong>Malatya&#8217;da Kurakl\u0131k ve Beklenmedik Do\u011fa Olaylar\u0131<\/strong><\/h2>\n\n\n\n<p class=\"wp-block-paragraph\">T\u00fcrkiye&#8217;nin geneline yay\u0131lacak olan S\u00fcper El Nino etkisi, Malatya&#8217;n\u0131n ekonomisinin belkemi\u011fi olan kay\u0131s\u0131 bah\u00e7eleri ve tar\u0131m arazileri i\u00e7in b\u00fcy\u00fck bir tehdit unsuru bar\u0131nd\u0131r\u0131yor. \u00dclke genelindeki kavurucu hava dalgalar\u0131, Malatya&#8217;da topra\u011f\u0131n nemini h\u0131zla \u00e7ekerek uzun s\u00fcreli bir kurakl\u0131k periyoduna yol a\u00e7abilir. Di\u011fer yandan, atmosferin a\u015f\u0131r\u0131 \u0131s\u0131nmas\u0131 sonucu olu\u015fabilecek ani ve \u00f6ng\u00f6r\u00fclemez sa\u011fanaklar, hasat d\u00f6nemindeki \u00fcr\u00fcnlere zarar verme ve k\u0131rsal alanlarda ani sel bask\u0131nlar\u0131 yaratma riski ta\u015f\u0131yor.<\/p>\n\n\n\n<h2 class=\"wp-block-heading\"><strong>Yurt Genelindeki Ya\u011f\u0131\u015flardan Malatya Nas\u0131l Etkilenecek?<\/strong><\/h2>\n\n\n\n<p class=\"wp-block-paragraph\">Kurban Bayram\u0131 sonras\u0131 haftaya T\u00fcrkiye&#8217;nin b\u00fcy\u00fck b\u00f6l\u00fcm\u00fc gibi g\u00fcne\u015fli ba\u015flayan Malatya&#8217;da, sal\u0131 g\u00fcn\u00fcnden itibaren hava durumu tahminleri de\u011fi\u015fiyor. \u00dclkenin Ege, Akdeniz ve G\u00fcneydo\u011fu d\u0131\u015f\u0131nda kalan neredeyse t\u00fcm b\u00f6lgelerinde beklenen kuvvetli sa\u011fanaklar\u0131n Malatya \u00e7evresini de etkilemesi olas\u0131. \u0130\u015fin ilgin\u00e7 taraf\u0131, bu ani ya\u011f\u0131\u015flar T\u00fcrkiye&#8217;nin genelinde oldu\u011fu gibi Malatya&#8217;da da hava s\u0131cakl\u0131klar\u0131n\u0131 d\u00fc\u015f\u00fcrmeyecek. Aksine, mevsim normallerindeki y\u00fcksek s\u0131cakl\u0131klar nem ile birle\u015ferek bunalt\u0131c\u0131 bir atmosfer yaratacak. Malatya&#8217;n\u0131n bu 3 y\u0131ll\u0131k uzun vadeli S\u00fcper El Nino sava\u015f\u0131na kar\u015f\u0131 tar\u0131msal \u00f6nlemlerini \u015fimdiden almas\u0131 gerekiyor.<\/p>\n","protected":false},"excerpt":{"rendered":"<p>T\u00fcrkiye, ge\u00e7ti\u011fimiz ay ya\u015fanan serin ve ya\u011f\u0131\u015fl\u0131 d\u00f6nemi h\u0131zla geride b\u0131rakarak, haziran ay\u0131 ile birlikte&#8230;<\/p>\n","protected":false},"author":1,"featured_media":159,"comment_status":"open","ping_status":"open","sticky":false,"template":"","format":"standard","meta":{"footnotes":""},"categories":[1],"tags":[],"class_list":["post-158","post","type-post","status-publish","format-standard","has-post-thumbnail","hentry","category-malatya-gundemi"],"_links":{"self":[{"href":"https:\/\/gundem44.com.tr\/index.php?rest_route=\/wp\/v2\/posts\/158","targetHints":{"allow":["GET"]}}],"collection":[{"href":"https:\/\/gundem44.com.tr\/index.php?rest_route=\/wp\/v2\/posts"}],"about":[{"href":"https:\/\/gundem44.com.tr\/index.php?rest_route=\/wp\/v2\/types\/post"}],"author":[{"embeddable":true,"href":"https:\/\/gundem44.com.tr\/index.php?rest_route=\/wp\/v2\/users\/1"}],"replies":[{"embeddable":true,"href":"https:\/\/gundem44.com.tr\/index.php?rest_route=%2Fwp%2Fv2%2Fcomments&post=158"}],"version-history":[{"count":1,"href":"https:\/\/gundem44.com.tr\/index.php?rest_route=\/wp\/v2\/posts\/158\/revisions"}],"predecessor-version":[{"id":160,"href":"https:\/\/gundem44.com.tr\/index.php?rest_route=\/wp\/v2\/posts\/158\/revisions\/160"}],"wp:featuredmedia":[{"embeddable":true,"href":"https:\/\/gundem44.com.tr\/index.php?rest_route=\/wp\/v2\/media\/159"}],"wp:attachment":[{"href":"https:\/\/gundem44.com.tr\/index.php?rest_route=%2Fwp%2Fv2%2Fmedia&parent=158"}],"wp:term":[{"taxonomy":"category","embeddable":true,"href":"https:\/\/gundem44.com.tr\/index.php?rest_route=%2Fwp%2Fv2%2Fcategories&post=158"},{"taxonomy":"post_tag","embeddable":true,"href":"https:\/\/gundem44.com.tr\/index.php?rest_route=%2Fwp%2Fv2%2Ftags&post=158"}],"curies":[{"name":"wp","href":"https:\/\/api.w.org\/{rel}","templated":true}]}}