{"id":1579,"date":"2026-09-05T10:26:56","date_gmt":"2026-09-05T10:26:56","guid":{"rendered":"https:\/\/gundem44.com.tr\/?p=1579"},"modified":"2026-09-05T10:26:56","modified_gmt":"2026-09-05T10:26:56","slug":"bakan-ersoy-cop31-antalya-markasina-ciddi-bir-deger-katacak","status":"publish","type":"post","link":"https:\/\/gundem44.com.tr\/?p=1579","title":{"rendered":"Bakan Ersoy: COP31 Antalya markas\u0131na ciddi bir de\u011fer katacak"},"content":{"rendered":"<p><img decoding=\"async\" src=\"https:\/\/images.ntv.com.tr\/images\/001T\u00dcRKTUR\u0130ZM\u0130N\u0130NKALB\u0130ANTALYA\u2019YA19,2M\u0130LYARL\u0130RALIKK\u00dcLT\u00dcRVETUR\u0130ZMYATIRIMI-563553.jpeg?width=930&amp;format=webp\" class=\"type:primaryImage\" alt=\"Bakan Ersoy: COP31 Antalya markas\u0131na ciddi bir de\u011fer katacak\" \/><\/p>\n<p>Bakan Ersoy, Antalya\u2019ya son 24 y\u0131lda k\u00fclt\u00fcr ve turizm alan\u0131nda 19,2 milyar lira yat\u0131r\u0131m yap\u0131ld\u0131\u011f\u0131n\u0131 a\u00e7\u0131klad\u0131. COP31 i\u00e7in haz\u0131rl\u0131klar\u0131n s\u00fcrd\u00fc\u011f\u00fc kentte yakla\u015f\u0131k 100 bin ziyaret\u00e7i bekleniyor.<\/p>\n<p>K\u00fclt\u00fcr ve Turizm Bakan\u0131 Mehmet Nuri Ersoy, son 24 y\u0131lda Antalya\u2019da k\u00fclt\u00fcr ve turizme 19,2 milyar lira yat\u0131r\u0131m yapt\u0131klar\u0131n\u0131 a\u00e7\u0131klad\u0131.&nbsp;<\/p>\n<p>&nbsp;<\/p>\n<p>Antalya\u2019da 2002 y\u0131l\u0131nda 523 olan i\u015fletme belgeli konaklama tesisi say\u0131s\u0131n\u0131n 2 bin 709\u2019a, 150 bin 955 olan yatak kapasitesinin ise 619 bin 644\u2019e y\u00fckseldi\u011fini belirten Ersoy, COP31 haz\u0131rl\u0131klar\u0131 kapsam\u0131nda yakla\u015f\u0131k 38 kilometrelik yeni yol imalat\u0131n\u0131n tamamland\u0131\u011f\u0131n\u0131 bildirdi. \u00c7evre, \u015eehircilik ve \u0130klim De\u011fi\u015fikli\u011fi Bakan\u0131 Murat Kurum ise COP31\u2019de 100 bine yak\u0131n ziyaret\u00e7inin beklendi\u011fini, EXPO 2016 alan\u0131n\u0131n kal\u0131c\u0131 bir fuar ve kongre merkezine d\u00f6n\u00fc\u015ft\u00fcr\u00fcld\u00fc\u011f\u00fcn\u00fc a\u00e7\u0131klad\u0131.<\/p>\n<p>&nbsp;<\/p>\n<p>T\u00fcrk turizminin kalbi Antalya, tesisle\u015fmeden altyap\u0131ya, ula\u015f\u0131mdan k\u00fclt\u00fcr yat\u0131r\u0131mlar\u0131na uzanan \u00e7al\u0131\u015fmalarla uluslararas\u0131 b\u00fcy\u00fck organizasyonlar\u0131n tercihi olan merkezlerden biri h\u00e2line gelirken \u015fehrin ula\u015f\u0131m a\u011f\u0131na kazand\u0131r\u0131lan yeni yollar da hizmete a\u00e7\u0131ld\u0131.<\/p>\n<p>&nbsp;<\/p>\n<p>K\u00fclt\u00fcr ve Turizm Bakan\u0131 Mehmet Nuri Ersoy ve \u00c7evre, \u015eehircilik ve \u0130klim De\u011fi\u015fikli\u011fi Bakan\u0131 Murat Kurum Antalya\u2019da d\u00fczenlenen yol a\u00e7\u0131l\u0131\u015f program\u0131na kat\u0131ld\u0131.<\/p>\n<p>&nbsp;<\/p>\n<p>A\u00e7\u0131l\u0131\u015fta; AK Parti Antalya milletvekilleri Mevl\u00fct \u00c7avu\u015fo\u011flu, Atay Uslu, Mustafa K\u00f6se, Tuba Vural \u00c7okal, \u0130brahim Ethem Ta\u015f, Serap Yaz\u0131c\u0131 \u00d6zbudun, MHP Antalya Milletvekili Abdurrahman Ba\u015fkan, AK Parti \u0130l Ba\u015fkan\u0131 Ali \u00c7etin, MHP \u0130l Ba\u015fkan\u0131 Sadullah G\u00fcne\u015f, \u00c7evre, \u015eehircilik ve \u0130klim De\u011fi\u015fikli\u011fi Bakan Yard\u0131mc\u0131lar\u0131 \u00d6mer Bulut, Burak Demiralp ile K\u00fclt\u00fcr ve Turizm Bakan Yard\u0131mc\u0131s\u0131 Nadir Alpaslan de yer ald\u0131.<\/p>\n<p>&nbsp;<\/p>\n<p>Programda konu\u015fan Bakan Ersoy, Antalya\u2019ya yap\u0131lan yat\u0131r\u0131mlar\u0131n, hayata ge\u00e7irilen projelerin ve farkl\u0131 bakanl\u0131klar\u0131n ortak vizyonla \u015fehre kazand\u0131rd\u0131\u011f\u0131 eser ve hizmetlerin Antalya\u2019y\u0131 uluslararas\u0131 b\u00fcy\u00fck organizasyonlar\u0131n tercihi olan bir merkez konumuna ta\u015f\u0131d\u0131\u011f\u0131n\u0131 s\u00f6yledi.<\/p>\n<p><span>COP31 9-20 KASIM&#8217;DA ANTALYA&#8217;DA<\/span><\/p>\n<p>Bu geli\u015fmenin bir tezah\u00fcr\u00fc olarak Birle\u015fmi\u015f Milletler \u0130klim De\u011fi\u015fikli\u011fi \u00c7er\u00e7eve S\u00f6zle\u015fmesi\u2019nin en \u00fcst d\u00fczey karar organ\u0131 olan 31. Taraflar Konferans\u0131\u2019n\u0131n (COP31) 9-20 Kas\u0131m tarihleri aras\u0131nda Antalya\u2019da ger\u00e7ekle\u015ftirilece\u011fini belirten Ersoy, Cumhurba\u015fkan\u0131 Recep Tayyip Erdo\u011fan\u2019\u0131n siyasi liderli\u011fi, Emine Erdo\u011fan\u2019\u0131n sosyal liderli\u011fi ve \u00c7evre, \u015eehircilik ve \u0130klim De\u011fi\u015fikli\u011fi Bakan\u0131 Murat Kurum\u2019un ba\u015fkanl\u0131\u011f\u0131nda b\u00fct\u00fcn insanl\u0131\u011f\u0131 tehdit eden en b\u00fcy\u00fck sorunlar\u0131n masaya yat\u0131r\u0131laca\u011f\u0131n\u0131 ifade etti.<\/p>\n<p>&nbsp;<\/p>\n<p>COP31\u2019in hem T\u00fcrkiye i\u00e7in hay\u0131rl\u0131 olmas\u0131n\u0131 hem de sorumluluk sahas\u0131ndaki sorunlara ili\u015fkin ciddi bir fikir, ileti\u015fim ve \u00e7\u00f6z\u00fcm masas\u0131 olarak insanl\u0131\u011fa ve d\u00fcnyaya hizmet etmesini temenni eden Ersoy, Antalya\u2019n\u0131n y\u00fckseli\u015finde tesisle\u015fmedeki kalite ve kapasite, g\u00fc\u00e7l\u00fc altyap\u0131 hamleleri ile ula\u015f\u0131m a\u011f\u0131n\u0131n \u00e7e\u015fitlili\u011fi ve konforunun \u00f6nemli rol oynad\u0131\u011f\u0131n\u0131 vurgulad\u0131.<\/p>\n<p>&nbsp;<\/p>\n<p><strong>ANTALYA&#8217;YA 24 YILDA 19,2 M\u0130LYAR L\u0130RALIK YATIRIM<\/strong><\/p>\n<p>&nbsp;<\/p>\n<p>K\u00fclt\u00fcr ve Turizm Bakanl\u0131\u011f\u0131 olarak Antalya\u2019ya \u00e7ok y\u00f6nl\u00fc bir bak\u0131\u015f a\u00e7\u0131s\u0131yla hizmet verdiklerini belirten Bakan Ersoy, \u201cSon 24 y\u0131lda Antalya\u2019da k\u00fclt\u00fcr ve turizme 19,2 milyar lira yat\u0131r\u0131m yapt\u0131k.\u201d dedi.<\/p>\n<p>&nbsp;<\/p>\n<p>Bu kapsamda 527 milyon liral\u0131k yat\u0131r\u0131mla Antalya Elmal\u0131 Muhammed Hamdi Yaz\u0131r K\u00fclt\u00fcr Merkezi\u2019nin \u015fehre kazand\u0131r\u0131ld\u0131\u011f\u0131n\u0131 aktaran Ersoy, 66,6 milyon liral\u0131k Antalya \u0130brad\u0131 Ormana K\u00fclt\u00fcr Merkezi\u2019nde fiziki ger\u00e7ekle\u015fmenin y\u00fczde 99\u2019a ula\u015ft\u0131\u011f\u0131n\u0131, ge\u00e7ici kabul s\u00fcrecinin devam etti\u011fini ve merkezin bu ay i\u00e7inde hizmete al\u0131nmas\u0131n\u0131n planland\u0131\u011f\u0131n\u0131 s\u00f6yledi.<\/p>\n<p>&nbsp;<\/p>\n<p>Ersoy ayr\u0131ca Kamu Eliyle Yap\u0131lan K\u00fclt\u00fcr Yat\u0131r\u0131mlar\u0131na Destek Projesi kapsam\u0131nda 8 projeye 141 milyon lira destek sa\u011fland\u0131\u011f\u0131n\u0131, 2002-2026 y\u0131llar\u0131 aras\u0131nda Antalya\u2019da ger\u00e7ekle\u015ftirilen altyap\u0131 yat\u0131r\u0131mlar\u0131 ile yerel y\u00f6netimlerin turizm altyap\u0131 projelerine verilen deste\u011fin toplam g\u00fcncel de\u011ferinin ise yakla\u015f\u0131k 18,1 milyar liraya ula\u015ft\u0131\u011f\u0131n\u0131 kaydetti.<\/p>\n<p><span>TUR\u0130ZM\u0130N S\u00dcRD\u00dcR\u00dcLEB\u0130L\u0130RL\u0130\u011e\u0130 \u0130\u00c7\u0130N M\u0130LYARLARCA L\u0130RALIK ALTYAPI<\/span><\/p>\n<p>Antalya turizminin s\u00fcrd\u00fcr\u00fclebilirli\u011fini sa\u011flamak ve deniz kirlili\u011fini \u00f6nlemek amac\u0131yla ger\u00e7ekle\u015ftirilen at\u0131k su ar\u0131tma tesisi yat\u0131r\u0131mlar\u0131na da de\u011finen Ersoy, Serik B\u00f6lgesi ve Belek Turizm Merkezi\u2019ne hizmet veren Serik 2 At\u0131ksu Ar\u0131tma Tesisi\u2019nin 2021 y\u0131l\u0131nda tamamlanarak hizmete a\u00e7\u0131ld\u0131\u011f\u0131n\u0131, Bo\u011fazkent Terfi Merkezi ve terfi \u00e7al\u0131\u015fmalar\u0131n\u0131n da 2022 y\u0131l\u0131 sonunda devreye al\u0131nd\u0131\u011f\u0131n\u0131 s\u00f6yledi. Projenin g\u00fcncel maliyetinin 4,4 milyar lira oldu\u011funu bildirdi.<\/p>\n<p>&nbsp;<\/p>\n<p>\u015eubat 2023\u2019te yap\u0131m\u0131na ba\u015flanan Antalya Kemer-\u00c7amyuva At\u0131ksu Ar\u0131tma Tesisi ve Ba\u011flant\u0131l\u0131 Altyap\u0131 Tesisleri\u2019nin Nisan 2024\u2019te tamamlanarak devreye al\u0131nd\u0131\u011f\u0131n\u0131 belirten Ersoy, bu projenin g\u00fcncel maliyetinin de 3,6 milyar lira oldu\u011funu ifade etti.<\/p>\n<p>&nbsp;<\/p>\n<p>Kadriye-Belek b\u00f6lgesindeki turizm yo\u011funlu\u011fu, devam eden yap\u0131la\u015fma ve n\u00fcfus art\u0131\u015f\u0131 nedeniyle ortaya \u00e7\u0131kan yeni altyap\u0131 ihtiyac\u0131na y\u00f6nelik \u00e7al\u0131\u015fmalara da ba\u015flad\u0131klar\u0131n\u0131 aktaran Ersoy, kanalizasyon terfi hatlar\u0131 ile Serik At\u0131ksu Ar\u0131tma Tesisi\u2019ne ilave son \u00e7\u00f6kt\u00fcrme havuzlar\u0131 ve disk filtre dezenfeksiyon \u00fcnitesi yap\u0131m\u0131n\u0131n s\u00fcrd\u00fc\u011f\u00fcn\u00fc bildirdi. \u00c7al\u0131\u015fmalar tamamland\u0131\u011f\u0131nda \u00c7and\u0131r Paket Ar\u0131tma Tesisi\u2019nin devre d\u0131\u015f\u0131 b\u0131rak\u0131laca\u011f\u0131n\u0131 ve b\u00f6lgenin at\u0131k sular\u0131n\u0131n Serik At\u0131ksu Ar\u0131tma Tesisi\u2019nde ar\u0131t\u0131laca\u011f\u0131n\u0131 belirten Ersoy, bu \u00e7al\u0131\u015fmalar\u0131n ayn\u0131 zamanda COP31\u2019e haz\u0131rl\u0131k s\u00fcrecinin \u00f6nemli bir aya\u011f\u0131n\u0131 olu\u015fturdu\u011funu s\u00f6yledi.<\/p>\n<p>&nbsp;<\/p>\n<p><strong>14 ADET 5 YILDIZ KAL\u0130TES\u0130NDE \u00dcCRETS\u0130Z HALK PLAJI<\/strong><\/p>\n<p>&nbsp;<\/p>\n<p>Antalya\u2019ya 14 adet 5 y\u0131ld\u0131z kalitesinde \u00fccretsiz halk plaj\u0131 kazand\u0131r\u0131ld\u0131\u011f\u0131n\u0131 da hat\u0131rlatan Bakan Ersoy, \u201cEn iyisini yaparak insan\u0131m\u0131za lay\u0131k olduklar\u0131 \u00fcst d\u00fczey kalite ve konforu sunmaya devam ediyoruz.\u201d ifadelerini kulland\u0131.<\/p>\n<p>&nbsp;<\/p>\n<p>Arkeoloji tarihinin en kapsaml\u0131 projesi olan Gelece\u011fe Miras kapsam\u0131nda Antalya\u2019n\u0131n antik kentlerini g\u00fcn y\u00fcz\u00fcne \u00e7\u0131kard\u0131klar\u0131n\u0131 ve restore ederek aya\u011fa kald\u0131rd\u0131klar\u0131n\u0131 belirten Ersoy, bu alanlar\u0131n Gece M\u00fczecili\u011fi ve sanat etkinlikleriyle \u015fehrin turizmine, k\u00fclt\u00fcr ve sanat hayat\u0131na kazand\u0131r\u0131ld\u0131\u011f\u0131n\u0131 s\u00f6yledi.<\/p>\n<p>&nbsp;<\/p>\n<p>Ersoy, ciddi bir sosyoekonomik faydaya d\u00f6n\u00fc\u015fen bu uygulamalar\u0131 geli\u015ftirmeyi ve yayg\u0131nla\u015ft\u0131rmay\u0131 s\u00fcrd\u00fcreceklerini ifade etti.<\/p>\n<p><span>KONAKLAMA TES\u0130S\u0130 SAYISI 523&#8217;TEN 2 B\u0130N 709&#8217;A \u00c7IKTI<\/span><\/p>\n<p>Antalya\u2019ya yap\u0131lan yat\u0131r\u0131mlar\u0131n \u015fehrin geli\u015fimine ciddi bir ivme kazand\u0131rd\u0131\u011f\u0131n\u0131 ve turizmde uluslararas\u0131 bir markaya d\u00f6n\u00fc\u015fmesini sa\u011flad\u0131\u011f\u0131n\u0131 belirten Ersoy, 2002 y\u0131l\u0131nda Antalya\u2019da 523 i\u015fletme belgeli konaklama tesisi ve 150 bin 955 yatak bulundu\u011funu hat\u0131rlatt\u0131.<\/p>\n<p>&nbsp;<\/p>\n<p>Bug\u00fcn i\u015fletme belgeli konaklama tesisi say\u0131s\u0131n\u0131n 5 kattan fazla art\u0131\u015fla 2 bin 709\u2019a, yatak kapasitesinin ise 4 kattan fazla art\u0131\u015fla 619 bin 644\u2019e y\u00fckseldi\u011fini a\u00e7\u0131klayan Ersoy, bu b\u00fcy\u00fcmenin yeni ihtiya\u00e7lar\u0131 da beraberinde getirdi\u011fini s\u00f6yledi.<\/p>\n<p>&nbsp;<\/p>\n<p>4 Ana Arter, 12 Otel Ba\u011flant\u0131 Yolu, Yakla\u015f\u0131k 38 Kilometre<\/p>\n<p>&nbsp;<\/p>\n<p>Bu ihtiya\u00e7lara cevap verirken Ula\u015ft\u0131rma ve Altyap\u0131 Bakanl\u0131\u011f\u0131 ile \u00c7evre, \u015eehircilik ve \u0130klim De\u011fi\u015fikli\u011fi Bakanl\u0131\u011f\u0131yla ciddi bir i\u015f birli\u011fi i\u00e7inde hareket ettiklerini belirten Ersoy, COP31 haz\u0131rl\u0131klar\u0131 kapsam\u0131nda Bakan Murat Kurum ve \u00e7al\u0131\u015fma arkada\u015flar\u0131n\u0131n Antalya i\u00e7in yo\u011fun bir mesai y\u00fcr\u00fctt\u00fcklerini s\u00f6yledi.<\/p>\n<p>&nbsp;<\/p>\n<p>EXPO alan\u0131nda devam eden \u00e7al\u0131\u015fmalar\u0131n b\u00fcy\u00fck uluslararas\u0131 organizasyonlar i\u00e7in Antalya\u2019y\u0131 \u00f6ne \u00e7\u0131karacak kapasite ve nitelikte oldu\u011funu ifade eden Ersoy, ula\u015f\u0131m alan\u0131nda da yakla\u015f\u0131k 38 kilometrelik yeni yol imalat\u0131n\u0131n ger\u00e7ekle\u015ftirildi\u011fini a\u00e7\u0131klad\u0131.<\/p>\n<p>&nbsp;<\/p>\n<p>Yeni ula\u015f\u0131m yat\u0131r\u0131m\u0131n\u0131n 4 ana arter yolu ile 12 otel ba\u011flant\u0131 yolunu kapsad\u0131\u011f\u0131n\u0131 belirten Ersoy, yeni yollar\u0131n yan\u0131 s\u0131ra mevcut yol ko\u015fullar\u0131 ve g\u00fczerg\u00e2h \u00f6zellikleri dikkate al\u0131narak yol iyile\u015ftirme, d\u00fczenleme ve \u00fcstyap\u0131 imalatlar\u0131n\u0131n da ger\u00e7ekle\u015ftirildi\u011fini ifade etti.<\/p>\n<p>&nbsp;<\/p>\n<p>Ersoy, kav\u015faklardan kald\u0131r\u0131mlara ve yol ayd\u0131nlatmas\u0131na kadar yap\u0131lan \u00e7al\u0131\u015fmalarla b\u00fct\u00fcnc\u00fcl bir ula\u015f\u0131m projesinin hayata ge\u00e7irildi\u011fini s\u00f6yledi.<\/p>\n<p>&nbsp;<\/p>\n<p><strong>\u201cCOP31 ANTALYA MARKASINA C\u0130DD\u0130 B\u0130R DE\u011eER KATACAK\u201d<\/strong><\/p>\n<p>&nbsp;<\/p>\n<p>Antalya\u2019ya kazand\u0131r\u0131lan projeler ve COP31\u2019in \u015fehirde ger\u00e7ekle\u015ftirilecek olmas\u0131 dolay\u0131s\u0131yla \u00c7evre, \u015eehircilik ve \u0130klim De\u011fi\u015fikli\u011fi Bakan\u0131 Murat Kurum ile eme\u011fi ge\u00e7enlere te\u015fekk\u00fcr eden Bakan Ersoy, konu\u015fmas\u0131n\u0131 COP31\u2019in Antalya markas\u0131na ciddi bir de\u011fer kataca\u011f\u0131na inand\u0131\u011f\u0131n\u0131 ifade ederek tamamlad\u0131.<\/p>\n<p><span>&#8220;COP31 ANTALYA \u0130\u00c7\u0130N \u00c7OK B\u00dcY\u00dcK B\u0130R FIRSAT&#8221;<\/span><\/p>\n<p>\u00c7evre, \u015eehircilik ve \u0130klim De\u011fi\u015fikli\u011fi Bakan\u0131 Murat Kurum da COP31 dolay\u0131s\u0131yla d\u00fcnyan\u0131n dikkatinin Antalya\u2019ya \u00e7evrilece\u011fini belirterek organizasyonun \u015fehrin turizmine, ticaretine, ula\u015f\u0131m\u0131na ve uluslararas\u0131 tan\u0131n\u0131rl\u0131\u011f\u0131na \u00f6nemli katk\u0131lar sa\u011flayaca\u011f\u0131n\u0131 s\u00f6yledi.<\/p>\n<p>&nbsp;<\/p>\n<p>Otellerden restoranlara, taksicilerden esnafa kadar Antalya ekonomisinin her kesiminin bu hareketlilikten faydalanaca\u011f\u0131n\u0131 ifade eden Kurum, \u201cBuraya gelen her misafir Antalya\u2019n\u0131n g\u00fczelli\u011fini g\u00f6recek, misafirperverli\u011fini tan\u0131yacak ve \u00fclkesine d\u00f6nd\u00fc\u011f\u00fcnde Antalya\u2019y\u0131 anlatacak. Antalya kazanacak, esnaf\u0131m\u0131z kazanacak, turizmcimiz kazanacak, vatanda\u015f\u0131m\u0131z kazanacak, T\u00fcrkiye kazanacak.\u201d dedi.<\/p>\n<p>&nbsp;<\/p>\n<p><strong>BELEK TUR\u0130ZM YOLU&#8217;NDA 38 K\u0130LOMETREL\u0130K \u00c7ALI\u015eMA<\/strong><\/p>\n<p>&nbsp;<\/p>\n<p>Antalya\u2019da 38 kilometrelik Belek Turizm Yolu\u2019nun tamamland\u0131\u011f\u0131n\u0131 a\u00e7\u0131klayan Bakan Kurum, d\u00f6rt ana arterin ba\u015ftan sona ele al\u0131nd\u0131\u011f\u0131n\u0131 ve 21 kilometrenin \u00fczerindeki ana arter yolunda kapsaml\u0131 \u00e7al\u0131\u015fmalar ger\u00e7ekle\u015ftirildi\u011fini bildirdi.<\/p>\n<p>&nbsp;<\/p>\n<p>Yollar\u0131n geni\u015fletildi\u011fini, ilave kav\u015faklar\u0131n yap\u0131ld\u0131\u011f\u0131n\u0131, kald\u0131r\u0131m ve bord\u00fcrlerin yenilendi\u011fini belirten Kurum; ayd\u0131nlatma sistemlerinin tamamland\u0131\u011f\u0131n\u0131, \u00e7evre g\u00fcvenlik unsurlar\u0131n\u0131n eklendi\u011fini, yol ve kald\u0131r\u0131mlarda gerekli iyile\u015ftirmelerin ger\u00e7ekle\u015ftirildi\u011fini kaydetti.<\/p>\n<p>&nbsp;<\/p>\n<p>Belek\u2019te ana arterleri otellere ba\u011flayan 12 ayr\u0131 ba\u011flant\u0131 yolunda da toplam 16 kilometrelik \u00e7al\u0131\u015fma yap\u0131ld\u0131\u011f\u0131n\u0131 aktaran Kurum, her g\u00fczerg\u00e2h\u0131n kendi \u015fartlar\u0131na g\u00f6re de\u011ferlendirilerek gerekli iyile\u015ftirme, d\u00fczenleme ve \u00fcstyap\u0131 imalatlar\u0131n\u0131n tamamland\u0131\u011f\u0131n\u0131 s\u00f6yledi.<\/p>\n<p>&nbsp;<\/p>\n<p><strong>EXPO 2016 ALANI KALICI B\u0130R FUAR VE KONGRE MERKEZ\u0130NE D\u00d6N\u00dc\u015e\u00dcYOR<\/strong><\/p>\n<p>&nbsp;<\/p>\n<p>EXPO 2016 alan\u0131n\u0131 ba\u015ftan sona yeniden ele ald\u0131klar\u0131n\u0131 belirten Bakan Kurum, 1 milyon metrekarelik alan\u0131 yaln\u0131zca birka\u00e7 g\u00fcnl\u00fck bir organizasyon i\u00e7in haz\u0131rlanan ge\u00e7ici bir merkez olarak g\u00f6rmediklerini vurgulad\u0131.<\/p>\n<p>&nbsp;<\/p>\n<p>Alan\u0131 Antalya\u2019ya uzun y\u0131llar hizmet edecek g\u00fc\u00e7l\u00fc bir fuar, kongre ve etkinlik altyap\u0131s\u0131na d\u00f6n\u00fc\u015ft\u00fcrd\u00fcklerini ifade eden Kurum, \u00e7al\u0131\u015fmalar\u0131n \u201cMavi B\u00f6lge\u201d ve \u201cYe\u015fil B\u00f6lge\u201d olmak \u00fczere iki temel b\u00f6l\u00fcmde y\u00fcr\u00fct\u00fcld\u00fc\u011f\u00fcn\u00fc s\u00f6yledi.<\/p>\n<p>&nbsp;<\/p>\n<p>Mavi B\u00f6lge\u2019nin resm\u00ee m\u00fczakerelerin y\u00fcr\u00fct\u00fclece\u011fi ve uluslararas\u0131 kurulu\u015flar\u0131n bir araya gelece\u011fi merkez olaca\u011f\u0131n\u0131 belirten Kurum, Ye\u015fil B\u00f6lge\u2019nin ise i\u015f d\u00fcnyas\u0131, akademi, gen\u00e7ler ve giri\u015fimcileri bulu\u015fturarak iklim zirvesini toplumla bulu\u015fturaca\u011f\u0131n\u0131 kaydetti.<\/p>\n<p>&nbsp;<\/p>\n<p><strong>COP31&#8217;DE 100 B\u0130NE YAKIN Z\u0130YARET\u00c7\u0130 BEKLEN\u0130YOR<\/strong><\/p>\n<p>&nbsp;<\/p>\n<p>COP31 kapsam\u0131nda Antalya\u2019da 100 bine yak\u0131n ziyaret\u00e7i beklediklerini a\u00e7\u0131klayan Bakan Kurum, haz\u0131rl\u0131k \u00e7al\u0131\u015fmalar\u0131n\u0131n planlanan takvimin \u00f6n\u00fcnde ilerledi\u011fini bildirdi.<\/p>\n<p>&nbsp;<\/p>\n<p>Sahada 1.510 personel ile 334 makine ve ekipman\u0131n g\u00f6rev yapt\u0131\u011f\u0131n\u0131 aktaran Kurum, \u00e7elik konstr\u00fcksiyondan \u00e7at\u0131ya, cepheden altyap\u0131ya, yoldan otoparka, i\u00e7 mek\u00e2nlardan peyzaja kadar geni\u015f bir alanda e\u015f zamanl\u0131 \u00e7al\u0131\u015fmalar\u0131n s\u00fcrd\u00fcr\u00fcld\u00fc\u011f\u00fcn\u00fc belirtti.<\/p>\n<p>&nbsp;<\/p>\n<p>Ana imalatlar\u0131n \u00f6nemli b\u00f6l\u00fcm\u00fcn\u00fcn tamamland\u0131\u011f\u0131n\u0131 ifade eden Kurum, \u201cCOP zirvesinde d\u00fcnyaya Antalya\u2019y\u0131, T\u00fcrkiye\u2019yi ve medeniyetimizi anlataca\u011f\u0131z. Say\u0131n Cumhurba\u015fkan\u0131m\u0131z\u0131n her alanda ortaya koydu\u011fu bar\u0131\u015f, huzur ve \u00e7\u00f6z\u00fcmden yana tavr\u0131n\u0131 bir kez daha duyuraca\u011f\u0131z.\u201d dedi.<\/p>\n<p>&nbsp;<\/p>\n<p>A\u00e7\u0131l\u0131\u015f\u0131 ger\u00e7ekle\u015ftirilen yollar\u0131n Antalya\u2019ya, b\u00f6lgeye ve T\u00fcrkiye\u2019ye hay\u0131rl\u0131 olmas\u0131n\u0131 dileyen Bakan Kurum, s\u00fcre\u00e7te verdi\u011fi desteklerden dolay\u0131 K\u00fclt\u00fcr ve Turizm Bakan\u0131 Mehmet Nuri Ersoy\u2019a te\u015fekk\u00fcr etti.<\/p>\n","protected":false},"excerpt":{"rendered":"<p>Bakan Ersoy, Antalya\u2019ya son 24 y\u0131lda k\u00fclt\u00fcr ve turizm alan\u0131nda 19,2 milyar lira yat\u0131r\u0131m yap\u0131ld\u0131\u011f\u0131n\u0131&#8230;<\/p>\n","protected":false},"author":1,"featured_media":1252,"comment_status":"open","ping_status":"open","sticky":false,"template":"","format":"standard","meta":{"footnotes":""},"categories":[14],"tags":[],"class_list":["post-1579","post","type-post","status-publish","format-standard","has-post-thumbnail","hentry","category-son-dakika"],"_links":{"self":[{"href":"https:\/\/gundem44.com.tr\/index.php?rest_route=\/wp\/v2\/posts\/1579","targetHints":{"allow":["GET"]}}],"collection":[{"href":"https:\/\/gundem44.com.tr\/index.php?rest_route=\/wp\/v2\/posts"}],"about":[{"href":"https:\/\/gundem44.com.tr\/index.php?rest_route=\/wp\/v2\/types\/post"}],"author":[{"embeddable":true,"href":"https:\/\/gundem44.com.tr\/index.php?rest_route=\/wp\/v2\/users\/1"}],"replies":[{"embeddable":true,"href":"https:\/\/gundem44.com.tr\/index.php?rest_route=%2Fwp%2Fv2%2Fcomments&post=1579"}],"version-history":[{"count":0,"href":"https:\/\/gundem44.com.tr\/index.php?rest_route=\/wp\/v2\/posts\/1579\/revisions"}],"wp:featuredmedia":[{"embeddable":true,"href":"https:\/\/gundem44.com.tr\/index.php?rest_route=\/wp\/v2\/media\/1252"}],"wp:attachment":[{"href":"https:\/\/gundem44.com.tr\/index.php?rest_route=%2Fwp%2Fv2%2Fmedia&parent=1579"}],"wp:term":[{"taxonomy":"category","embeddable":true,"href":"https:\/\/gundem44.com.tr\/index.php?rest_route=%2Fwp%2Fv2%2Fcategories&post=1579"},{"taxonomy":"post_tag","embeddable":true,"href":"https:\/\/gundem44.com.tr\/index.php?rest_route=%2Fwp%2Fv2%2Ftags&post=1579"}],"curies":[{"name":"wp","href":"https:\/\/api.w.org\/{rel}","templated":true}]}}