{"id":1578,"date":"2026-09-05T10:26:55","date_gmt":"2026-09-05T10:26:55","guid":{"rendered":"https:\/\/gundem44.com.tr\/?p=1578"},"modified":"2026-09-05T10:26:55","modified_gmt":"2026-09-05T10:26:55","slug":"once-geminin-ismini-gorduler-sonra-tugberk-imamoglunun-enkazina-ulastilar","status":"publish","type":"post","link":"https:\/\/gundem44.com.tr\/?p=1578","title":{"rendered":"\u00d6nce geminin ismini g\u00f6rd\u00fcler, sonra Tu\u011fberk \u0130mamo\u011flu&#8217;nun enkaz\u0131na ula\u015ft\u0131lar"},"content":{"rendered":"<p><img decoding=\"async\" src=\"https:\/\/images.ntv.com.tr\/images\/-SILIVRI-ACIKLARINDA-2-GEMI-CARPISTI-AR_1485349_441915-261998.jpg?width=930&amp;format=webp\" class=\"type:primaryImage\" alt=\"\u00d6nce geminin ismini g\u00f6rd\u00fcler, sonra Tu\u011fberk \u0130mamo\u011flu&apos;nun enkaz\u0131na ula\u015ft\u0131lar\" \/><\/p>\n<p>Marmara Denizi&#8217;nde meydana gelen kazada batan Tu\u011fberk \u0130mamo\u011flu isimli geminin enkaz\u0131na ula\u015f\u0131ld\u0131. ROV cihaz\u0131, ilk olarak geminin ismini g\u00f6r\u00fcnt\u00fcledi.<\/p>\n<p>Marmara Denizi&#8217;nde 2 Eyl\u00fcl&#8217;de meydana gelen kazada batan Tu\u011fberk \u0130mamo\u011flu isimli geminin enkaz\u0131na ula\u015f\u0131ld\u0131.<\/p>\n<p>&nbsp;<\/p>\n<p>B\u00f6lgeden son geli\u015fmeleri NTV Muhabiri Beyzanur \u00d6zer, canl\u0131 yay\u0131nda payla\u015ft\u0131.&nbsp;<\/p>\n<p>&nbsp;<\/p>\n<p>\u00d6zer&#8217;in aktard\u0131\u011f\u0131na g\u00f6re bat\u0131k, kaza b\u00f6lgesinin 50 metre yak\u0131n\u0131nda ve 720 metre derinlikte bulundu. Su alt\u0131na dalan ROV cihaz\u0131 ilk olarak \u201cTu\u011fberk \u0130mamo\u011flu\u201d ismini g\u00f6rd\u00fc.<\/p>\n<p>&nbsp;<\/p>\n<p>B\u00f6ylelikle enkaz\u0131n bulundu\u011fu yer netle\u015fti.<\/p>\n<p><span>TCG AKIN TESP\u0130T ETT\u0130<\/span><\/p>\n<p>Enkaz\u0131n yeri, ilk g\u00fcnden bu yana arama \u00e7al\u0131\u015fmalar\u0131n\u0131 s\u00fcrd\u00fcren Deniz Kuvvetleri&#8217;ne ba\u011fl\u0131 TCG AKIN&#8217;\u0131n ROV cihaz\u0131yla tespit edildi.<\/p>\n<p>&nbsp;<\/p>\n<p>\u015eimdi g\u00f6zler enkaz\u0131n ayr\u0131nt\u0131l\u0131 incelenmesine \u00e7evrildi.<\/p>\n<p>&nbsp;<\/p>\n<p>Bu derinlikte insanl\u0131 dal\u0131\u015f m\u00fcmk\u00fcn olmad\u0131\u011f\u0131 i\u00e7in ROV ad\u0131 verilen uzaktan kumandal\u0131 sualt\u0131 ara\u00e7lar\u0131n\u0131n kullan\u0131lmas\u0131 planlan\u0131yor.<\/p>\n<p><span>DEN\u0130Z \u00dcZER\u0130NDEK\u0130 C\u0130S\u0130MLER EK\u0130PLER\u0130 HAREKETE GE\u00c7\u0130RD\u0130<\/span><\/p>\n<p>B\u00f6lgedeki arama \u00e7al\u0131\u015fmalar\u0131na hava unsurlar\u0131 da kat\u0131l\u0131yor.<\/p>\n<p>&nbsp;<\/p>\n<p>Bu \u00e7al\u0131\u015fmalar s\u0131ras\u0131nda su \u00fczerinde can simidi ve ilk yard\u0131m kutusu benzeri beyaz bir kutu g\u00f6r\u00fcld\u00fc.<\/p>\n<p>&nbsp;<\/p>\n<p>Ekipler, cisimlerin g\u00f6r\u00fcld\u00fc\u011f\u00fc noktan\u0131n koordinat\u0131n\u0131 Sahil G\u00fcvenlik ekiplerine bildirdi. Sahil G\u00fcvenlik ekipleri, b\u00f6lgede \u00e7al\u0131\u015fma ba\u015flatt\u0131.<\/p>\n<p>&nbsp;<\/p>\n<p>S\u00f6z konusu cisimlerin gemiye ait olup olmad\u0131\u011f\u0131 konusunda hen\u00fcz bir netlik yok.<\/p>\n<p><span>EN ACI BEKLEY\u0130\u015e<\/span><\/p>\n<p>\u0130stanbul Valisi Davut G\u00fcl de enkaz\u0131n bulundu\u011fu b\u00f6lgede incelemelerde bulundu.<\/p>\n<p>&nbsp;<\/p>\n<p>Batan gemideki personelin aileleri ise TCG AKIN gemisine getirildi ve devam eden \u00e7al\u0131\u015fmalar hakk\u0131nda bilgilendirildi.<\/p>\n<p>&nbsp;<\/p>\n<p>Gemide bulunan iki can sal\u0131ndan biri bulundu, di\u011fer can sal\u0131n\u0131 arama \u00e7al\u0131\u015fmalar\u0131 ise s\u00fcr\u00fcyor. Kay\u0131p yak\u0131nlar\u0131, 10 m\u00fcrettebat\u0131n bu can sal\u0131nda olabilece\u011fi umudunu koruyor.<\/p>\n<p>&nbsp;<\/p>\n<p>Kay\u0131p m\u00fcrettebat\u0131n yak\u0131nlar\u0131n\u0131n b\u00f6lgedeki bekleyi\u015fi s\u00fcr\u00fcyor.<\/p>\n<p><span>ALSU&#8217;NUN \u0130K\u0130 KAPTANI TUTUKLANDI<\/span><\/p>\n<p>Kazan\u0131n ard\u0131ndan ALSU gemisinin birinci kaptan\u0131 Ahmet Erarslan ile \u00fc\u00e7\u00fcnc\u00fc kaptan\u0131 Murat Evciman, taksirle \u00f6l\u00fcme ve yaralanmaya neden olma su\u00e7undan tutukland\u0131.<\/p>\n<p>&nbsp;<\/p>\n<p>Her iki kaptan da ifadelerinde Tu\u011fberk \u0130mamo\u011flu\u2019nun kendilerine \u00e7arpt\u0131\u011f\u0131n\u0131 savundu.<\/p>\n<p>&nbsp;<\/p>\n<p>\u00dc\u00e7\u00fcnc\u00fc kaptan Evciman, kazadan yaln\u0131zca bir g\u00fcn \u00f6nce gemiye kat\u0131ld\u0131\u011f\u0131n\u0131 ve yedi ayl\u0131k denizcilik tecr\u00fcbesinin bulundu\u011funu belirtti.<\/p>\n<p><span>KAZA NASIL MEYDANA GELD\u0130?<\/span><\/p>\n<p>Silivri a\u00e7\u0131klar\u0131ndaki gemi kazas\u0131n\u0131n bilirki\u015fi raporu, \u00f6nemli bilgiler <a href=\"https:\/\/www.ntv.com.tr\/turkiye\/galeri-marmarada-iki-gemi-nasil-carpisti-iste-dakika-dakika-kaza-ani-1740309\/1\">i\u00e7eriyor<\/a>.<\/p>\n<p>&nbsp;<\/p>\n<p>Kazan\u0131n hemen ard\u0131ndan yap\u0131lan a\u00e7\u0131klamalar Alsu&#8217;nun, Tu\u011fberk \u0130mamo\u011flu isimli geminin batmas\u0131na neden oldu\u011funa, uyar\u0131ya ra\u011fmen bir dizi tehlikeli manevra yapt\u0131\u011f\u0131na y\u00f6nelikti.<\/p>\n<p>&nbsp;<\/p>\n<p>Haz\u0131rlanan ilk bilirki\u015fi raporu, iki geminin de personel ve seyir cihazlar\u0131nda sorun ya\u015fad\u0131\u011f\u0131n\u0131, kazan\u0131n neredeyse ka\u00e7\u0131n\u0131lmaz oldu\u011funu g\u00f6steriyor.<\/p>\n<p>&nbsp;<\/p>\n<p>Raporda kazan\u0131n geli\u015fimi \u015f\u00f6yle \u00f6zetlendi;<\/p>\n<p>&nbsp;<\/p>\n<p>&#8211; Kaza an\u0131nda Alsu gemisinde 3. Kaptan olarak Murat Evciman g\u00f6revliydi. Bu g\u00f6rev Evciman&#8217;\u0131 bu gemideki ilk vardiya n\u00f6betiydi. Evciman gemideki seyir cihazlar\u0131n\u0131 tan\u0131m\u0131yordu.<\/p>\n<p>&nbsp;<\/p>\n<p>&#8211; Alsu gemisinde saat 03.10&#8217;de g\u00f6revli bir stajyer g\u00f6zc\u00fc vard\u0131. Bu s\u0131rada kaptan dahil b\u00fct\u00fcn personel uyuyordu.<\/p>\n<p>&nbsp;<\/p>\n<p>&#8211; Kaptan Ahmet Eraslan da uyuyordu ve saat 03.20 gibi uyanarak durumu anlamaya \u00e7al\u0131\u015ft\u0131.<\/p>\n<p><span>HANG\u0130 GEM\u0130, HANG\u0130 MANEVRAYI YAPTI?<\/span><\/p>\n<p>Bilirki\u015fi raporunda iki geminin kaza \u00f6ncesi manevralar\u0131na da yer verildi.<\/p>\n<p>&nbsp;<\/p>\n<p>Raporda manevralar\u0131n dakika dakika geli\u015fimi \u015f\u00f6yle aktar\u0131ld\u0131:<\/p>\n<p>&nbsp;<\/p>\n<p>&#8211; Kazadan k\u0131sa s\u00fcre \u00f6nce, saat 03.08 s\u0131ralar\u0131nda Tu\u011fberk \u0130mamo\u011flu gemisi, AIS verisi g\u00f6ndermiyordu. Bu cihaz, otomatik tan\u0131mlama sistemi olarak biliniyor ve geminin rotas\u0131n\u0131 \u00e7evredeki gemilere bildiriyor. \u0130mamo\u011flu gemisi bu veriyi g\u00f6ndermedi\u011fi i\u00e7in \u00e7evredeki gemiler i\u00e7in g\u00f6r\u00fcnmez ve tan\u0131nmaz hale geldi.<\/p>\n<p>&nbsp;<\/p>\n<p>&#8211; Kazadan 5 dakika \u00f6nce, yani saat 03.08 ile 03.09 aras\u0131nda, Alsu gemisindeki 3. Kaptan Evciman, Tu\u011fberk \u0130mamo\u011flu gemisiyle temasa ge\u00e7ti. Tu\u011fberk \u0130mamo\u011flu, Alsu&#8217;dan \u201ciskeleye ka\u00e7mas\u0131n\u0131\u201d yani d\u00fcmeni sola k\u0131rmas\u0131n\u0131 istedi.<\/p>\n<p>&nbsp;<\/p>\n<p>-Alsu bu istek \u00fczerine, rotas\u0131n\u0131 kendi soluna do\u011fru \u00e7evirmeye ba\u015flad\u0131.<\/p>\n<p>&nbsp;<\/p>\n<p>-Alsu rotas\u0131n\u0131 \u00e7evirirken Tu\u011fberk \u0130mamo\u011flu ECDIS sisteminden kayboldu. Elektronik Harita G\u00f6r\u00fcnt\u00fcleme ve Bilgi Sistemi olarak bilinen bu sistem, haritalar yerine kullan\u0131l\u0131yor.<\/p>\n","protected":false},"excerpt":{"rendered":"<p>Marmara Denizi&#8217;nde meydana gelen kazada batan Tu\u011fberk \u0130mamo\u011flu isimli geminin enkaz\u0131na ula\u015f\u0131ld\u0131. ROV cihaz\u0131, ilk&#8230;<\/p>\n","protected":false},"author":1,"featured_media":1252,"comment_status":"open","ping_status":"open","sticky":false,"template":"","format":"standard","meta":{"footnotes":""},"categories":[14],"tags":[],"class_list":["post-1578","post","type-post","status-publish","format-standard","has-post-thumbnail","hentry","category-son-dakika"],"_links":{"self":[{"href":"https:\/\/gundem44.com.tr\/index.php?rest_route=\/wp\/v2\/posts\/1578","targetHints":{"allow":["GET"]}}],"collection":[{"href":"https:\/\/gundem44.com.tr\/index.php?rest_route=\/wp\/v2\/posts"}],"about":[{"href":"https:\/\/gundem44.com.tr\/index.php?rest_route=\/wp\/v2\/types\/post"}],"author":[{"embeddable":true,"href":"https:\/\/gundem44.com.tr\/index.php?rest_route=\/wp\/v2\/users\/1"}],"replies":[{"embeddable":true,"href":"https:\/\/gundem44.com.tr\/index.php?rest_route=%2Fwp%2Fv2%2Fcomments&post=1578"}],"version-history":[{"count":0,"href":"https:\/\/gundem44.com.tr\/index.php?rest_route=\/wp\/v2\/posts\/1578\/revisions"}],"wp:featuredmedia":[{"embeddable":true,"href":"https:\/\/gundem44.com.tr\/index.php?rest_route=\/wp\/v2\/media\/1252"}],"wp:attachment":[{"href":"https:\/\/gundem44.com.tr\/index.php?rest_route=%2Fwp%2Fv2%2Fmedia&parent=1578"}],"wp:term":[{"taxonomy":"category","embeddable":true,"href":"https:\/\/gundem44.com.tr\/index.php?rest_route=%2Fwp%2Fv2%2Fcategories&post=1578"},{"taxonomy":"post_tag","embeddable":true,"href":"https:\/\/gundem44.com.tr\/index.php?rest_route=%2Fwp%2Fv2%2Ftags&post=1578"}],"curies":[{"name":"wp","href":"https:\/\/api.w.org\/{rel}","templated":true}]}}