{"id":1571,"date":"2026-09-04T21:19:10","date_gmt":"2026-09-04T21:19:10","guid":{"rendered":"https:\/\/gundem44.com.tr\/?p=1571"},"modified":"2026-09-04T21:19:10","modified_gmt":"2026-09-04T21:19:10","slug":"selcuk-bayraktar-yeni-hedefi-acikladi-smr","status":"publish","type":"post","link":"https:\/\/gundem44.com.tr\/?p=1571","title":{"rendered":"Sel\u00e7uk Bayraktar yeni hedefi a\u00e7\u0131klad\u0131. &quot;SMR&quot;"},"content":{"rendered":"<p><img decoding=\"async\" src=\"https:\/\/images.ntv.com.tr\/images\/Ba\u015fl\u0131ks\u0131z-18Nisan202612.29.23-1-315599.jpeg?width=930&amp;format=webp\" class=\"type:primaryImage\" alt=\"Sel\u00e7uk Bayraktar yeni hedefi a\u00e7\u0131klad\u0131. \" \/><\/p>\n<p>Baykar Y\u00f6netim Kurulu Ba\u015fkan\u0131 Sel\u00e7uk Bayraktar, &#8220;k\u00fc\u00e7\u00fck mod\u00fcler reakt\u00f6r&#8221; (SMR) konusunda \u00e7al\u0131\u015fmalar\u0131n\u0131n s\u00fcrd\u00fc\u011f\u00fcn\u00fc belirterek, &#8220;Birka\u00e7 sene i\u00e7inde SMR&#8217;leri yapabilece\u011fimize inan\u0131yorum.&#8221; dedi.<\/p>\n<p>TEKNOFEST Havac\u0131l\u0131k, Uzay ve Teknoloji Festivali kapsam\u0131nda Enerji ve Tabii Kaynaklar Bakanl\u0131\u011f\u0131 y\u00fcr\u00fct\u00fcc\u00fcl\u00fc\u011f\u00fcnde bu y\u0131l 3&#8217;\u00fcnc\u00fcs\u00fc d\u00fczenlenen N\u00fckleer Enerji Teknolojileri Tasar\u0131m Yar\u0131\u015fmas\u0131&#8217;n\u0131n final etkinli\u011fi, TENMAK&#8217;\u0131n \u0130stanbul K\u00fc\u00e7\u00fck\u00e7ekmece&#8217;deki yerle\u015fkesinde ger\u00e7ekle\u015ftirildi.<\/p>\n<p>&nbsp;<\/p>\n<p>Sel\u00e7uk Bayraktar, Enerji ve Tabii Kaynaklar Bakan\u0131 Alparslan Bayraktar ile yar\u0131\u015fmac\u0131larla bir araya geldi, onlar\u0131n sorular\u0131n\u0131 yan\u0131tlad\u0131.<\/p>\n<p>TMRS Energy ile 1,5-2 y\u0131ld\u0131r k\u00fc\u00e7\u00fck mod\u00fcler reakt\u00f6rlere y\u00f6nelik \u00e7al\u0131\u015fmalar yapt\u0131klar\u0131n\u0131 aktaran Sel\u00e7uk Bayraktar, &#8220;Biz \u015f\u00f6yle dedik: En az\u0131ndan ula\u015fabilece\u011fimiz en yak\u0131n da\u011f hangisiyse ona ula\u015fal\u0131m. Buras\u0131 bize en yak\u0131n alan. Buradan ba\u015flayal\u0131m, sizler de zamanla oralara uzan\u0131rs\u0131n\u0131z diye d\u00fc\u015f\u00fcnd\u00fck. Ben o kadar iddial\u0131y\u0131m ki birka\u00e7 sene i\u00e7inde k\u00fc\u00e7\u00fck mod\u00fcler reakt\u00f6rleri yapabilece\u011fimize inan\u0131yorum. Bunun birka\u00e7 sene i\u00e7inde ger\u00e7ekle\u015fece\u011fine inan\u0131yorum.&#8221; diye konu\u015ftu.<\/p>\n<p>&nbsp;<\/p>\n<p>Bu \u00e7al\u0131\u015fmay\u0131 y\u00fcr\u00fcten ekipte bir kartopu etkisi oldu\u011funu ve bunun b\u00fcy\u00fcd\u00fc\u011f\u00fcn\u00fc anlatan Bayraktar, ayn\u0131 zamanda bu alanda yap\u0131lan \u00e7al\u0131\u015fmalara y\u00f6nelik bir program\u0131n a\u00e7\u0131kland\u0131\u011f\u0131n\u0131 an\u0131msatt\u0131.<\/p>\n<p>N\u00fckleer enerjiye y\u00f6nelik \u00e7al\u0131\u015fmalar\u0131n b\u00fct\u00fcn d\u00fcnyada devlet kontrol\u00fcnde y\u00fcr\u00fct\u00fcld\u00fc\u011f\u00fcn\u00fc dile getiren Bayraktar, &#8220;\u00d6zellikle n\u00fckleer yak\u0131tlar konusunda bu b\u00f6yle. Biz inan\u0131yoruz ki bir anlamda enerjideki ba\u011f\u0131ms\u0131zl\u0131\u011f\u0131m\u0131z\u0131n \u00f6nemli yap\u0131 ta\u015flar\u0131ndan birisi k\u00fc\u00e7\u00fck mod\u00fcler reakt\u00f6rler olacak. B\u00fcy\u00fck reakt\u00f6rleri yapmam\u0131z \u00e7ok zor olurdu. Bu, havac\u0131l\u0131ktaki k\u0131r\u0131l\u0131m gibi bir nokta asl\u0131nda. D\u00fcnya da buna do\u011fru ilerliyor ve nispeten bu d\u00f6n\u00fc\u015f\u00fcm\u00fcn ba\u015f\u0131nday\u0131z.&#8221; ifadelerini kulland\u0131.<\/p>\n<p>&nbsp;<\/p>\n<p>Bayraktar, bu alanda en \u00f6nemli hususun insan kayna\u011f\u0131 oldu\u011funu vurgulayarak, \u015funlar\u0131 kaydetti:<\/p>\n<p>&nbsp;<\/p>\n<p>&#8220;Arkada\u015flar, yer alt\u0131 zenginli\u011finiz de olmal\u0131. Bu \u00e7ok k\u0131ymetli ama o yer alt\u0131 zenginli\u011fini de al\u0131p i\u015fleyecek insan g\u00fcc\u00fcn\u00fcz olmad\u0131k\u00e7a, de\u011fer zinciri olu\u015fturmad\u0131k\u00e7a bir \u015fey yapam\u0131yorsunuz. Ben de konuya \u00e7ok uzakt\u0131m. Ben elektronik m\u00fchendisiyim, robotik uzman\u0131y\u0131m. N\u00fckleerin N&#8217;sinden anlamazd\u0131m. Sizlerle beraber, 47 ya\u015f\u0131nda adeta 20&#8217;li ya\u015flar\u0131ma tekrardan d\u00f6nd\u00fcm ve s\u0131f\u0131rdan bamba\u015fka bir alan\u0131 \u00f6\u011freniyorum. Ne diyor \u015fair? &#8216;Ben \u00f6yle bilirim ki ya\u015famak, berrak g\u00f6kte \u00e7ocuklar a\u015fk\u0131na sava\u015fmakt\u0131r.&#8217; \u00d6yle bir hisle bu alanda da \u00e7al\u0131\u015f\u0131yoruz.&#8221;<\/p>\n<p><span>&#8220;SMR&#8217;LER TAR\u0130H\u0130 FIRSAT&#8221;<\/span><\/p>\n<p>Minik \u0130HA&#8217;lar\u0131 geli\u015ftirme s\u00fcrecinde \u00e7e\u015fitli ele\u015ftirilerle kar\u015f\u0131la\u015ft\u0131klar\u0131n\u0131 an\u0131msatan Bayraktar, \u015fu de\u011ferlendirmelerde bulundu:<\/p>\n<p>&nbsp;<\/p>\n<p>&#8220;Baykar, 20&#8217;nci senesinde bu alanda d\u00fcnyan\u0131n en b\u00fcy\u00fck insans\u0131z hava arac\u0131 \u015firketi. T\u00fcrkiye, bu S\u0130HA&#8217;larla hem ter\u00f6r\u00fcn belini b\u00fckt\u00fc hem de b\u00fcy\u00fck bir teknolojik ba\u015far\u0131y\u0131 d\u00fcnyaya sergiledi ve s\u00fcrekli inovasyon yaparak devam ediyor. Bu da b\u00f6yle bir alan. B\u00f6yle bakt\u0131\u011f\u0131n\u0131zda sizlerle birlikte b\u00fcy\u00fcyebilecek bir alan.&nbsp;<\/p>\n<p>&nbsp;<\/p>\n<p>\u00c7\u00fcnk\u00fc halihaz\u0131rda 600 milyon insan enerjiye hi\u00e7 ula\u015famad\u0131\u011f\u0131 gibi bir yandan da &#8216;(Bug\u00fcn teknolojideki en b\u00fcy\u00fck k\u0131r\u0131l\u0131m nedir?) diye sorsan\u0131z, tarihe bakacak olsak, matbaan\u0131n yapt\u0131\u011f\u0131 \u015feyi yapacak olan \u015fey nedir? Yapay zeka.&#8217; Yapay zekan\u0131n temel i\u015fleme parametresi nereye dayand\u0131r\u0131l\u0131yor bug\u00fcn itibar\u0131yla? Enerjiye.&nbsp;<\/p>\n<p>&nbsp;<\/p>\n<p>\u015eayet enerjiniz yoksa bilgi i\u015fleme de sahip de\u011filsiniz. Bilgi i\u015flem yapamad\u0131\u011f\u0131n\u0131zda t\u00fcm bu geli\u015ftirece\u011finiz teknolojilerin hi\u00e7birini yapamayacaks\u0131n\u0131z demektir. Dolay\u0131s\u0131yla enerji \u00e7ok \u00f6nemli bir noktada, \u00f6nemli bir yere yerle\u015fiyor. Bu yapt\u0131\u011f\u0131n\u0131z \u00e7al\u0131\u015fmalar hem insanl\u0131k ad\u0131na hem de artan enerji talebinin kar\u015f\u0131lanmas\u0131 a\u00e7\u0131s\u0131ndan \u00e7ok \u00f6nemli. D\u00fcnyada elektrik t\u00fcketimi geometrik \u015fekilde art\u0131yor.<\/p>\n<p>&nbsp;<\/p>\n<p>Dolay\u0131s\u0131yla bu projenin, teknolojinin \u00e7ok \u00f6nemli oldu\u011funu ve bize tarihi bir f\u0131rsat verdi\u011fini d\u00fc\u015f\u00fcn\u00fcyorum.&#8221;<\/p>\n<p><span>&#8220;EN B\u00dcY\u00dcK M\u0130RASIMIZ ENGEL TANIMAYACAK B\u0130R RUH HAL\u0130&#8221;<\/span><\/p>\n<p>\u00c7ad\u0131rlar\u0131 gezerken, sunumlar\u0131n\u0131 dinlerken gurur duydu\u011funu vurgulayan Bayraktar, &#8220;Bir m\u00fchendis evlad\u0131, bir m\u00fchendis abiniz olarak \u015funu ifade etmek isterim: Bizlerin b\u0131rakabilece\u011fi en b\u00fcy\u00fck eser, \u00fclkemizin ve medeniyetimizin \u00f6n\u00fcn\u00fc a\u00e7acak \u00e7al\u0131\u015fmalar\u0131 y\u00fcr\u00fctecek nesillerin \u00f6n\u00fcndeki engelleri kald\u0131rmak olacakt\u0131r. Onlar\u0131n ufkunda, hayal d\u00fcnyalar\u0131nda engel tan\u0131mayan, engel tan\u0131mayacak bir ruh hali b\u0131rakmak olacakt\u0131r. &#8221; ifadelerini kulland\u0131.<\/p>\n<p>&nbsp;<\/p>\n<p>TEKNOFEST&#8217;in b\u00fcy\u00fck bir \u00f6zg\u00fcven devrimi oldu\u011funu dile getiren Bayraktar, &#8220;Benim \u00fcniversitede oldu\u011fum zamanlarda b\u00f6yle bir yar\u0131\u015fma olacak ve bizler de bunlar\u0131 yapabilece\u011fimizi d\u00fc\u015f\u00fcnece\u011fiz. A\u00e7\u0131k\u00e7as\u0131 pek m\u00fcmk\u00fcn de\u011fildi. Ama art\u0131k her alanda d\u00fcnyaya iddias\u0131n\u0131 y\u00fckseltebilecek, medeniyetimizin sesinin daha g\u00fcr \u00e7\u0131karmas\u0131n\u0131 sa\u011flayacak bir ku\u015fak geldi.&#8221; dedi.<\/p>\n","protected":false},"excerpt":{"rendered":"<p>Baykar Y\u00f6netim Kurulu Ba\u015fkan\u0131 Sel\u00e7uk Bayraktar, &#8220;k\u00fc\u00e7\u00fck mod\u00fcler reakt\u00f6r&#8221; (SMR) konusunda \u00e7al\u0131\u015fmalar\u0131n\u0131n s\u00fcrd\u00fc\u011f\u00fcn\u00fc belirterek, &#8220;Birka\u00e7&#8230;<\/p>\n","protected":false},"author":1,"featured_media":1252,"comment_status":"open","ping_status":"open","sticky":false,"template":"","format":"standard","meta":{"footnotes":""},"categories":[14],"tags":[],"class_list":["post-1571","post","type-post","status-publish","format-standard","has-post-thumbnail","hentry","category-son-dakika"],"_links":{"self":[{"href":"https:\/\/gundem44.com.tr\/index.php?rest_route=\/wp\/v2\/posts\/1571","targetHints":{"allow":["GET"]}}],"collection":[{"href":"https:\/\/gundem44.com.tr\/index.php?rest_route=\/wp\/v2\/posts"}],"about":[{"href":"https:\/\/gundem44.com.tr\/index.php?rest_route=\/wp\/v2\/types\/post"}],"author":[{"embeddable":true,"href":"https:\/\/gundem44.com.tr\/index.php?rest_route=\/wp\/v2\/users\/1"}],"replies":[{"embeddable":true,"href":"https:\/\/gundem44.com.tr\/index.php?rest_route=%2Fwp%2Fv2%2Fcomments&post=1571"}],"version-history":[{"count":0,"href":"https:\/\/gundem44.com.tr\/index.php?rest_route=\/wp\/v2\/posts\/1571\/revisions"}],"wp:featuredmedia":[{"embeddable":true,"href":"https:\/\/gundem44.com.tr\/index.php?rest_route=\/wp\/v2\/media\/1252"}],"wp:attachment":[{"href":"https:\/\/gundem44.com.tr\/index.php?rest_route=%2Fwp%2Fv2%2Fmedia&parent=1571"}],"wp:term":[{"taxonomy":"category","embeddable":true,"href":"https:\/\/gundem44.com.tr\/index.php?rest_route=%2Fwp%2Fv2%2Fcategories&post=1571"},{"taxonomy":"post_tag","embeddable":true,"href":"https:\/\/gundem44.com.tr\/index.php?rest_route=%2Fwp%2Fv2%2Ftags&post=1571"}],"curies":[{"name":"wp","href":"https:\/\/api.w.org\/{rel}","templated":true}]}}