{"id":1570,"date":"2026-09-04T21:19:10","date_gmt":"2026-09-04T21:19:10","guid":{"rendered":"https:\/\/gundem44.com.tr\/?p=1570"},"modified":"2026-09-04T21:19:10","modified_gmt":"2026-09-04T21:19:10","slug":"17-yillik-cinayet-zincirinde-seri-katil-detayi-polis-akrabalik-bagini-arastiriyor","status":"publish","type":"post","link":"https:\/\/gundem44.com.tr\/?p=1570","title":{"rendered":"17 y\u0131ll\u0131k cinayet zincirinde seri katil detay\u0131: Polis akrabal\u0131k ba\u011f\u0131n\u0131 ara\u015ft\u0131r\u0131yor"},"content":{"rendered":"<p><img decoding=\"async\" src=\"https:\/\/images.ntv.com.tr\/images\/Ba\u015fl\u0131ks\u0131z-18Nisan202612.29.23-1-826386.jpeg?width=930&amp;format=webp\" class=\"type:primaryImage\" alt=\"17 y\u0131ll\u0131k cinayet zincirinde seri katil detay\u0131: Polis akrabal\u0131k ba\u011f\u0131n\u0131 ara\u015ft\u0131r\u0131yor\" \/><\/p>\n<p>\u0130stanbul&#8217;da iki sene \u00f6nce Erva Raziye Asar&#8217;\u0131 \u00f6ld\u00fcren Fethi Da\u011fl\u0131&#8217;n\u0131n, 17 ya\u015f\u0131ndaki Zeynep Y\u0131ld\u0131r\u0131m&#8217;\u0131n da katili oldu\u011fu ortaya \u00e7\u0131kt\u0131. Da\u011fl\u0131&#8217;n\u0131n ge\u00e7mi\u015fi mercek alt\u0131nda.<\/p>\n<p>Adalet Bakan\u0131 Ak\u0131n G\u00fcrlek, Faili Me\u00e7hul Su\u00e7lar\u0131 Ara\u015ft\u0131rma Daire Ba\u015fkanl\u0131\u011f\u0131 koordinesinde y\u00fcr\u00fct\u00fclen \u00e7al\u0131\u015fmalarda y\u0131llard\u0131r \u00e7\u00f6z\u00fclemeyen \u00fc\u00e7 cinayetin ayd\u0131nt\u0131ld\u0131\u011f\u0131n\u0131 duyurdu.<\/p>\n<p>&nbsp;<\/p>\n<p>Bunlardan biri 12 Eyl\u00fcl 2022&#8217;den bu yana kay\u0131p olan Zeynep Y\u0131ld\u0131r\u0131m&#8217;\u0131n dosyas\u0131yd\u0131.&nbsp;<\/p>\n<p>&nbsp;<\/p>\n<p>Ba\u015fkanl\u0131\u011f\u0131n \u00e7al\u0131\u015fmalar\u0131 sonucu yeni bir \u015f\u00fcpheliye ula\u015f\u0131ld\u0131. Y\u0131ld\u0131r\u0131m\u2019\u0131n kaybolmadan \u00f6nce son olarak Fethi Da\u011fl\u0131 ile ileti\u015fim kurdu\u011fu tespit edildi.<\/p>\n<p>&nbsp;<\/p>\n<p>Ba\u015fka bir cinayet soru\u015fturmas\u0131 nedeniyle cezaevinde bulunan Da\u011fl\u0131\u2019n\u0131n sorgusunda elde edilen bilgiler \u00fczerine 1 Eyl\u00fcl 2026\u2019da yer g\u00f6sterme i\u015flemi yap\u0131ld\u0131.&nbsp;<\/p>\n<p>&nbsp;<\/p>\n<p>Da\u011fl\u0131\u2019n\u0131n g\u00f6sterdi\u011fi b\u00f6lgede bir kad\u0131na ait ceset bulundu.<\/p>\n<p>&nbsp;<\/p>\n<p>Adli T\u0131p Kurumu\u2019nda yap\u0131lan incelemede cesedin Zeynep Y\u0131ld\u0131r\u0131m\u2019a ait oldu\u011fu belirlendi.<\/p>\n<p>&nbsp;<\/p>\n<p>Fethi Da\u011fl\u0131, Y\u0131ld\u0131r\u0131m\u2019\u0131n \u00f6l\u00fcm\u00fcne ili\u015fkin y\u00fcr\u00fct\u00fclen soru\u015fturma kapsam\u0131nda yeniden tutukland\u0131.<\/p>\n<p>&nbsp;<\/p>\n<p><strong>\u201cC\u0130NAYET\u0130 AB\u0130M \u0130\u015eLED\u0130\u201d<\/strong><\/p>\n<p>&nbsp;<\/p>\n<p>Cinayet zanl\u0131s\u0131 Fethi Da\u011fl\u0131, ifadesinde Zeynep Y\u0131ld\u0131r\u0131m ile eve gittiklerini daha sonra da abisi Ya\u015far D\u2019nin eve geldi\u011fini s\u00f6yledi. Ya\u015far D\u2019nin bir s\u00fcre sonra koltukta oturan Zeynep Y\u0131ld\u0131r\u0131m\u2019\u0131 bo\u011farak \u00f6ld\u00fcrd\u00fc\u011f\u00fcn\u00fc iddia etti. Zeynep Y\u0131ld\u0131r\u0131m\u2019\u0131 daha sonra abisiyle evin penceresinden \u00e7\u0131kararak k\u00f6m\u00fcrl\u00fc\u011fe g\u00f6md\u00fcklerini s\u00f6yledi\u011fi \u00f6\u011frenildi. Ya\u015far D\u2019 ise cinayeti kendinin i\u015flemedi\u011fini s\u00f6yleyerek su\u00e7lamalar\u0131 reddetti.<\/p>\n<p>&nbsp;<\/p>\n<p><strong>6 K\u0130\u015e\u0130 TUTUKLANDI<\/strong><\/p>\n<p>&nbsp;<\/p>\n<p>\u0130\u015flemleri tamamlanan cinayet zanl\u0131s\u0131 Feti Da\u011fl\u0131 ile abisi Ya\u015far D.\u2019nin de aralar\u0131nda oldu\u011fu 6 ki\u015fi Asayi\u015f \u015eube M\u00fcd\u00fcrl\u00fc\u011f\u00fc\u2019ndeki i\u015flemlerinin ard\u0131ndan adliyeye sevk edildi. \u015e\u00fcpheliler tutukland\u0131.<\/p>\n<p>&nbsp;<\/p>\n<p><strong>GE\u00c7M\u0130\u015e\u0130NDEN 2 C\u0130NAYET DAHA \u00c7IKTI<\/strong><\/p>\n<p>&nbsp;<\/p>\n<p>Fethi Da\u011fl\u0131\u2019n\u0131n ge\u00e7mi\u015fine bak\u0131ld\u0131\u011f\u0131nda ad\u0131n\u0131n daha \u00f6nce iki ayr\u0131 cinayete daha kar\u0131\u015ft\u0131\u011f\u0131 ortaya \u00e7\u0131kt\u0131.&nbsp;<\/p>\n<p>&nbsp;<\/p>\n<p>Adam ilk cinayetini 19 y\u0131l \u00f6nce i\u015flemi\u015fti.<\/p>\n<p>&nbsp;<\/p>\n<p>Da\u011fl\u0131, 2007 y\u0131l\u0131nda alacak verecek meselesi \u00fcz\u00fcnden tart\u0131\u015ft\u0131\u011f\u0131 g\u00fcvenlik g\u00f6revlisi Ahmet Karada\u011f\u2019\u0131 \u00f6ld\u00fcrm\u00fc\u015ft\u00fc. 2022 y\u0131l\u0131nda \u015fartl\u0131 tahliye imkan\u0131ndan yararlanarak cezaevinden \u00e7\u0131km\u0131\u015ft\u0131.<\/p>\n<p>&nbsp;<\/p>\n<p>Da\u011fl\u0131 2024 y\u0131l\u0131nda ise sosyal medya \u00fczerinden kad\u0131n kimli\u011fine b\u00fcr\u00fcnerek 23 ya\u015f\u0131ndaki Erva Raziye Asar&#8217;la ileti\u015fim kurmu\u015f; Asar\u2019\u0131 evine \u00e7a\u011f\u0131rd\u0131 ve gen\u00e7 kad\u0131n\u0131 bo\u011farak \u00f6ld\u00fcrm\u00fc\u015ft\u00fc.&nbsp;<\/p>\n<p>&nbsp;<\/p>\n<p>Cesedini derin dondurucuda saklad\u0131ktan sonra par\u00e7alara ay\u0131r\u0131p bir in\u015faat \u00e7ukuruna att\u0131\u011f\u0131 \u00f6\u011frenilmi\u015fti.&nbsp;<br \/>&nbsp;<\/p>\n<p><strong>FETH\u0130 DA\u011eLI \u0130LE ZEK\u0130 DA\u011eLI ARASINDA AKRABALIK BA\u011eI ARA\u015eTIRILIYOR<\/strong><\/p>\n<p>\u00dc\u00e7 cinayetle ba\u011flant\u0131s\u0131 oldu\u011fu belirtilen Fethi Da\u011fl\u0131\u2019n\u0131n ge\u00e7mi\u015fini inceleyen polis, dikkat \u00e7ekici bir benzerlik tespit etti.<\/p>\n<p>&nbsp;<\/p>\n<p>Da\u011fl\u0131\u2019n\u0131n, 5 cinayetle bilinen seri katil Zeki Da\u011fl\u0131 ile ayn\u0131 soyad\u0131 ta\u015f\u0131d\u0131\u011f\u0131 ve memleketlerinin de ayn\u0131 b\u00f6lgede oldu\u011fu farkedildi.<\/p>\n<p>&nbsp;<\/p>\n<p>Sabah gazetesinde yer alan habere g\u00f6re iki ismin k\u00f6yleri aras\u0131nda yaln\u0131zca 36 kilometre bulundu\u011funun tespit edilmesi \u00fczerine polis, Fethi Da\u011fl\u0131 ile Zeki Da\u011fl\u0131 aras\u0131nda akrabal\u0131k ba\u011f\u0131 olup olmad\u0131\u011f\u0131n\u0131 ara\u015ft\u0131rmaya ba\u015flad\u0131.<\/p>\n<p>&nbsp;<\/p>\n<p><strong>2012\u2019DEK\u0130 BABA-KIZ C\u0130NAYET\u0130NDE 15 G\u00d6ZALTI<\/strong><\/p>\n<p>&nbsp;<\/p>\n<p>Bakan G\u00fcrlek, sosyal medyadaki duyurusunda iki faili me\u00e7hul dosyan\u0131n daha ayr\u0131nt\u0131lar\u0131n\u0131 a\u00e7\u0131klad\u0131.&nbsp;<\/p>\n<p>&nbsp;<\/p>\n<p>Buna g\u00f6re Mardin\u2019in Nusaybin il\u00e7esinde 2012 y\u0131l\u0131nda \u0130smail Ak\u0131n ile hen\u00fcz 10 ya\u015f\u0131ndaki k\u0131z\u0131 Elif Ak\u0131n\u2019\u0131n \u00f6ld\u00fcr\u00fclmesine ili\u015fkin dosya, 14 y\u0131l sonra yeniden ele al\u0131nd\u0131. Dosya kapsam\u0131nda beyanlardaki \u00e7eli\u015fkiler, HTS kay\u0131tlar\u0131, daralt\u0131lm\u0131\u015f baz \u00e7al\u0131\u015fmalar\u0131 ve elde edilen yeni bulgular birlikte de\u011ferlendirildi.<\/p>\n<p>&nbsp;<\/p>\n<p>\u00c7al\u0131\u015fmalar sonucunda cinayetlerin \u015f\u00fcphelileri tespit edildi. D\u00f6rt ilde ger\u00e7ekle\u015ftirilen e\u015f zamanl\u0131 operasyonlarda 15 \u015f\u00fcpheli yakalanarak g\u00f6zalt\u0131na al\u0131nd\u0131. Bir \u015f\u00fcphelinin yakalanmas\u0131na y\u00f6nelik \u00e7al\u0131\u015fmalar\u0131n s\u00fcrd\u00fc\u011f\u00fc bildirildi.<\/p>\n<p>&nbsp;<\/p>\n<p><strong>2016\u2019DAK\u0130 ABDURRAHMAN AYSU C\u0130NAYET\u0130NDE 7 G\u00d6ZALTI<\/strong><\/p>\n<p>&nbsp;<\/p>\n<p>Manisa Akhisar\u2019da 2016 y\u0131l\u0131nda \u00f6ld\u00fcr\u00fclen Abdurrahman Aysu\u2019nun cinayetine ili\u015fkin y\u00fcr\u00fct\u00fclen yeni \u00e7al\u0131\u015fmalar sonucunda olay\u0131n failleri ve su\u00e7un gizlenmesinde rol ald\u0131\u011f\u0131 de\u011ferlendirilen \u015f\u00fcpheliler tespit edildi.<\/p>\n<p>&nbsp;<\/p>\n<p>Akhisar Cumhuriyet Ba\u015fsavc\u0131l\u0131\u011f\u0131m\u0131z\u0131n koordinesinde Manisa, Bursa ve \u0130stanbul\u2019da ger\u00e7ekle\u015ftirilen operasyonlarda 7 \u015f\u00fcpheli g\u00f6zalt\u0131na al\u0131nd\u0131.<\/p>\n","protected":false},"excerpt":{"rendered":"<p>\u0130stanbul&#8217;da iki sene \u00f6nce Erva Raziye Asar&#8217;\u0131 \u00f6ld\u00fcren Fethi Da\u011fl\u0131&#8217;n\u0131n, 17 ya\u015f\u0131ndaki Zeynep Y\u0131ld\u0131r\u0131m&#8217;\u0131n da&#8230;<\/p>\n","protected":false},"author":1,"featured_media":1252,"comment_status":"open","ping_status":"open","sticky":false,"template":"","format":"standard","meta":{"footnotes":""},"categories":[14],"tags":[],"class_list":["post-1570","post","type-post","status-publish","format-standard","has-post-thumbnail","hentry","category-son-dakika"],"_links":{"self":[{"href":"https:\/\/gundem44.com.tr\/index.php?rest_route=\/wp\/v2\/posts\/1570","targetHints":{"allow":["GET"]}}],"collection":[{"href":"https:\/\/gundem44.com.tr\/index.php?rest_route=\/wp\/v2\/posts"}],"about":[{"href":"https:\/\/gundem44.com.tr\/index.php?rest_route=\/wp\/v2\/types\/post"}],"author":[{"embeddable":true,"href":"https:\/\/gundem44.com.tr\/index.php?rest_route=\/wp\/v2\/users\/1"}],"replies":[{"embeddable":true,"href":"https:\/\/gundem44.com.tr\/index.php?rest_route=%2Fwp%2Fv2%2Fcomments&post=1570"}],"version-history":[{"count":0,"href":"https:\/\/gundem44.com.tr\/index.php?rest_route=\/wp\/v2\/posts\/1570\/revisions"}],"wp:featuredmedia":[{"embeddable":true,"href":"https:\/\/gundem44.com.tr\/index.php?rest_route=\/wp\/v2\/media\/1252"}],"wp:attachment":[{"href":"https:\/\/gundem44.com.tr\/index.php?rest_route=%2Fwp%2Fv2%2Fmedia&parent=1570"}],"wp:term":[{"taxonomy":"category","embeddable":true,"href":"https:\/\/gundem44.com.tr\/index.php?rest_route=%2Fwp%2Fv2%2Fcategories&post=1570"},{"taxonomy":"post_tag","embeddable":true,"href":"https:\/\/gundem44.com.tr\/index.php?rest_route=%2Fwp%2Fv2%2Ftags&post=1570"}],"curies":[{"name":"wp","href":"https:\/\/api.w.org\/{rel}","templated":true}]}}