{"id":1562,"date":"2026-09-04T09:09:33","date_gmt":"2026-09-04T09:09:33","guid":{"rendered":"https:\/\/gundem44.com.tr\/?p=1562"},"modified":"2026-09-04T09:09:33","modified_gmt":"2026-09-04T09:09:33","slug":"istanbulda-daes-operasyonu-polise-ates-acan-supheli-etkisiz-hale-getirildi","status":"publish","type":"post","link":"https:\/\/gundem44.com.tr\/?p=1562","title":{"rendered":"\u0130stanbul\u2019da DAE\u015e operasyonu: Polise ate\u015f a\u00e7an \u015f\u00fcpheli etkisiz hale getirildi"},"content":{"rendered":"<p><img decoding=\"async\" src=\"https:\/\/images.ntv.com.tr\/images\/SULTANBEYLIDEKI-TEROR-OPERASYONUNDA-DEA_1489102_443038-954280.jpg?width=930&amp;format=webp\" class=\"type:primaryImage\" alt=\"\u0130stanbul\u2019da DAE\u015e operasyonu: Polise ate\u015f a\u00e7an \u015f\u00fcpheli etkisiz hale getirildi\" \/><\/p>\n<p>\u0130stanbul\u2019da DAE\u015e\u2019le ba\u011flant\u0131l\u0131 oldu\u011fu ve sald\u0131r\u0131 planlad\u0131\u011f\u0131 de\u011ferlendirilen \u015f\u00fcpheli, polise ate\u015f a\u00e7mas\u0131 \u00fczerine etkisiz hale getirildi. \u015e\u00fcpheliyle ba\u011flant\u0131s\u0131 tespit edilen bir zanl\u0131 g\u00f6zalt\u0131na al\u0131nd\u0131.<\/p>\n<p>Sultanbeyli&#8217;de ter\u00f6r \u00f6rg\u00fct\u00fc DAE\u015e\u2019e y\u00f6nelik operasyon ger\u00e7ekle\u015ftirildi.<\/p>\n<p>&nbsp;<\/p>\n<p>Milli \u0130stihbarat Te\u015fkilat\u0131 Ba\u015fkanl\u0131\u011f\u0131 (M\u0130T) le \u0130stanbul Emniyet M\u00fcd\u00fcrl\u00fc\u011f\u00fc koordinasyonunda y\u00fcr\u00fct\u00fclen \u00e7al\u0131\u015fmalarda, DAE\u015e silahl\u0131 ter\u00f6r \u00f6rg\u00fct\u00fcyle ba\u011flant\u0131l\u0131 oldu\u011fu ve T\u00fcrkiye\u2019de ter\u00f6r sald\u0131r\u0131s\u0131 planlad\u0131\u011f\u0131 de\u011ferlendirilen Berkan \u00c7il\u2019in yakalanmas\u0131 i\u00e7in \u00e7al\u0131\u015fma ba\u015flat\u0131ld\u0131.<\/p>\n<p>&nbsp;<\/p>\n<p><strong>KA\u00c7TI, OTOGARDA YAKALANDI<\/strong><\/p>\n<p>&nbsp;<\/p>\n<p>D\u00fcn Pendik ve Tuzla\u2019da belirlenen iki adrese operasyon d\u00fczenledi.&nbsp;<\/p>\n<p>&nbsp;<\/p>\n<p>\u00c7il, operasyon s\u0131ras\u0131nda ka\u00e7arak izini kaybettirdi. Bunun \u00fczerine \u015f\u00fcphelinin yakalanmas\u0131 i\u00e7in \u00e7al\u0131\u015fmalar geni\u015fletildi.<\/p>\n<p>&nbsp;<\/p>\n<p><strong>OTOB\u00dcS B\u0130LET\u0130 ALDI<\/strong><\/p>\n<p>&nbsp;<\/p>\n<p>Polis ekiplerinin yapt\u0131\u011f\u0131 ara\u015ft\u0131rmada \u00c7il\u2019in, Sultanbeyli Otogar\u0131\u2019ndan hareket edecek bir otob\u00fcse bilet ald\u0131\u011f\u0131 tespit edildi.&nbsp;<\/p>\n<p>&nbsp;<\/p>\n<p>Otogarda \u00f6nlem alan ekipler, \u015f\u00fcpheliyi yakalamak i\u00e7in \u00e7al\u0131\u015fma ba\u015flatt\u0131. Bu s\u0131rada \u00fczerindeki tabancayla polis ekiplerine ate\u015f a\u00e7an \u00c7il, ekiplerin kar\u015f\u0131l\u0131k vermesi \u00fczerine etkisiz hale getirildi.&nbsp;<\/p>\n<p>&nbsp;<\/p>\n<p>\u00c7at\u0131\u015fma s\u0131ras\u0131nda otogarda bulunan Tahsin P. de yaraland\u0131.<\/p>\n<p>&nbsp;<\/p>\n<p><strong>B\u0130R K\u0130\u015e\u0130 DAHA G\u00d6ZALTINDA<\/strong><\/p>\n<p>&nbsp;<\/p>\n<p>Operasyonun ard\u0131ndan incelemelerini s\u00fcrd\u00fcren ekipler, \u015f\u00fcpheliyle ba\u011flant\u0131l\u0131 oldu\u011fu de\u011ferlendirilen G.\u00c7&#8217;yi Tuzla&#8217;da yakalad\u0131.<\/p>\n<p>&nbsp;<\/p>\n<p>PATLAYICI YAPIMINDA KULLANILAN MADDELER BULUNDU<\/p>\n<p>&nbsp;<\/p>\n<p>Zanl\u0131n\u0131n evinde yap\u0131lan aramada ruhsats\u0131z tabanca, 200 mermi ile \u00e7ok say\u0131da dijital materyal ele ge\u00e7irildi.<\/p>\n<p>&nbsp;<\/p>\n<p>Etkisiz hale getirilen \u015f\u00fcphelinin evindeki aramalarda ise patlay\u0131c\u0131 yap\u0131m\u0131nda kullan\u0131labilece\u011fi de\u011ferlendirilen baz\u0131 maddeler bulundu.<\/p>\n<p>&nbsp;<\/p>\n<p>S\u00f6z konusu maddelerle ilgili Bomba \u0130mha ve \u0130nceleme \u015eube M\u00fcd\u00fcrl\u00fc\u011f\u00fc ekiplerince inceleme yap\u0131ld\u0131\u011f\u0131 \u00f6\u011frenildi.<\/p>\n<p>&nbsp;<\/p>\n<p><strong>VAL\u0130L\u0130KTEN A\u00c7IKLAMA<\/strong><\/p>\n<p>&nbsp;<\/p>\n<p>\u0130stanbul Valili\u011fi taraf\u0131ndan olay\u0131n operasyona ili\u015fkin a\u00e7\u0131klama yapt\u0131.<\/p>\n<p>&nbsp;<\/p>\n<p>A\u00e7\u0131klamada, \u201cDAE\u015e Silahl\u0131 Ter\u00f6r \u00d6rg\u00fct\u00fc ile ba\u011flant\u0131l\u0131 oldu\u011fu ve \u00fclkemizde ter\u00f6r sald\u0131r\u0131s\u0131 planlad\u0131\u011f\u0131 de\u011ferlendirilen Berkan \u00c7il (21) isimli \u015fahs\u0131n yakalanmas\u0131na y\u00f6nelik Sultanbeyli\u2019de bir operasyon ger\u00e7ekle\u015ftirilmi\u015ftir. \u015e\u00fcphelinin g\u00f6revli polislerimize ate\u015f a\u00e7mas\u0131 \u00fczerine kar\u015f\u0131l\u0131k verilmi\u015f ve \u015f\u00fcpheli Berkan \u00c7il etkisiz hale getirilmi\u015ftir. Bu esnada bir vatanda\u015f\u0131m\u0131z yaralanm\u0131\u015ft\u0131r. Konuyla ilgili tahkikat devam etmektedir.\u201d ifadelerine yer verildi.&nbsp;<\/p>\n","protected":false},"excerpt":{"rendered":"<p>\u0130stanbul\u2019da DAE\u015e\u2019le ba\u011flant\u0131l\u0131 oldu\u011fu ve sald\u0131r\u0131 planlad\u0131\u011f\u0131 de\u011ferlendirilen \u015f\u00fcpheli, polise ate\u015f a\u00e7mas\u0131 \u00fczerine etkisiz hale&#8230;<\/p>\n","protected":false},"author":1,"featured_media":1252,"comment_status":"open","ping_status":"open","sticky":false,"template":"","format":"standard","meta":{"footnotes":""},"categories":[14],"tags":[],"class_list":["post-1562","post","type-post","status-publish","format-standard","has-post-thumbnail","hentry","category-son-dakika"],"_links":{"self":[{"href":"https:\/\/gundem44.com.tr\/index.php?rest_route=\/wp\/v2\/posts\/1562","targetHints":{"allow":["GET"]}}],"collection":[{"href":"https:\/\/gundem44.com.tr\/index.php?rest_route=\/wp\/v2\/posts"}],"about":[{"href":"https:\/\/gundem44.com.tr\/index.php?rest_route=\/wp\/v2\/types\/post"}],"author":[{"embeddable":true,"href":"https:\/\/gundem44.com.tr\/index.php?rest_route=\/wp\/v2\/users\/1"}],"replies":[{"embeddable":true,"href":"https:\/\/gundem44.com.tr\/index.php?rest_route=%2Fwp%2Fv2%2Fcomments&post=1562"}],"version-history":[{"count":0,"href":"https:\/\/gundem44.com.tr\/index.php?rest_route=\/wp\/v2\/posts\/1562\/revisions"}],"wp:featuredmedia":[{"embeddable":true,"href":"https:\/\/gundem44.com.tr\/index.php?rest_route=\/wp\/v2\/media\/1252"}],"wp:attachment":[{"href":"https:\/\/gundem44.com.tr\/index.php?rest_route=%2Fwp%2Fv2%2Fmedia&parent=1562"}],"wp:term":[{"taxonomy":"category","embeddable":true,"href":"https:\/\/gundem44.com.tr\/index.php?rest_route=%2Fwp%2Fv2%2Fcategories&post=1562"},{"taxonomy":"post_tag","embeddable":true,"href":"https:\/\/gundem44.com.tr\/index.php?rest_route=%2Fwp%2Fv2%2Ftags&post=1562"}],"curies":[{"name":"wp","href":"https:\/\/api.w.org\/{rel}","templated":true}]}}