{"id":1541,"date":"2026-09-03T20:25:43","date_gmt":"2026-09-03T20:25:43","guid":{"rendered":"https:\/\/gundem44.com.tr\/?p=1541"},"modified":"2026-09-03T20:25:43","modified_gmt":"2026-09-03T20:25:43","slug":"girnedeki-feribot-faciasindan-kurtulan-gencler-dehset-anlarini-anlatti-gemiyi-ilk-terk-edenler-kaptan-ve-yardimci-kaptandi","status":"publish","type":"post","link":"https:\/\/gundem44.com.tr\/?p=1541","title":{"rendered":"Girne&#039;deki feribot facias\u0131ndan kurtulan gen\u00e7ler deh\u015fet anlar\u0131n\u0131 anlatt\u0131: Gemiyi ilk terk edenler kaptan ve yard\u0131mc\u0131 kaptand\u0131"},"content":{"rendered":"<p><img decoding=\"async\" src=\"https:\/\/iaahbr.tmgrup.com.tr\/eff7ff\/0\/0\/0\/0\/2048\/1365?u=https:\/\/iahbr.tmgrup.com.tr\/2026\/09\/03\/girnedeki-feribot-faciadan-kurtulan-gencler-dehset-anlarini-anlatti-gemiyi-ilk-terk-eden-kaptandi-1788462723767.jpg\" alt=\"Girne&apos;deki feribot facias\u0131ndan kurtulan gen\u00e7ler deh\u015fet anlar\u0131n\u0131 anlatt\u0131: Gemiyi ilk terk edenler kaptan ve yard\u0131mc\u0131 kaptand\u0131\"><br \/>KKTC&#8217;nin Girne a\u00e7\u0131klar\u0131nda ya\u015fanan feribot facias\u0131ndan kurtulan Adanal\u0131 3 gen\u00e7 memleketlerine d\u00f6nd\u00fc. Ya\u015fad\u0131klar\u0131 deh\u015feti anlatan gen\u00e7lerden Sudenaz S\u00f6nmez, gemi batarken kaptan ve yard\u0131mc\u0131 kaptan\u0131n&#8230;<a href=\"https:\/\/www.ahaber.com.tr\/yasam\/2026\/09\/03\/girnedeki-feribot-faciadan-kurtulan-gencler-dehset-anlarini-anlatti\">Devam\u0131 i\u00e7in t\u0131klay\u0131n\u0131z<\/a><\/p>\n","protected":false},"excerpt":{"rendered":"<p>KKTC&#8217;nin Girne a\u00e7\u0131klar\u0131nda ya\u015fanan feribot facias\u0131ndan kurtulan Adanal\u0131 3 gen\u00e7 memleketlerine d\u00f6nd\u00fc. Ya\u015fad\u0131klar\u0131 deh\u015feti anlatan&#8230;<\/p>\n","protected":false},"author":1,"featured_media":1252,"comment_status":"open","ping_status":"open","sticky":false,"template":"","format":"standard","meta":{"footnotes":""},"categories":[14],"tags":[],"class_list":["post-1541","post","type-post","status-publish","format-standard","has-post-thumbnail","hentry","category-son-dakika"],"_links":{"self":[{"href":"https:\/\/gundem44.com.tr\/index.php?rest_route=\/wp\/v2\/posts\/1541","targetHints":{"allow":["GET"]}}],"collection":[{"href":"https:\/\/gundem44.com.tr\/index.php?rest_route=\/wp\/v2\/posts"}],"about":[{"href":"https:\/\/gundem44.com.tr\/index.php?rest_route=\/wp\/v2\/types\/post"}],"author":[{"embeddable":true,"href":"https:\/\/gundem44.com.tr\/index.php?rest_route=\/wp\/v2\/users\/1"}],"replies":[{"embeddable":true,"href":"https:\/\/gundem44.com.tr\/index.php?rest_route=%2Fwp%2Fv2%2Fcomments&post=1541"}],"version-history":[{"count":0,"href":"https:\/\/gundem44.com.tr\/index.php?rest_route=\/wp\/v2\/posts\/1541\/revisions"}],"wp:featuredmedia":[{"embeddable":true,"href":"https:\/\/gundem44.com.tr\/index.php?rest_route=\/wp\/v2\/media\/1252"}],"wp:attachment":[{"href":"https:\/\/gundem44.com.tr\/index.php?rest_route=%2Fwp%2Fv2%2Fmedia&parent=1541"}],"wp:term":[{"taxonomy":"category","embeddable":true,"href":"https:\/\/gundem44.com.tr\/index.php?rest_route=%2Fwp%2Fv2%2Fcategories&post=1541"},{"taxonomy":"post_tag","embeddable":true,"href":"https:\/\/gundem44.com.tr\/index.php?rest_route=%2Fwp%2Fv2%2Ftags&post=1541"}],"curies":[{"name":"wp","href":"https:\/\/api.w.org\/{rel}","templated":true}]}}