{"id":1538,"date":"2026-09-03T20:25:43","date_gmt":"2026-09-03T20:25:43","guid":{"rendered":"https:\/\/gundem44.com.tr\/?p=1538"},"modified":"2026-09-03T20:25:43","modified_gmt":"2026-09-03T20:25:43","slug":"ibb-davasinda-2-kisinin-tahliyesine-karar-verildi","status":"publish","type":"post","link":"https:\/\/gundem44.com.tr\/?p=1538","title":{"rendered":"\u0130BB davas\u0131nda 2 ki\u015finin tahliyesine karar verildi"},"content":{"rendered":"<p><img decoding=\"async\" src=\"https:\/\/images.ntv.com.tr\/images\/mahkeme4-634738.jpg?width=930&amp;format=webp\" class=\"type:primaryImage\" alt=\"\u0130BB davas\u0131nda 2 ki\u015finin tahliyesine karar verildi\" \/><\/p>\n<p>53&#8217;\u00fc tutuklu 414 san\u0131\u011f\u0131n yarg\u0131land\u0131\u011f\u0131 \u0130stanbul B\u00fcy\u00fck\u015fehir Belediyesi (\u0130BB) davas\u0131nda, ayl\u0131k tutukluluk incelemesi kapsam\u0131nda 2 san\u0131\u011f\u0131n tahliyesine karar verildi.<\/p>\n<p>\u0130stanbul 33. A\u011f\u0131r Ceza Mahkemesince, Marmara Kapal\u0131 Ceza \u0130nfaz Kurumu kar\u015f\u0131s\u0131ndaki salonda yap\u0131lan duru\u015fmada, bir k\u0131s\u0131m tutuklu san\u0131klara ve avukatlar\u0131na ayl\u0131k tutukluluk incelemesi kapsam\u0131nda tahliye talepleri i\u00e7in s\u00f6z verildi.<\/p>\n<p>&nbsp;<\/p>\n<p>S\u00f6z verilen tutuklu san\u0131klardan \u0130stanbul Planlama Ajans\u0131 Ba\u015fkan\u0131 Bu\u011fra G\u00f6k\u00e7e, sadece g\u00f6revini yapt\u0131\u011f\u0131n\u0131, kamu g\u00f6revlisi oldu\u011funu ve g\u00f6revi gere\u011fi imzalar att\u0131\u011f\u0131n\u0131 savundu.<\/p>\n<p>&nbsp;<\/p>\n<p>G\u00f6k\u00e7e, eylemlerde ad\u0131n\u0131n ge\u00e7medi\u011fini, ihaleyi alacak ki\u015fileri tan\u0131mad\u0131\u011f\u0131n\u0131 ve bilmedi\u011fini \u00f6ne s\u00fcrd\u00fc.<\/p>\n<p>&nbsp;<\/p>\n<p>Bo\u011faz\u0131ndan haram lokma ge\u00e7medi\u011fini, hi\u00e7bir su\u00e7 i\u015flemedi\u011fini, \u00f6rnek bir ya\u015fam s\u00fcrd\u00fc\u011f\u00fcn\u00fc savunan G\u00f6k\u00e7e, tahliyesini talep etti.<\/p>\n<p>&nbsp;<\/p>\n<p>Bir di\u011fer tutuklu san\u0131k \u0130BB Genel Sekreter Yard\u0131mc\u0131s\u0131 G\u00fcrkan Akg\u00fcn de bilirki\u015fi raporlar\u0131n\u0131 ele\u015ftirerek, bu raporlar\u0131n maddi hatalar ve hukuki \u00e7arp\u0131tmalar i\u00e7ererek haz\u0131rland\u0131\u011f\u0131n\u0131 ileri s\u00fcrd\u00fc.<\/p>\n<p>&nbsp;<\/p>\n<p>Akg\u00fcn, ihalelerin yap\u0131l\u0131\u015f y\u00f6ntemlerini anlatarak, \u00fczerine at\u0131l\u0131 eylemlerin mevzuata ve hukuka uygun oldu\u011funu belirtti.<\/p>\n<p>&nbsp;<\/p>\n<p>Yapt\u0131\u011f\u0131 g\u00f6rev boyunca kamu yarar\u0131na \u00e7al\u0131\u015ft\u0131\u011f\u0131n\u0131 ifade eden Akg\u00fcn, &#8220;Ki\u015fisel menfaat pe\u015finden ko\u015fmad\u0131m. S\u00f6zde \u00f6rg\u00fct\u00fcn \u00e7\u0131karlar\u0131 i\u00e7in bir eylemde bulunmad\u0131m, bulunmam.&#8221; dedi. San\u0131k Akg\u00fcn, tahliyesini istedi.<\/p>\n<p>&nbsp;<\/p>\n<p>\u0130BB Ba\u015fkan\u0131 Dan\u0131\u015fman\u0131 ve Medya A\u015e Y\u00f6netim Kurulu Ba\u015fkan\u0131 Murat Ongun, 18 ayd\u0131r tutuklu oldu\u011funu belirterek, iddianameye g\u00f6re cezaland\u0131r\u0131ld\u0131\u011f\u0131n\u0131 \u00f6ne s\u00fcrd\u00fc.<\/p>\n<p>&nbsp;<\/p>\n<p>Ongun, atfedilmi\u015f alg\u0131lar, b\u00fcy\u00fct\u00fclm\u00fc\u015f ifadeler \u00fczerinden 18 ayd\u0131r cezaevinde olmamas\u0131 gerekti\u011fini savunarak, &#8220;Ben burada hakl\u0131 olarak yat\u0131yorum demem laz\u0131m ama ben \u015fu an haks\u0131z olarak yat\u0131yorum.&#8221; beyan\u0131nda bulundu. Mahkemenin adil olmas\u0131n\u0131 isteyen Ongun, tahliyesini talep etti.<\/p>\n<p>&nbsp;<\/p>\n<p>Baz\u0131 tutuklu san\u0131klar ile avukatlar\u0131 da tahliye talebinde bulundu.<\/p>\n<p>&nbsp;<\/p>\n<p>En son s\u00f6z verilen \u0130stanbul B\u00fcy\u00fck\u015fehir Belediye (\u0130BB) Ba\u015fkanl\u0131\u011f\u0131 g\u00f6revinden uzakla\u015ft\u0131r\u0131lan Ekrem \u0130mamo\u011flu da T\u00fcrkiye&#8217;nin hatta Avrupa&#8217;n\u0131n en b\u00fcy\u00fck duru\u015fma salonunda olduklar\u0131n\u0131 ifade ederek, \u015funlar\u0131 s\u00f6yledi:<\/p>\n<p>&nbsp;<\/p>\n<p>&#8220;As\u0131l soru \u015fu, b\u00f6ylesine b\u00fcy\u00fck bir salon acaba ne kadar b\u00fcy\u00fck bir adalete ev sahipli\u011fi yap\u0131yor ya da yapabilecek? Yan\u0131t\u0131n\u0131 elbette ki k\u0131ymetli milletimiz verir. Eninde sonunda milletimiz bunun yan\u0131t\u0131n\u0131 verir ve elbette gere\u011fini de yapar. Bu salona bakt\u0131\u011f\u0131m\u0131zda, esas\u0131nda &#8216;\u00f6rg\u00fct&#8217; diye bir kavram\u0131n konu\u015fuldu\u011fu bir ortamda, arkamda bulunan, ba\u015fta kad\u0131n arkada\u015flar\u0131m\u0131z olmak \u00fczere burada tutsak bulunan k\u0131ymetli kader arkada\u015flar\u0131ma bakt\u0131\u011f\u0131mda, buradan bir \u00f6rg\u00fct\u00fcn \u00e7\u0131kmayaca\u011f\u0131n\u0131 herkes g\u00f6r\u00fcyor. Kim bakmak isterse g\u00f6rebilir. Bakmaz ise, g\u00f6rmek istemezse, zaten ona biz zorla g\u00f6sterecek bir halimiz de yoktur. Buradan bir \u00f6rg\u00fct \u00e7\u0131kmaz, bunu millet de g\u00f6r\u00fcyor. Burada bir su\u00e7 \u00f6rg\u00fct\u00fc yok. Ger\u00e7ekten b\u00fcy\u00fck bir zalimlikle m\u00fccadele eden kader arkada\u015flar\u0131m var.&#8221;<\/p>\n<p>&nbsp;<\/p>\n<p>Duru\u015fmalar\u0131n canl\u0131 yay\u0131nlanmas\u0131n\u0131 istedi\u011fini ifade eden \u0130mamo\u011flu, duru\u015fmalar\u0131n ba\u015flad\u0131\u011f\u0131 ilk g\u00fcnden, bug\u00fcne ge\u00e7mi\u015f duru\u015fmalar\u0131n da yay\u0131nlanmas\u0131n\u0131 istedi\u011fini s\u00f6yledi.<\/p>\n<p>&nbsp;<\/p>\n<p>\u00d6zg\u00fcrl\u00fc\u011f\u00fc, itibar\u0131n\u0131 ve eme\u011fini savundu\u011funu aktaran \u0130mamo\u011flu, &#8220;B\u00fct\u00fcn iddialar \u00e7\u00f6pt\u00fcr ve \u00e7\u00f6km\u00fc\u015ft\u00fcr. Hani &#8216;Delillere g\u00f6re savunma yap\u0131ls\u0131n.&#8217; deniyor, 6 ay bitti, bir tek delili \u015fu mahkemede huzurda kimse g\u00f6rmedi, ben de g\u00f6rmedim. G\u00f6ren varsa \u015fimdi yans\u0131ts\u0131nlar, ben \u00f6z\u00fcr dileyece\u011fim.&#8221; beyan\u0131nda bulundu.<\/p>\n<p>&nbsp;<\/p>\n<p>Savunma hakk\u0131na ilk m\u00fcdahalenin avukat\u0131 Mehmet Pehlivan&#8217;\u0131n tutukland\u0131\u011f\u0131nda ba\u015flad\u0131\u011f\u0131n\u0131 ve sonras\u0131nda Silivri&#8217;de savunma hakk\u0131n\u0131n elinden al\u0131nd\u0131\u011f\u0131n\u0131 savunan \u0130mamo\u011flu, savunmas\u0131n\u0131 7-8 saatte bitirmesinin istendi\u011fini, s\u00fcre s\u0131n\u0131rlamas\u0131 getirildi\u011fini ve savunmas\u0131na engel olundu\u011funu \u00f6ne s\u00fcrd\u00fc.<\/p>\n<p>&nbsp;<\/p>\n<p>Hak yemedi\u011fini ve hakk\u0131n\u0131 da yedirmeyece\u011fini belirten \u0130mamo\u011flu, &#8220;Mahkeme salonundan \u00e7\u0131kar\u0131ld\u0131m. Duru\u015fmaya getirilmeme karar\u0131 usuls\u00fczce uyguland\u0131.&#8221; beyan\u0131nda bulundu.<\/p>\n<p>&nbsp;<\/p>\n<p>\u0130mamo\u011flu, t\u00fcm arkada\u015flar\u0131n\u0131n \u00f6zg\u00fcrl\u00fc\u011f\u00fcne kavu\u015fmas\u0131n\u0131 isteyerek, &#8220;Bu davan\u0131n \u015fahidi millettir. Bu hukuksuzluklar\u0131n \u015fahidi millettir. Cumhuriyet, demokrasi, adalet i\u00e7in bedeli hayat\u0131m da olsa sonuna kadar m\u00fccadele edecek bir Ekrem \u0130mamo\u011flu buradad\u0131r. Ben bu iddianameyi yazanlar\u0131 burada yarg\u0131lamaya devam edece\u011fim.&#8221; dedi.<\/p>\n<p>&nbsp;<\/p>\n<p>Ayl\u0131k tutukluluk incelemesi kapsam\u0131nda tutuklu san\u0131klar\u0131n taleplerinin al\u0131nmas\u0131 tamamland\u0131ktan sonra mahkeme, cumhuriyet savc\u0131s\u0131na g\u00f6r\u00fc\u015f\u00fcn\u00fc sordu.<\/p>\n<p>&nbsp;<\/p>\n<p>Cumhuriyet savc\u0131s\u0131, t\u00fcm tutuklu san\u0131klar\u0131n bu hallerinin devam\u0131n\u0131 istedi.<\/p>\n<p>&nbsp;<\/p>\n<p>Mahkeme, inceleme i\u00e7in duru\u015fmaya ara verdi.<\/p>\n<p>&nbsp;<\/p>\n<p><strong>51 SANI\u011eIN TUTUKLULU\u011eU DEVAM EDECEK<\/strong><\/p>\n<p>&nbsp;<\/p>\n<p>Mahkeme heyeti, aran\u0131n ard\u0131ndan, tutuklu san\u0131klar Bak\u0131rk\u00f6y Belediye Ba\u015fkan Yard\u0131mc\u0131s\u0131 ve \u0130BB Meclis \u00dcyesi Ali R\u0131za Aky\u00fcz ile reklamc\u0131 Serkan \u00d6zt\u00fcrk&#8217;\u00fcn tahliyesine karar verdi.<\/p>\n<p>&nbsp;<\/p>\n<p>Tutuklanmalar\u0131n\u0131n ard\u0131ndan g\u00f6revlerinden uzakla\u015ft\u0131r\u0131lan \u0130stanbul B\u00fcy\u00fck\u015fehir Belediye (\u0130BB) Ba\u015fkan\u0131 Ekrem \u0130mamo\u011flu, \u015ei\u015fli Belediye Ba\u015fkan\u0131 Resul Emrah \u015eahan, Beylikd\u00fcz\u00fc Belediye Ba\u015fkan\u0131 Mehmet Murat \u00c7al\u0131k ile eski CHP Milletvekili Aykut Erdo\u011fdu, \u0130BB Ba\u015fkan Dan\u0131\u015fman\u0131 ve Medya\u200b\u200b\u200b\u200b\u200b\u200b\u200b A\u015e Y\u00f6netim Kurulu Ba\u015fkan\u0131 Murat Ongun, \u0130BB Spor Kul\u00fcb\u00fc Ba\u015fkan\u0131 Fatih Kele\u015f ve \u0130mamo\u011flu&#8217;nun avukat\u0131 Mehmet Pehlivan&#8217;\u0131n da aralar\u0131nda bulundu\u011fu 51 san\u0131\u011f\u0131n tutukluluk hallerinin devam\u0131na h\u00fckmedildi.<\/p>\n<p>&nbsp;<\/p>\n<p>Duru\u015fma, tutuksuz san\u0131klar\u0131n savunmalar\u0131n\u0131n al\u0131nmas\u0131na devam edilmek \u00fczere 7 Eyl\u00fcl Pazartesi g\u00fcn\u00fcne ertelendi.<\/p>\n","protected":false},"excerpt":{"rendered":"<p>53&#8217;\u00fc tutuklu 414 san\u0131\u011f\u0131n yarg\u0131land\u0131\u011f\u0131 \u0130stanbul B\u00fcy\u00fck\u015fehir Belediyesi (\u0130BB) davas\u0131nda, ayl\u0131k tutukluluk incelemesi kapsam\u0131nda 2&#8230;<\/p>\n","protected":false},"author":1,"featured_media":1252,"comment_status":"open","ping_status":"open","sticky":false,"template":"","format":"standard","meta":{"footnotes":""},"categories":[14],"tags":[],"class_list":["post-1538","post","type-post","status-publish","format-standard","has-post-thumbnail","hentry","category-son-dakika"],"_links":{"self":[{"href":"https:\/\/gundem44.com.tr\/index.php?rest_route=\/wp\/v2\/posts\/1538","targetHints":{"allow":["GET"]}}],"collection":[{"href":"https:\/\/gundem44.com.tr\/index.php?rest_route=\/wp\/v2\/posts"}],"about":[{"href":"https:\/\/gundem44.com.tr\/index.php?rest_route=\/wp\/v2\/types\/post"}],"author":[{"embeddable":true,"href":"https:\/\/gundem44.com.tr\/index.php?rest_route=\/wp\/v2\/users\/1"}],"replies":[{"embeddable":true,"href":"https:\/\/gundem44.com.tr\/index.php?rest_route=%2Fwp%2Fv2%2Fcomments&post=1538"}],"version-history":[{"count":0,"href":"https:\/\/gundem44.com.tr\/index.php?rest_route=\/wp\/v2\/posts\/1538\/revisions"}],"wp:featuredmedia":[{"embeddable":true,"href":"https:\/\/gundem44.com.tr\/index.php?rest_route=\/wp\/v2\/media\/1252"}],"wp:attachment":[{"href":"https:\/\/gundem44.com.tr\/index.php?rest_route=%2Fwp%2Fv2%2Fmedia&parent=1538"}],"wp:term":[{"taxonomy":"category","embeddable":true,"href":"https:\/\/gundem44.com.tr\/index.php?rest_route=%2Fwp%2Fv2%2Fcategories&post=1538"},{"taxonomy":"post_tag","embeddable":true,"href":"https:\/\/gundem44.com.tr\/index.php?rest_route=%2Fwp%2Fv2%2Ftags&post=1538"}],"curies":[{"name":"wp","href":"https:\/\/api.w.org\/{rel}","templated":true}]}}