{"id":1528,"date":"2026-08-27T14:05:06","date_gmt":"2026-08-27T14:05:06","guid":{"rendered":"https:\/\/gundem44.com.tr\/?p=1528"},"modified":"2026-08-27T14:05:06","modified_gmt":"2026-08-27T14:05:06","slug":"tolga-akis-gozaltina-alindi","status":"publish","type":"post","link":"https:\/\/gundem44.com.tr\/?p=1528","title":{"rendered":"Tolga Ak\u0131\u015f g\u00f6zalt\u0131na al\u0131nd\u0131"},"content":{"rendered":"<p><img decoding=\"async\" src=\"https:\/\/images.ntv.com.tr\/images\/manifest-144398-417951.png?width=930&amp;format=webp\" class=\"type:primaryImage\" alt=\"Tolga Ak\u0131\u015f g\u00f6zalt\u0131na al\u0131nd\u0131\" \/><\/p>\n<p>Manifest grubunun kurucusu ve menajeri Tolga Ak\u0131\u015f, m\u00fcstehcenlik, uyu\u015fturucu madde kullanma ve su\u00e7tan kaynaklanan mal varl\u0131\u011f\u0131 de\u011ferlerini aklama su\u00e7lar\u0131ndan g\u00f6zalt\u0131na al\u0131nd\u0131.<\/p>\n<p>\u0130stanbul Cumhuriyet Ba\u015fsavc\u0131l\u0131\u011f\u0131 Ka\u00e7ak\u00e7\u0131l\u0131k, Narkotik ve Ekonomik Su\u00e7lar Soru\u015fturma B\u00fcrosu taraf\u0131ndan Manifest m\u00fczik grubunun kurucusu ve menajeri Tolga Ak\u0131\u015f hakk\u0131nda soru\u015fturma ba\u015flat\u0131ld\u0131.&nbsp;<\/p>\n<p>&nbsp;<\/p>\n<p>Soru\u015fturma kapsam\u0131nda Ak\u0131\u015f g\u00f6zalt\u0131na al\u0131nd\u0131.<\/p>\n<p><span>HAKKINDAK\u0130 SU\u00c7LAMALAR NELER?<\/span><\/p>\n<p>Ak\u0131\u015f hakk\u0131nda m\u00fcstehcenlik, uyu\u015fturucu madde kullanma ve su\u00e7tan kaynaklanan mal varl\u0131\u011f\u0131 de\u011ferlerini aklama su\u00e7lar\u0131 kapsam\u0131nda soru\u015fturma y\u00fcr\u00fct\u00fcld\u00fc\u011f\u00fc \u00f6\u011frenildi.<\/p>\n<p><span>SOSYAL MEDYADAK\u0130 \u0130DD\u0130ALAR <\/span><\/p>\n<p>Manifest grubunun eski foto\u011fraf\u00e7\u0131s\u0131 Mesut Adlin, Ak\u0131\u015f ve e\u015fi hakk\u0131nda \u00e7e\u015fitli iddialarda bulunmu\u015ftu.<\/p>\n<p>&nbsp;<\/p>\n<p>Ak\u0131\u015f , Adlin hakk\u0131nda &#8220;tehdit ve \u015fantak niteli\u011findeki eylem&#8221; kapsam\u0131nda su\u00e7 duyurusunda bulunmu\u015ftu. Adlin ise Asayi\u015f \u015eube M\u00fcd\u00fcrl\u00fc\u011f\u00fc Gasp B\u00fcro Amirli\u011findeki ifade i\u015flemlerinin ard\u0131ndan serbest b\u0131rak\u0131lm\u0131\u015ft\u0131.<\/p>\n<p><span>S\u00d6ZLE\u015eME \u0130DD\u0130ALARIYLA DA G\u00dcNDEME GELM\u0130\u015eT\u0130<\/span><\/p>\n<p>Ajda Pekkan ile d\u00fcet yapt\u0131klar\u0131 \u201cHileli\u201d adl\u0131 \u015fark\u0131lar\u0131 ve konser performanslar\u0131yla adlar\u0131ndan s\u00f6z ettiren Manifest grubu, ge\u00e7en aylarda<a href=\"https:\/\/www.ntv.com.tr\/yasam\/galeri-7-bin-adet-biriktirdi-bir-donem-kapis-kapis-satiliyordu-simdi-tozlu-raflarda-1739169\/1\"> s\u00f6zle\u015fme<\/a> maddesi iddialar\u0131yla g\u00fcndeme gelmi\u015fti.<\/p>\n<p>&nbsp;<\/p>\n<p>Elde edilen gelirin yaln\u0131zca y\u00fczde 30&#8217;u Manifest \u00fcyelerine verilirken, kalan y\u00fczde 70&#8217;lik k\u0131s\u0131m ise Tolga Ak\u0131\u015f&#8217;a ait oldu\u011fu iddia edilmi\u015fti.<\/p>\n<p>&nbsp;<\/p>\n<p>K\u0131zlar\u0131n erkek arkada\u015flar\u0131yla g\u00f6r\u00fc\u015fmek ve evden \u00e7\u0131kmak i\u00e7in Ak\u0131\u015f&#8217;tan izin almak zorunda olduklar\u0131, sahnede giyilen k\u0131yafetlerin \u00fccretini grup \u00fcyelerinin kar\u015f\u0131lad\u0131\u011f\u0131, sahne giderlerinin k\u0131zlar\u0131n y\u00fczde 30&#8217;luk pay\u0131ndan d\u00fc\u015f\u00fclece\u011fi, 10 y\u0131l boyunca sosyal medya hesaplar\u0131ndan kendi iradeleriyle reklam payla\u015f\u0131m\u0131 yapamayacaklar\u0131 ve son olarak gruptan ayr\u0131lmak isteyenlerin 45 milyon TL tazminat \u00f6deyece\u011fi iddialar aras\u0131nda yer alm\u0131\u015ft\u0131.<\/p>\n<p><span>AKI\u015e A\u00c7IKLAMA YAPMI\u015eTI<\/span><\/p>\n<p>Tolga Ak\u0131\u015f, sosyal medya hesab\u0131ndan yapt\u0131\u011f\u0131 a\u00e7\u0131klamada bu maddelerin tamamen uydurma oldu\u011funu ve ger\u00e7e\u011fi yans\u0131tmad\u0131\u011f\u0131n\u0131 belirtmi\u015fti.<\/p>\n","protected":false},"excerpt":{"rendered":"<p>Manifest grubunun kurucusu ve menajeri Tolga Ak\u0131\u015f, m\u00fcstehcenlik, uyu\u015fturucu madde kullanma ve su\u00e7tan kaynaklanan mal&#8230;<\/p>\n","protected":false},"author":1,"featured_media":1252,"comment_status":"open","ping_status":"open","sticky":false,"template":"","format":"standard","meta":{"footnotes":""},"categories":[14],"tags":[],"class_list":["post-1528","post","type-post","status-publish","format-standard","has-post-thumbnail","hentry","category-son-dakika"],"_links":{"self":[{"href":"https:\/\/gundem44.com.tr\/index.php?rest_route=\/wp\/v2\/posts\/1528","targetHints":{"allow":["GET"]}}],"collection":[{"href":"https:\/\/gundem44.com.tr\/index.php?rest_route=\/wp\/v2\/posts"}],"about":[{"href":"https:\/\/gundem44.com.tr\/index.php?rest_route=\/wp\/v2\/types\/post"}],"author":[{"embeddable":true,"href":"https:\/\/gundem44.com.tr\/index.php?rest_route=\/wp\/v2\/users\/1"}],"replies":[{"embeddable":true,"href":"https:\/\/gundem44.com.tr\/index.php?rest_route=%2Fwp%2Fv2%2Fcomments&post=1528"}],"version-history":[{"count":0,"href":"https:\/\/gundem44.com.tr\/index.php?rest_route=\/wp\/v2\/posts\/1528\/revisions"}],"wp:featuredmedia":[{"embeddable":true,"href":"https:\/\/gundem44.com.tr\/index.php?rest_route=\/wp\/v2\/media\/1252"}],"wp:attachment":[{"href":"https:\/\/gundem44.com.tr\/index.php?rest_route=%2Fwp%2Fv2%2Fmedia&parent=1528"}],"wp:term":[{"taxonomy":"category","embeddable":true,"href":"https:\/\/gundem44.com.tr\/index.php?rest_route=%2Fwp%2Fv2%2Fcategories&post=1528"},{"taxonomy":"post_tag","embeddable":true,"href":"https:\/\/gundem44.com.tr\/index.php?rest_route=%2Fwp%2Fv2%2Ftags&post=1528"}],"curies":[{"name":"wp","href":"https:\/\/api.w.org\/{rel}","templated":true}]}}