{"id":1523,"date":"2026-08-27T02:03:00","date_gmt":"2026-08-27T02:03:00","guid":{"rendered":"https:\/\/gundem44.com.tr\/?p=1523"},"modified":"2026-08-27T02:03:00","modified_gmt":"2026-08-27T02:03:00","slug":"iki-yolcu-otobusu-kafa-kafaya-carpisti-13-yarali","status":"publish","type":"post","link":"https:\/\/gundem44.com.tr\/?p=1523","title":{"rendered":"\u0130ki yolcu otob\u00fcs\u00fc kafa kafaya \u00e7arp\u0131\u015ft\u0131: 13 yaral\u0131"},"content":{"rendered":"<p><img decoding=\"async\" src=\"https:\/\/iaahbr.tmgrup.com.tr\/23b18c\/1200\/1200\/240\/0\/914\/675?u=https:\/\/iahbr.tmgrup.com.tr\/2026\/08\/27\/iki-yolcu-otobusu-kafa-kafaya-carpisti-13-yarali-1787782802135.jpg\" alt=\"\u0130ki yolcu otob\u00fcs\u00fc kafa kafaya \u00e7arp\u0131\u015ft\u0131: 13 yaral\u0131\"><br \/>\u015eanl\u0131urfa&#8217;n\u0131n Siverek il\u00e7esinde iki yolcu otob\u00fcs\u00fcn\u00fcn \u00e7arp\u0131\u015fmas\u0131 sonucu 13 ki\u015fi yaraland\u0131. Siverek-\u015eanl\u0131urfa kara yolunun 10. kilometresinde meydana gelen kazan\u0131n ard\u0131ndan b\u00f6lgeye sa\u011fl\u0131k, polis ve&#8230;<a href=\"https:\/\/www.ahaber.com.tr\/yasam\/2026\/08\/27\/iki-yolcu-otobusu-kafa-kafaya-carpisti-13-yarali\">Devam\u0131 i\u00e7in t\u0131klay\u0131n\u0131z<\/a><\/p>\n","protected":false},"excerpt":{"rendered":"<p>\u015eanl\u0131urfa&#8217;n\u0131n Siverek il\u00e7esinde iki yolcu otob\u00fcs\u00fcn\u00fcn \u00e7arp\u0131\u015fmas\u0131 sonucu 13 ki\u015fi yaraland\u0131. Siverek-\u015eanl\u0131urfa kara yolunun 10&#8230;.<\/p>\n","protected":false},"author":1,"featured_media":1252,"comment_status":"open","ping_status":"open","sticky":false,"template":"","format":"standard","meta":{"footnotes":""},"categories":[14],"tags":[],"class_list":["post-1523","post","type-post","status-publish","format-standard","has-post-thumbnail","hentry","category-son-dakika"],"_links":{"self":[{"href":"https:\/\/gundem44.com.tr\/index.php?rest_route=\/wp\/v2\/posts\/1523","targetHints":{"allow":["GET"]}}],"collection":[{"href":"https:\/\/gundem44.com.tr\/index.php?rest_route=\/wp\/v2\/posts"}],"about":[{"href":"https:\/\/gundem44.com.tr\/index.php?rest_route=\/wp\/v2\/types\/post"}],"author":[{"embeddable":true,"href":"https:\/\/gundem44.com.tr\/index.php?rest_route=\/wp\/v2\/users\/1"}],"replies":[{"embeddable":true,"href":"https:\/\/gundem44.com.tr\/index.php?rest_route=%2Fwp%2Fv2%2Fcomments&post=1523"}],"version-history":[{"count":0,"href":"https:\/\/gundem44.com.tr\/index.php?rest_route=\/wp\/v2\/posts\/1523\/revisions"}],"wp:featuredmedia":[{"embeddable":true,"href":"https:\/\/gundem44.com.tr\/index.php?rest_route=\/wp\/v2\/media\/1252"}],"wp:attachment":[{"href":"https:\/\/gundem44.com.tr\/index.php?rest_route=%2Fwp%2Fv2%2Fmedia&parent=1523"}],"wp:term":[{"taxonomy":"category","embeddable":true,"href":"https:\/\/gundem44.com.tr\/index.php?rest_route=%2Fwp%2Fv2%2Fcategories&post=1523"},{"taxonomy":"post_tag","embeddable":true,"href":"https:\/\/gundem44.com.tr\/index.php?rest_route=%2Fwp%2Fv2%2Ftags&post=1523"}],"curies":[{"name":"wp","href":"https:\/\/api.w.org\/{rel}","templated":true}]}}