{"id":152,"date":"2026-06-02T13:24:16","date_gmt":"2026-06-02T13:24:16","guid":{"rendered":"https:\/\/gundem44.com.tr\/?p=152"},"modified":"2026-06-02T13:24:16","modified_gmt":"2026-06-02T13:24:16","slug":"ilahi-sanatcisi-celal-karature-6-haziranda-malatyalilarla-bulusuyor","status":"publish","type":"post","link":"https:\/\/gundem44.com.tr\/?p=152","title":{"rendered":"\u0130lahi sanat\u00e7\u0131s\u0131 Celal Karat\u00fcre, 6 Haziran&#8217;da Malatyal\u0131larla bulu\u015fuyor"},"content":{"rendered":"\n<p class=\"wp-block-paragraph\">Ye\u015filyurt Belediyesi, Malatyal\u0131lar\u0131 manevi atmosferi y\u00fcksek \u00f6zel bir programda bir araya getirecek. Son d\u00f6nemin sevilen ilahi sanat\u00e7\u0131lar\u0131ndan Celal Karat\u00fcre, 6 Haziran Cumartesi g\u00fcn\u00fc saat 19.00\u2019da Malatya 100. Y\u0131l Kent Park\u0131\u2019nda d\u00fczenlenecek ilahi konserinde vatanda\u015flarla bulu\u015facak.<br>Ye\u015filyurt Belediyesi\u2019nin ev sahipli\u011finde ger\u00e7ekle\u015fecek programda, Kur\u2019an\u0131 Kerim tilaveti, mehteran g\u00f6sterisi ve 46 Ya\u015f Erdem Okulu \u00f6\u011frencilerinin haz\u0131rlad\u0131\u011f\u0131 \u00f6zel g\u00f6steriler de yer alacak. Manevi duygular\u0131n yo\u011fun \u015fekilde ya\u015fanaca\u011f\u0131 etkinlikte, \u00f6zellikle &#8220;K\u00e2be\u2019de Hac\u0131lar Hu Der&#8221; ilahisiyle geni\u015f kitlelerin be\u011fenisini kazanan Celal Karat\u00fcre, seslendirece\u011fi eserlerle vatanda\u015flara unutulmaz bir ak\u015fam ya\u015fatacak.<br>Her ya\u015ftan vatanda\u015f\u0131n kat\u0131l\u0131m\u0131na a\u00e7\u0131k olacak program, milli ve manevi de\u011ferlerin gelecek nesillere aktar\u0131lmas\u0131na katk\u0131 sunmay\u0131 ama\u00e7l\u0131yor. Etkinlikte birlik, beraberlik ve karde\u015flik duygular\u0131n\u0131n g\u00fc\u00e7lendirilmesi hedeflenirken, \u00e7ocuklar\u0131n haz\u0131rlad\u0131\u011f\u0131 g\u00f6steriler de programa ayr\u0131 bir renk katacak.<\/p>\n\n\n\n<p class=\"wp-block-paragraph\">&#8220;Hem\u015ferilerimizi 6 Haziran\u2019daki ilahi konserine bekliyoruz&#8221;<br>Ye\u015filyurt Belediye Ba\u015fkan\u0131 Prof. Dr. \u0130lhan Ge\u00e7it, t\u00fcm Malatyal\u0131lar\u0131 6 Haziran\u2019daki programa davet ederek, gen\u00e7lerin ve \u00e7ocuklar\u0131n milli ve manevi de\u011ferlerle yeti\u015fmesinin b\u00fcy\u00fck \u00f6nem ta\u015f\u0131d\u0131\u011f\u0131n\u0131 s\u00f6yledi. Ba\u015fkan Ge\u00e7it, yapt\u0131\u011f\u0131 a\u00e7\u0131klamada, &#8220;Toplumumuzun temelini olu\u015fturan milli ve manevi de\u011ferlerimizin gelecek ku\u015faklara aktar\u0131lmas\u0131 b\u00fcy\u00fck \u00f6nem ta\u015f\u0131maktad\u0131r. \u00c7ocuklar\u0131m\u0131z\u0131n ve gen\u00e7lerimizin dinini do\u011fru \u00f6\u011frenmesi, Kur\u2019an\u0131 Kerim\u2019i okuyup anlamas\u0131, ahlaki ve manevi de\u011ferlerle yeti\u015fmesi gelece\u011fimiz a\u00e7\u0131s\u0131ndan \u00e7ok k\u0131ymetlidir. D\u00fczenleyece\u011fimiz bu \u00f6zel program da bu y\u00f6ndeki gayretlerimizin \u00f6nemli bir g\u00f6stergesi olacakt\u0131r. Vatanda\u015flar\u0131m\u0131z\u0131n aileleriyle birlikte huzurlu ve anlaml\u0131 bir ak\u015fam ge\u00e7irmelerini arzu ediyoruz. Kur\u2019an\u0131 Kerim tilaveti, mehteran g\u00f6sterisi, \u00e7ocuklar\u0131m\u0131z\u0131n sahne performanslar\u0131 ve de\u011ferli sanat\u00e7\u0131m\u0131z Celal Karat\u00fcre\u2019nin seslendirece\u011fi ilahilerle g\u00f6n\u00fcllere dokunan g\u00fczel bir program ger\u00e7ekle\u015ftirece\u011fiz. T\u00fcm hem\u015ferilerimizi 6 Haziran Cumartesi g\u00fcn\u00fc saat 19.00\u2019da Malatya 100. Y\u0131l Kent Park\u0131\u2019na davet ediyorum&#8221; diye konu\u015ftu.<\/p>\n","protected":false},"excerpt":{"rendered":"<p>Ye\u015filyurt Belediyesi, Malatyal\u0131lar\u0131 manevi atmosferi y\u00fcksek \u00f6zel bir programda bir araya getirecek. Son d\u00f6nemin sevilen&#8230;<\/p>\n","protected":false},"author":1,"featured_media":153,"comment_status":"open","ping_status":"open","sticky":false,"template":"","format":"standard","meta":{"footnotes":""},"categories":[20],"tags":[],"class_list":["post-152","post","type-post","status-publish","format-standard","has-post-thumbnail","hentry","category-yesilyurt"],"_links":{"self":[{"href":"https:\/\/gundem44.com.tr\/index.php?rest_route=\/wp\/v2\/posts\/152","targetHints":{"allow":["GET"]}}],"collection":[{"href":"https:\/\/gundem44.com.tr\/index.php?rest_route=\/wp\/v2\/posts"}],"about":[{"href":"https:\/\/gundem44.com.tr\/index.php?rest_route=\/wp\/v2\/types\/post"}],"author":[{"embeddable":true,"href":"https:\/\/gundem44.com.tr\/index.php?rest_route=\/wp\/v2\/users\/1"}],"replies":[{"embeddable":true,"href":"https:\/\/gundem44.com.tr\/index.php?rest_route=%2Fwp%2Fv2%2Fcomments&post=152"}],"version-history":[{"count":1,"href":"https:\/\/gundem44.com.tr\/index.php?rest_route=\/wp\/v2\/posts\/152\/revisions"}],"predecessor-version":[{"id":154,"href":"https:\/\/gundem44.com.tr\/index.php?rest_route=\/wp\/v2\/posts\/152\/revisions\/154"}],"wp:featuredmedia":[{"embeddable":true,"href":"https:\/\/gundem44.com.tr\/index.php?rest_route=\/wp\/v2\/media\/153"}],"wp:attachment":[{"href":"https:\/\/gundem44.com.tr\/index.php?rest_route=%2Fwp%2Fv2%2Fmedia&parent=152"}],"wp:term":[{"taxonomy":"category","embeddable":true,"href":"https:\/\/gundem44.com.tr\/index.php?rest_route=%2Fwp%2Fv2%2Fcategories&post=152"},{"taxonomy":"post_tag","embeddable":true,"href":"https:\/\/gundem44.com.tr\/index.php?rest_route=%2Fwp%2Fv2%2Ftags&post=152"}],"curies":[{"name":"wp","href":"https:\/\/api.w.org\/{rel}","templated":true}]}}