{"id":1480,"date":"2026-08-26T16:51:11","date_gmt":"2026-08-26T16:51:11","guid":{"rendered":"https:\/\/gundem44.com.tr\/?p=1480"},"modified":"2026-08-26T16:51:12","modified_gmt":"2026-08-26T16:51:12","slug":"rteulu-akademisyenden-tepki-ceken-gavur-ulkesi-paylasimi","status":"publish","type":"post","link":"https:\/\/gundem44.com.tr\/?p=1480","title":{"rendered":"RTE\u00dc\u2019l\u00fc Akademisyenden Tepki \u00c7eken \u201cGavur \u00dclkesi\u201d Payla\u015f\u0131m\u0131"},"content":{"rendered":"\n<p class=\"wp-block-paragraph\">Recep Tayyip Erdo\u011fan \u00dcniversitesi \u0130lahiyat Fak\u00fcltesi \u00d6\u011fretim \u00dcyesi Prof. Dr. Yavuz K\u00f6kta\u015f\u2019\u0131n sosyal medya hesab\u0131ndan yapt\u0131\u011f\u0131 payla\u015f\u0131m tepki \u00e7ekti. K\u00f6kta\u015f, Rize sokaklar\u0131nda kad\u0131nlar\u0131n giyim tarz\u0131na ili\u015fkin g\u00f6zlemlerini de\u011ferlendirerek T\u00fcrkiye\u2019nin \u201c\u0130slam \u00fclkesi\u201d oldu\u011fu y\u00f6n\u00fcndeki kanaatinin de\u011fi\u015fti\u011fini belirtti.<\/p>\n\n\n\n<figure class=\"wp-block-image size-large\"><img loading=\"lazy\" decoding=\"async\" width=\"1024\" height=\"305\" src=\"https:\/\/gundem44.com.tr\/wp-content\/uploads\/2026\/08\/rteu-ogretim-uyesi-prof-dr-koktas-gordugum-ri-20178714_amp-1024x305.webp\" alt=\"\" class=\"wp-image-1481\" srcset=\"https:\/\/gundem44.com.tr\/wp-content\/uploads\/2026\/08\/rteu-ogretim-uyesi-prof-dr-koktas-gordugum-ri-20178714_amp-1024x305.webp 1024w, https:\/\/gundem44.com.tr\/wp-content\/uploads\/2026\/08\/rteu-ogretim-uyesi-prof-dr-koktas-gordugum-ri-20178714_amp-300x90.webp 300w, https:\/\/gundem44.com.tr\/wp-content\/uploads\/2026\/08\/rteu-ogretim-uyesi-prof-dr-koktas-gordugum-ri-20178714_amp-768x229.webp 768w, https:\/\/gundem44.com.tr\/wp-content\/uploads\/2026\/08\/rteu-ogretim-uyesi-prof-dr-koktas-gordugum-ri-20178714_amp.webp 1200w\" sizes=\"auto, (max-width: 1024px) 100vw, 1024px\" \/><\/figure>\n\n\n\n<h2 class=\"wp-block-heading\">\u201c\u0130SLAM \u00dcLKES\u0130 DE\u011e\u0130L, GAVUR \u00dcLKES\u0130\u201d<\/h2>\n\n\n\n<p class=\"wp-block-paragraph\">K\u00f6kta\u015f, payla\u015f\u0131m\u0131nda T\u00fcrkiye\u2019nin ge\u00e7mi\u015fte \u0130slam \u00fclkesi oldu\u011fu y\u00f6n\u00fcnde kanaat ta\u015f\u0131d\u0131\u011f\u0131n\u0131 belirterek Rize sokaklar\u0131nda g\u00f6rd\u00fcklerinin ard\u0131ndan bu d\u00fc\u015f\u00fcncesinin de\u011fi\u015fti\u011fini ifade etti.<\/p>\n\n\n\n<p class=\"wp-block-paragraph\">K\u00f6kta\u015f payla\u015f\u0131m\u0131nda, \u201cEskiden T\u00fcrkiye&#8217;nin \u0130slam devleti olmasa da \u0130slam \u00fclkesi oldu\u011fu kanaatini ta\u015f\u0131yordum. Bug\u00fcn g\u00f6rd\u00fc\u011f\u00fcm Rize sokaklar\u0131ndan sonra buran\u0131n \u0130slam \u00fclkesi de\u011fil, gavur \u00fclkesi oldu\u011fu kanaati bende per\u00e7inle\u015fiyor. Amerika neyse T\u00fcrkiye de o&#8230; Minarelerden ezan okunmas\u0131 i\u015fi de\u011fi\u015ftirmiyor\u201d ifadelerini kulland\u0131.<\/p>\n\n\n\n<h2 class=\"wp-block-heading\">TEPK\u0130LER\u0130N ARDINDAN A\u00c7IKLAMA YAPTI<\/h2>\n\n\n\n<p class=\"wp-block-paragraph\">Payla\u015f\u0131m\u0131n\u0131n tepki \u00e7ekmesinin ard\u0131ndan yeniden a\u00e7\u0131klama yapan K\u00f6kta\u015f, s\u00f6zlerinin kurumuna mal edilmemesi gerekti\u011fini belirterek payla\u015f\u0131m\u0131n tamamen \u015fahsi kanaatinden ibaret oldu\u011funu s\u00f6yledi.<\/p>\n\n\n\n<p class=\"wp-block-paragraph\">K\u00f6kta\u015f, \u201cgavur\u201d kelimesini kullan\u0131rken dinden \u00e7\u0131kmay\u0131 de\u011fil, dinden uzakla\u015fmay\u0131 ve \u00f6zellikle toplumdaki \u201c\u00e7\u0131plakla\u015fma\u201d olarak nitelendirdi\u011fi durumu kastetti\u011fini ifade etti. Kulland\u0131\u011f\u0131 ifadenin maksad\u0131n\u0131 a\u015fm\u0131\u015f veya yanl\u0131\u015f anla\u015f\u0131lmaya m\u00fcsait oldu\u011funu da kabul etti.<\/p>\n\n\n\n<figure class=\"wp-block-image size-full\"><img loading=\"lazy\" decoding=\"async\" width=\"640\" height=\"426\" src=\"https:\/\/gundem44.com.tr\/wp-content\/uploads\/2026\/08\/rteulu-akademisyenden-tepki-ce-20178714-1545_1_m.webp\" alt=\"\" class=\"wp-image-1482\" srcset=\"https:\/\/gundem44.com.tr\/wp-content\/uploads\/2026\/08\/rteulu-akademisyenden-tepki-ce-20178714-1545_1_m.webp 640w, https:\/\/gundem44.com.tr\/wp-content\/uploads\/2026\/08\/rteulu-akademisyenden-tepki-ce-20178714-1545_1_m-300x200-1.webp 300w, https:\/\/gundem44.com.tr\/wp-content\/uploads\/2026\/08\/rteulu-akademisyenden-tepki-ce-20178714-1545_1_m-600x400.webp 600w\" sizes=\"auto, (max-width: 640px) 100vw, 640px\" \/><\/figure>\n\n\n\n<h2 class=\"wp-block-heading\">\u201c\u00d6ZELL\u0130KLE R\u0130ZE\u2019Y\u0130 KAST ETMED\u0130M\u201d<\/h2>\n\n\n\n<p class=\"wp-block-paragraph\">K\u00f6kta\u015f, payla\u015f\u0131m\u0131nda \u00f6zellikle Rize\u2019yi hedef almad\u0131\u011f\u0131n\u0131 belirtti. S\u00f6z konusu durumun yaln\u0131zca Rize\u2019ye \u00f6zg\u00fc olmad\u0131\u011f\u0131n\u0131 ifade eden K\u00f6kta\u015f, T\u00fcrkiye\u2019nin tamam\u0131nda benzer bir durum bulundu\u011funu savundu.<\/p>\n\n\n\n<p class=\"wp-block-paragraph\">K\u00f6kta\u015f, \u201cMaksad\u0131n\u0131 a\u015fan bir ifade olsa da bununla \u00f6zellikle Rize&#8217;yi kastetmedi\u011fim yaz\u0131da \u00e7ok belirgindi. Zira yanl\u0131\u015f anla\u015f\u0131lmaya m\u00fcsait olan o kelimenin \u00e7\u0131plakla\u015fma \u015feklindeki i\u00e7eri\u011fi T\u00fcrkiye&#8217;nin her sath\u0131nda bulunmaktad\u0131r\u201d dedi.<\/p>\n\n\n\n<h2 class=\"wp-block-heading\">\u201c\u00d6MR\u00dcM\u00dcN 30 YILINI R\u0130ZE\u2019YE VERD\u0130M\u201d<\/h2>\n\n\n\n<p class=\"wp-block-paragraph\">Rize ile uzun y\u0131llara dayanan ba\u011f\u0131 bulundu\u011funu belirten K\u00f6kta\u015f, kentin 30 y\u0131l \u00f6nceki ve bug\u00fcnk\u00fc halini iyi bildi\u011fini s\u00f6yledi.<\/p>\n\n\n\n<p class=\"wp-block-paragraph\">K\u00f6kta\u015f, sorunun yaln\u0131zca siyasetle ili\u015fkilendirilemeyece\u011fini belirterek, \u201c\u00d6mr\u00fcm\u00fcn 30 y\u0131l\u0131n\u0131 Rize&#8217;ye verdim. Rize&#8217;nin 30 y\u0131l \u00f6ncesi ile \u015fimdiki halini \u00e7ok iyi bildi\u011fimi s\u00f6yleyebilirim. Bahse konu sorun t\u00fcm \u00fclke sath\u0131nda ayn\u0131 \u015fekildedir. Bu durumun salt siyasetle de alakas\u0131 yoktur\u201d ifadelerini kulland\u0131.<\/p>\n\n\n\n<h2 class=\"wp-block-heading\">\u201cKULLANDI\u011eIM D\u0130L DAHA MAKUL OLMALIYDI\u201d<\/h2>\n\n\n\n<p class=\"wp-block-paragraph\">Toplumdaki de\u011fi\u015fimin kendisini bir M\u00fcsl\u00fcman olarak \u00fczd\u00fc\u011f\u00fcn\u00fc belirten K\u00f6kta\u015f, bu konuda ne yap\u0131lmas\u0131 gerekti\u011fini bilmedi\u011fini s\u00f6yledi.<\/p>\n\n\n\n<p class=\"wp-block-paragraph\">K\u00f6kta\u015f, kulland\u0131\u011f\u0131 dilin daha makul olmas\u0131 gerekti\u011fini kabul ederek, benzer sorunlar\u0131n M\u00fcsl\u00fcmanlar taraf\u0131ndan tart\u0131\u015f\u0131lmas\u0131 gerekti\u011fini ifade etti.<\/p>\n\n\n\n<p class=\"wp-block-paragraph\">K\u00f6kta\u015f a\u00e7\u0131klamas\u0131nda, \u201cBu durum M\u00fcsl\u00fcman bir birey olarak i\u00e7imi kanatmaktad\u0131r. Ne yap\u0131laca\u011f\u0131n\u0131 da do\u011frusu bilmiyorum. En az\u0131ndan bunu dile getirme hakk\u0131m\u0131z\u0131n korunmas\u0131 gerekti\u011fini d\u00fc\u015f\u00fcn\u00fcyorum. Bu noktada kulland\u0131\u011f\u0131m dilin daha makul olmas\u0131 gerekti\u011fi noktas\u0131nda hemfikirim. Bu ve benzeri sorunlar\u0131n M\u00fcsl\u00fcmanlar taraf\u0131ndan dert edinilmesi gerekti\u011fini temenni ediyorum\u201d ifadelerine yer verdi.<\/p>\n","protected":false},"excerpt":{"rendered":"<p>Recep Tayyip Erdo\u011fan \u00dcniversitesi \u0130lahiyat Fak\u00fcltesi \u00d6\u011fretim \u00dcyesi Prof. Dr. Yavuz K\u00f6kta\u015f\u2019\u0131n sosyal medya hesab\u0131ndan&#8230;<\/p>\n","protected":false},"author":1,"featured_media":1483,"comment_status":"open","ping_status":"open","sticky":false,"template":"","format":"standard","meta":{"footnotes":""},"categories":[18],"tags":[],"class_list":["post-1480","post","type-post","status-publish","format-standard","has-post-thumbnail","hentry","category-guncel"],"_links":{"self":[{"href":"https:\/\/gundem44.com.tr\/index.php?rest_route=\/wp\/v2\/posts\/1480","targetHints":{"allow":["GET"]}}],"collection":[{"href":"https:\/\/gundem44.com.tr\/index.php?rest_route=\/wp\/v2\/posts"}],"about":[{"href":"https:\/\/gundem44.com.tr\/index.php?rest_route=\/wp\/v2\/types\/post"}],"author":[{"embeddable":true,"href":"https:\/\/gundem44.com.tr\/index.php?rest_route=\/wp\/v2\/users\/1"}],"replies":[{"embeddable":true,"href":"https:\/\/gundem44.com.tr\/index.php?rest_route=%2Fwp%2Fv2%2Fcomments&post=1480"}],"version-history":[{"count":1,"href":"https:\/\/gundem44.com.tr\/index.php?rest_route=\/wp\/v2\/posts\/1480\/revisions"}],"predecessor-version":[{"id":1484,"href":"https:\/\/gundem44.com.tr\/index.php?rest_route=\/wp\/v2\/posts\/1480\/revisions\/1484"}],"wp:featuredmedia":[{"embeddable":true,"href":"https:\/\/gundem44.com.tr\/index.php?rest_route=\/wp\/v2\/media\/1483"}],"wp:attachment":[{"href":"https:\/\/gundem44.com.tr\/index.php?rest_route=%2Fwp%2Fv2%2Fmedia&parent=1480"}],"wp:term":[{"taxonomy":"category","embeddable":true,"href":"https:\/\/gundem44.com.tr\/index.php?rest_route=%2Fwp%2Fv2%2Fcategories&post=1480"},{"taxonomy":"post_tag","embeddable":true,"href":"https:\/\/gundem44.com.tr\/index.php?rest_route=%2Fwp%2Fv2%2Ftags&post=1480"}],"curies":[{"name":"wp","href":"https:\/\/api.w.org\/{rel}","templated":true}]}}