{"id":1473,"date":"2026-08-26T16:38:59","date_gmt":"2026-08-26T16:38:59","guid":{"rendered":"https:\/\/gundem44.com.tr\/?p=1473"},"modified":"2026-08-26T16:39:00","modified_gmt":"2026-08-26T16:39:00","slug":"sinan-akcildan-cumhurbaskani-erdogana-omrumden-yillari-veririm","status":"publish","type":"post","link":"https:\/\/gundem44.com.tr\/?p=1473","title":{"rendered":"Sinan Ak\u00e7\u0131l&#8217;dan Cumhurba\u015fkan\u0131 Erdo\u011fan&#8217;a: \u201c\u00d6mr\u00fcmden Y\u0131llar\u0131 Veririm\u201d"},"content":{"rendered":"\n<p class=\"wp-block-paragraph\">Malazgirt Zaferi etkinlikleri kapsam\u0131nda Mu\u015f&#8217;ta konser veren \u00fcnl\u00fc sanat\u00e7\u0131 Sinan Ak\u00e7\u0131l, Cumhurba\u015fkan\u0131 Recep Tayyip Erdo\u011fan ile bir araya geldi. Erdo\u011fan ile tokala\u015ft\u0131\u011f\u0131 anlar\u0131 sosyal medya hesab\u0131ndan payla\u015fan Ak\u00e7\u0131l, \u201c\u00d6mr\u00fcmden y\u0131llar\u0131 verebilsem, g\u00f6z\u00fcm\u00fc k\u0131rpmadan veririm dedi\u011finiz insanlar var m\u0131? Benim var, bir tanesi de bu iki karede\u201d ifadelerini kulland\u0131.<\/p>\n\n\n\n<h2 class=\"wp-block-heading\">CUMHURBA\u015eKANI ERDO\u011eAN \u0130LE B\u0130R ARAYA GELD\u0130<\/h2>\n\n\n\n<p class=\"wp-block-paragraph\">Mu\u015f&#8217;un Malazgirt il\u00e7esinde d\u00fczenlenen Malazgirt Zaferi anma t\u00f6renleri kapsam\u0131nda \u00e7e\u015fitli etkinlikler ger\u00e7ekle\u015ftirildi. Etkinliklerde sahne alan Sinan Ak\u00e7\u0131l, Malazgirt ve Ahlat&#8217;ta konser verdi.<\/p>\n\n\n\n<p class=\"wp-block-paragraph\">T\u00f6renler s\u0131ras\u0131nda Cumhurba\u015fkan\u0131 Recep Tayyip Erdo\u011fan ile bir araya gelen Ak\u00e7\u0131l, Erdo\u011fan ile sohbet etti ve tokala\u015ft\u0131. Ak\u00e7\u0131l, Cumhurba\u015fkan\u0131 Erdo\u011fan ile \u00e7ekilen foto\u011fraflar\u0131n\u0131 sosyal medya hesab\u0131ndan payla\u015ft\u0131.<\/p>\n\n\n\n<figure class=\"wp-block-image size-full\"><img loading=\"lazy\" decoding=\"async\" width=\"640\" height=\"495\" src=\"https:\/\/gundem44.com.tr\/wp-content\/uploads\/2026\/08\/sinan-akcildan-cumhurbaskani-e-86008320-8607_1_m.webp\" alt=\"\" class=\"wp-image-1475\" srcset=\"https:\/\/gundem44.com.tr\/wp-content\/uploads\/2026\/08\/sinan-akcildan-cumhurbaskani-e-86008320-8607_1_m.webp 640w, https:\/\/gundem44.com.tr\/wp-content\/uploads\/2026\/08\/sinan-akcildan-cumhurbaskani-e-86008320-8607_1_m-300x232.webp 300w\" sizes=\"auto, (max-width: 640px) 100vw, 640px\" \/><\/figure>\n\n\n\n<h2 class=\"wp-block-heading\">\u201cG\u00d6Z\u00dcM\u00dc KIRPMADAN VER\u0130R\u0130M\u201d<\/h2>\n\n\n\n<p class=\"wp-block-paragraph\">Sinan Ak\u00e7\u0131l, Cumhurba\u015fkan\u0131 Erdo\u011fan ile \u00e7ekilen foto\u011fraflar\u0131na \u015fu notu ekledi:<\/p>\n\n\n\n<p class=\"wp-block-paragraph\">\u201c\u00d6mr\u00fcmden y\u0131llar\u0131 verebilsem, g\u00f6z\u00fcm\u00fc k\u0131rpmadan veririm dedi\u011finiz insanlar var m\u0131? Benim var, bir tanesi de bu 2 karede i\u015fte&#8230; Te\u015fekk\u00fcrler Malazgirt, te\u015fekk\u00fcrler Ahlat&#8230; Muhte\u015femdiniz.\u201d<\/p>\n\n\n\n<h2 class=\"wp-block-heading\">PAYLA\u015eIMI G\u00dcNDEM OLDU<\/h2>\n\n\n\n<p class=\"wp-block-paragraph\">Ak\u00e7\u0131l&#8217;\u0131n Cumhurba\u015fkan\u0131 Erdo\u011fan ile foto\u011fraflar\u0131n\u0131 payla\u015fmas\u0131n\u0131n ard\u0131ndan yapt\u0131\u011f\u0131 a\u00e7\u0131klama sosyal medyada g\u00fcndem oldu. Payla\u015f\u0131m k\u0131sa s\u00fcrede \u00e7ok say\u0131da be\u011feni ve yorum ald\u0131.<\/p>\n\n\n\n<h2 class=\"wp-block-heading\">\u0130\u015eTE S\u0130NAN AK\u00c7IL&#8217;IN O PAYLA\u015eIMI<\/h2>\n\n\n\n<p class=\"wp-block-paragraph\">Sinan Ak\u00e7\u0131l&#8217;\u0131n Cumhurba\u015fkan\u0131 Recep Tayyip Erdo\u011fan ile bir araya geldi\u011fi anlara ili\u015fkin foto\u011fraflar\u0131 sosyal medya hesab\u0131ndan payla\u015ft\u0131.<\/p>\n","protected":false},"excerpt":{"rendered":"<p>Malazgirt Zaferi etkinlikleri kapsam\u0131nda Mu\u015f&#8217;ta konser veren \u00fcnl\u00fc sanat\u00e7\u0131 Sinan Ak\u00e7\u0131l, Cumhurba\u015fkan\u0131 Recep Tayyip Erdo\u011fan&#8230;<\/p>\n","protected":false},"author":1,"featured_media":1474,"comment_status":"open","ping_status":"open","sticky":false,"template":"","format":"standard","meta":{"footnotes":""},"categories":[34],"tags":[],"class_list":["post-1473","post","type-post","status-publish","format-standard","has-post-thumbnail","hentry","category-magazin"],"_links":{"self":[{"href":"https:\/\/gundem44.com.tr\/index.php?rest_route=\/wp\/v2\/posts\/1473","targetHints":{"allow":["GET"]}}],"collection":[{"href":"https:\/\/gundem44.com.tr\/index.php?rest_route=\/wp\/v2\/posts"}],"about":[{"href":"https:\/\/gundem44.com.tr\/index.php?rest_route=\/wp\/v2\/types\/post"}],"author":[{"embeddable":true,"href":"https:\/\/gundem44.com.tr\/index.php?rest_route=\/wp\/v2\/users\/1"}],"replies":[{"embeddable":true,"href":"https:\/\/gundem44.com.tr\/index.php?rest_route=%2Fwp%2Fv2%2Fcomments&post=1473"}],"version-history":[{"count":1,"href":"https:\/\/gundem44.com.tr\/index.php?rest_route=\/wp\/v2\/posts\/1473\/revisions"}],"predecessor-version":[{"id":1476,"href":"https:\/\/gundem44.com.tr\/index.php?rest_route=\/wp\/v2\/posts\/1473\/revisions\/1476"}],"wp:featuredmedia":[{"embeddable":true,"href":"https:\/\/gundem44.com.tr\/index.php?rest_route=\/wp\/v2\/media\/1474"}],"wp:attachment":[{"href":"https:\/\/gundem44.com.tr\/index.php?rest_route=%2Fwp%2Fv2%2Fmedia&parent=1473"}],"wp:term":[{"taxonomy":"category","embeddable":true,"href":"https:\/\/gundem44.com.tr\/index.php?rest_route=%2Fwp%2Fv2%2Fcategories&post=1473"},{"taxonomy":"post_tag","embeddable":true,"href":"https:\/\/gundem44.com.tr\/index.php?rest_route=%2Fwp%2Fv2%2Ftags&post=1473"}],"curies":[{"name":"wp","href":"https:\/\/api.w.org\/{rel}","templated":true}]}}