{"id":1467,"date":"2026-08-26T16:30:36","date_gmt":"2026-08-26T16:30:36","guid":{"rendered":"https:\/\/gundem44.com.tr\/?p=1467"},"modified":"2026-08-26T16:30:37","modified_gmt":"2026-08-26T16:30:37","slug":"malatyada-kurutmalik-domates-hasadi-basladi","status":"publish","type":"post","link":"https:\/\/gundem44.com.tr\/?p=1467","title":{"rendered":"Malatya&#8217;da Kurutmal\u0131k Domates Hasad\u0131 Ba\u015flad\u0131"},"content":{"rendered":"\n<p class=\"wp-block-paragraph\">Malatya&#8217;da alternatif \u00fcr\u00fcn olarak yeti\u015ftirilen kurutmal\u0131k domateste hasat ve kurutma mesaisi ba\u015flad\u0131. Tarlalardan toplanarak sergi alanlar\u0131nda kurutulan tonlarca domates, \u0130zmir \u00fczerinden Avrupa ve Orta Do\u011fu \u00fclkelerine ihra\u00e7 ediliyor.<\/p>\n\n\n\n<p class=\"wp-block-paragraph\">T\u00fcrkiye&#8217;nin kay\u0131s\u0131 \u00fcretiminde \u00f6ne \u00e7\u0131kan Malatya&#8217;da, \u00fcr\u00fcn \u00e7e\u015fitlili\u011fini art\u0131rmak ve ekonomiye katma de\u011fer sa\u011flamak amac\u0131yla yeti\u015ftirilen kurutmal\u0131k domateslerin hasat sezonu ba\u015flad\u0131. Ak\u00e7ada\u011f il\u00e7esinde y\u00fczlerce dekarl\u0131k alanda \u00fcretilen domatesler, tarlalardan topland\u0131ktan sonra sergi alanlar\u0131nda do\u011fal y\u00f6ntemlerle kurutuluyor.<\/p>\n\n\n\n<p class=\"wp-block-paragraph\">Kurutmal\u0131k domates \u00fcretimi b\u00f6lge ekonomisine katk\u0131 sa\u011flarken, May\u0131s ay\u0131ndan Ekim ay\u0131na kadar yakla\u015f\u0131k 60 mevsimlik i\u015f\u00e7iye de istihdam imkan\u0131 sunuyor.<\/p>\n\n\n\n<h2 class=\"wp-block-heading\">D\u00d6N\u00dcM BA\u015eINA 10-12 TON VER\u0130M<\/h2>\n\n\n\n<p class=\"wp-block-paragraph\">Tar\u0131m Eksperi Hac\u0131 Polat, yakla\u015f\u0131k 350-400 d\u00f6n\u00fcml\u00fck alanda domates ekimi yap\u0131ld\u0131\u011f\u0131n\u0131 belirtti.<\/p>\n\n\n\n<p class=\"wp-block-paragraph\">Polat, tarlada olgunla\u015fan domateslerin birinci, ikinci ve \u00fc\u00e7\u00fcnc\u00fc toplama \u015feklinde kademeli olarak hasat edildi\u011fini s\u00f6yledi. K\u0131zaran domateslerin ara\u00e7 ve trakt\u00f6rlerle sergi alanlar\u0131na getirildi\u011fini belirten Polat, burada \u00e7al\u0131\u015fan kad\u0131n i\u015f\u00e7ilerin domatesleri ortadan ikiye b\u00f6ld\u00fc\u011f\u00fcn\u00fc ve tuzlama i\u015fleminin ard\u0131ndan g\u00fcne\u015fte 5-6 g\u00fcn kurumaya b\u0131rak\u0131ld\u0131\u011f\u0131n\u0131 ifade etti.<\/p>\n\n\n\n<p class=\"wp-block-paragraph\">\u0130stenilen kurulu\u011fa ula\u015fan domateslerin toplanarak filelere konuldu\u011funu ve ihracata haz\u0131r hale getirildi\u011fini belirten Polat, i\u015f\u00e7ilerin sabah 06.00 ile ak\u015fam 17.00 saatleri aras\u0131nda \u00e7al\u0131\u015ft\u0131\u011f\u0131n\u0131, g\u00fcnl\u00fck yevmiyenin ise 1.350 TL oldu\u011funu kaydetti.<\/p>\n\n\n\n<h2 class=\"wp-block-heading\">\u0130ZM\u0130R \u00dcZER\u0130NDEN AVRUPA VE ORTA DO\u011eU&#8217;YA \u0130HRA\u00c7 ED\u0130L\u0130YOR<\/h2>\n\n\n\n<p class=\"wp-block-paragraph\">Yakla\u015f\u0131k 12 y\u0131ld\u0131r kurutmal\u0131k domates sekt\u00f6r\u00fcnde faaliyet g\u00f6sterdiklerini belirten \u00fcretici Fatih Kolay, as\u0131l faaliyetlerinin kuru kay\u0131s\u0131 al\u0131m sat\u0131m\u0131 oldu\u011funu s\u00f6yledi.<\/p>\n\n\n\n<p class=\"wp-block-paragraph\">\u0130zmir&#8217;deki al\u0131c\u0131lar\u0131n talebi \u00fczerine alternatif \u00fcr\u00fcn olarak kurutmal\u0131k domates \u00fcretimine ba\u015flad\u0131klar\u0131n\u0131 belirten Kolay, yakla\u015f\u0131k 200-250 d\u00f6n\u00fcml\u00fck arazide \u00fcretim yapt\u0131klar\u0131n\u0131 ifade etti.<\/p>\n\n\n\n<p class=\"wp-block-paragraph\">May\u0131s ay\u0131nda ekim ve \u00e7apalama ile ba\u015flayan s\u00fcrecin hasat a\u015famas\u0131na geldi\u011fini belirten Kolay, sergi alanlar\u0131nda kesilip tuzlanan ve kurutulan domateslerin depolara, ard\u0131ndan \u0130zmir&#8217;e sevk edildi\u011fini s\u00f6yledi.<\/p>\n\n\n\n<p class=\"wp-block-paragraph\">Kolay, \u00fcr\u00fcnlerin \u0130zmir \u00fczerinden Orta Do\u011fu ve Avrupa \u00fclkelerine ihra\u00e7 edildi\u011fini belirtti.<\/p>\n\n\n\n<h2 class=\"wp-block-heading\">YA\u011eI\u015eLAR VER\u0130M\u0130 ARTIRDI<\/h2>\n\n\n\n<p class=\"wp-block-paragraph\">Hasat s\u00fcrecinin hava \u015fartlar\u0131na ba\u011fl\u0131 olarak yakla\u015f\u0131k 50 g\u00fcn devam edece\u011fini belirten Fatih Kolay, bu y\u0131lki iklim \u015fartlar\u0131 ve ya\u011f\u0131\u015flar\u0131n rekolteye olumlu yans\u0131d\u0131\u011f\u0131n\u0131 s\u00f6yledi.<\/p>\n\n\n\n<p class=\"wp-block-paragraph\">Kolay, \u00f6nceki y\u0131llara k\u0131yasla bu sezonun daha verimli ve kaliteli ge\u00e7ti\u011fini ifade etti.<\/p>\n","protected":false},"excerpt":{"rendered":"<p>Malatya&#8217;da alternatif \u00fcr\u00fcn olarak yeti\u015ftirilen kurutmal\u0131k domateste hasat ve kurutma mesaisi ba\u015flad\u0131. Tarlalardan toplanarak sergi&#8230;<\/p>\n","protected":false},"author":1,"featured_media":1468,"comment_status":"open","ping_status":"open","sticky":false,"template":"","format":"standard","meta":{"footnotes":""},"categories":[36],"tags":[],"class_list":["post-1467","post","type-post","status-publish","format-standard","has-post-thumbnail","hentry","category-ekonomi"],"_links":{"self":[{"href":"https:\/\/gundem44.com.tr\/index.php?rest_route=\/wp\/v2\/posts\/1467","targetHints":{"allow":["GET"]}}],"collection":[{"href":"https:\/\/gundem44.com.tr\/index.php?rest_route=\/wp\/v2\/posts"}],"about":[{"href":"https:\/\/gundem44.com.tr\/index.php?rest_route=\/wp\/v2\/types\/post"}],"author":[{"embeddable":true,"href":"https:\/\/gundem44.com.tr\/index.php?rest_route=\/wp\/v2\/users\/1"}],"replies":[{"embeddable":true,"href":"https:\/\/gundem44.com.tr\/index.php?rest_route=%2Fwp%2Fv2%2Fcomments&post=1467"}],"version-history":[{"count":1,"href":"https:\/\/gundem44.com.tr\/index.php?rest_route=\/wp\/v2\/posts\/1467\/revisions"}],"predecessor-version":[{"id":1469,"href":"https:\/\/gundem44.com.tr\/index.php?rest_route=\/wp\/v2\/posts\/1467\/revisions\/1469"}],"wp:featuredmedia":[{"embeddable":true,"href":"https:\/\/gundem44.com.tr\/index.php?rest_route=\/wp\/v2\/media\/1468"}],"wp:attachment":[{"href":"https:\/\/gundem44.com.tr\/index.php?rest_route=%2Fwp%2Fv2%2Fmedia&parent=1467"}],"wp:term":[{"taxonomy":"category","embeddable":true,"href":"https:\/\/gundem44.com.tr\/index.php?rest_route=%2Fwp%2Fv2%2Fcategories&post=1467"},{"taxonomy":"post_tag","embeddable":true,"href":"https:\/\/gundem44.com.tr\/index.php?rest_route=%2Fwp%2Fv2%2Ftags&post=1467"}],"curies":[{"name":"wp","href":"https:\/\/api.w.org\/{rel}","templated":true}]}}