{"id":1464,"date":"2026-08-26T16:26:25","date_gmt":"2026-08-26T16:26:25","guid":{"rendered":"https:\/\/gundem44.com.tr\/?p=1464"},"modified":"2026-08-26T16:26:26","modified_gmt":"2026-08-26T16:26:26","slug":"baskan-cengizden-mhp-genel-merkezine-ziyaret","status":"publish","type":"post","link":"https:\/\/gundem44.com.tr\/?p=1464","title":{"rendered":"Ba\u015fkan Cengiz\u2019den MHP Genel Merkezine Ziyaret"},"content":{"rendered":"\n<p class=\"wp-block-paragraph\">Malatya\u2019n\u0131n Kuluncak Belediye Ba\u015fkan\u0131 Erhan Cengiz, Milliyet\u00e7i Hareket Partisi (MHP) Genel Merkezi\u2019nde bir dizi ziyaret ger\u00e7ekle\u015ftirdi.<\/p>\n\n\n\n<p class=\"wp-block-paragraph\">Ba\u015fkan Cengiz, ziyaretleri kapsam\u0131nda MHP Genel Ba\u015fkan\u0131 Devlet Bah\u00e7eli, Yerel Y\u00f6netimlerden Sorumlu Genel Ba\u015fkan Yard\u0131mc\u0131s\u0131 Sadir Durmaz, Mesleki ve Sivil Toplum Kurulu\u015flar\u0131 ile \u0130li\u015fkilerden Sorumlu Genel Ba\u015fkan Yard\u0131mc\u0131s\u0131 Ya\u015far Y\u0131ld\u0131r\u0131m ve MHP Genel Sekreteri \u0130smet B\u00fcy\u00fckataman ile g\u00f6r\u00fc\u015ft\u00fc.<\/p>\n\n\n\n<p class=\"wp-block-paragraph\">Ziyaretlerin ard\u0131ndan a\u00e7\u0131klamalarda bulunan Ba\u015fkan Cengiz, Devlet Bah\u00e7eli\u2019nin hay\u0131r dualar\u0131n\u0131 ald\u0131klar\u0131n\u0131 belirtti.<\/p>\n\n\n\n<p class=\"wp-block-paragraph\">Cengiz, MHP Genel Ba\u015fkan\u0131 Devlet Bah\u00e7eli ile genel ba\u015fkan yard\u0131mc\u0131lar\u0131n\u0131 5 Eyl\u00fcl\u2019de Kuluncak\u2019ta d\u00fczenlenecek toplu a\u00e7\u0131l\u0131\u015f t\u00f6renine davet ettiklerini ifade etti.<\/p>\n\n\n\n<p class=\"wp-block-paragraph\">Ba\u015fkan Cengiz, nazik kabulleri, yak\u0131n ilgileri ve desteklerinden dolay\u0131 MHP Genel Ba\u015fkan\u0131 Devlet Bah\u00e7eli, genel ba\u015fkan yard\u0131mc\u0131lar\u0131 ve Genel Sekreter \u0130smet B\u00fcy\u00fckataman\u2019a te\u015fekk\u00fcr etti.<\/p>\n","protected":false},"excerpt":{"rendered":"<p>Malatya\u2019n\u0131n Kuluncak Belediye Ba\u015fkan\u0131 Erhan Cengiz, Milliyet\u00e7i Hareket Partisi (MHP) Genel Merkezi\u2019nde bir dizi ziyaret&#8230;<\/p>\n","protected":false},"author":1,"featured_media":1465,"comment_status":"open","ping_status":"open","sticky":false,"template":"","format":"standard","meta":{"footnotes":""},"categories":[16],"tags":[],"class_list":["post-1464","post","type-post","status-publish","format-standard","has-post-thumbnail","hentry","category-politika"],"_links":{"self":[{"href":"https:\/\/gundem44.com.tr\/index.php?rest_route=\/wp\/v2\/posts\/1464","targetHints":{"allow":["GET"]}}],"collection":[{"href":"https:\/\/gundem44.com.tr\/index.php?rest_route=\/wp\/v2\/posts"}],"about":[{"href":"https:\/\/gundem44.com.tr\/index.php?rest_route=\/wp\/v2\/types\/post"}],"author":[{"embeddable":true,"href":"https:\/\/gundem44.com.tr\/index.php?rest_route=\/wp\/v2\/users\/1"}],"replies":[{"embeddable":true,"href":"https:\/\/gundem44.com.tr\/index.php?rest_route=%2Fwp%2Fv2%2Fcomments&post=1464"}],"version-history":[{"count":1,"href":"https:\/\/gundem44.com.tr\/index.php?rest_route=\/wp\/v2\/posts\/1464\/revisions"}],"predecessor-version":[{"id":1466,"href":"https:\/\/gundem44.com.tr\/index.php?rest_route=\/wp\/v2\/posts\/1464\/revisions\/1466"}],"wp:featuredmedia":[{"embeddable":true,"href":"https:\/\/gundem44.com.tr\/index.php?rest_route=\/wp\/v2\/media\/1465"}],"wp:attachment":[{"href":"https:\/\/gundem44.com.tr\/index.php?rest_route=%2Fwp%2Fv2%2Fmedia&parent=1464"}],"wp:term":[{"taxonomy":"category","embeddable":true,"href":"https:\/\/gundem44.com.tr\/index.php?rest_route=%2Fwp%2Fv2%2Fcategories&post=1464"},{"taxonomy":"post_tag","embeddable":true,"href":"https:\/\/gundem44.com.tr\/index.php?rest_route=%2Fwp%2Fv2%2Ftags&post=1464"}],"curies":[{"name":"wp","href":"https:\/\/api.w.org\/{rel}","templated":true}]}}