{"id":146,"date":"2026-06-02T13:21:21","date_gmt":"2026-06-02T13:21:21","guid":{"rendered":"https:\/\/gundem44.com.tr\/?p=146"},"modified":"2026-06-02T13:21:22","modified_gmt":"2026-06-02T13:21:22","slug":"malatya-il-teskilatimiz-hakkinda-bilgi-arz-ettik","status":"publish","type":"post","link":"https:\/\/gundem44.com.tr\/?p=146","title":{"rendered":"\u201cMalatya \u0130l Te\u015fkilat\u0131m\u0131z Hakk\u0131nda Bilgi Arz Ettik\u201d"},"content":{"rendered":"\n<p class=\"wp-block-paragraph\">Milliyet\u00e7i Hareket Partisi Malatya Milletvekili Mehmet Fendo\u011flu ve MHP Malatya \u0130l Ba\u015fkan\u0131 Turgay \u015eeng\u00f6n\u00fcl, MHP Genel Ba\u015fkan\u0131 Devlet Bah\u00e7eli\u2019yi ziyaret ederek Kurban Bayram\u0131 dolay\u0131s\u0131yla bayram tebri\u011finde bulundu.<\/p>\n\n\n\n<p class=\"wp-block-paragraph\">Ziyarette, MHP Malatya \u0130l Te\u015fkilat\u0131n\u0131n \u00e7al\u0131\u015fmalar\u0131 hakk\u0131nda Bah\u00e7eli\u2019ye bilgi sunuldu\u011fu bildirildi. Fendo\u011flu ve \u015eeng\u00f6n\u00fcl, a\u00e7\u0131klamalar\u0131nda Malatya\u2019ya, te\u015fkilat mensuplar\u0131na ve hem\u015fehrilere y\u00f6nelik ilgi ve de\u011ferlendirmeler nedeniyle Bah\u00e7eli\u2019ye te\u015fekk\u00fcr etti.<\/p>\n\n\n\n<p class=\"wp-block-paragraph\">https:\/\/googleads.g.doubleclick.net\/pagead\/ads?client=ca-pub-1678997277091614&#038;output=html&#038;h=280&#038;slotname=1727990770&#038;adk=1328843467&#038;adf=1940669109&#038;pi=t.ma~as.1727990770&#038;w=833&#038;fwrn=4&#038;fwrnh=100&#038;lmt=1780406414&#038;rafmt=1&#038;format=833&#215;280&#038;url=https%3A%2F%2Fmalatyahaber.com%2Fhaber%2Fmalatya-il-teskilatmz-hakknda-bilgi-arz-ettik&#038;fwr=0&#038;fwrattr=true&#038;rpe=1&#038;resp_fmts=3&#038;uach=WyJXaW5kb3dzIiwiMTAuMC4wIiwieDg2IiwiIiwiMTQ4LjAuNzc3OC4yMTYiLG51bGwsMCxudWxsLCI2NCIsW1siQ2hyb21pdW0iLCIxNDguMC43Nzc4LjIxNiJdLFsiR29vZ2xlIENocm9tZSIsIjE0OC4wLjc3NzguMjE2Il0sWyJOb3QvQSlCcmFuZCIsIjk5LjAuMC4wIl1dLDBd&#038;abgtt=9&#038;dt=1780405724233&#038;bpp=1&#038;bdt=354&#038;idt=298&#038;shv=r20260601&#038;mjsv=m202605280101&#038;ptt=9&#038;saldr=aa&#038;abxe=1&#038;cookie=ID%3Db6f5170f0393e55c%3AT%3D1780105544%3ART%3D1780405998%3AS%3DALNI_MZ5fKXiLrmo3Z4y_I9wGRFQ1SQ5XA&#038;gpic=UID%3D000013b8e83beee5%3AT%3D1780105544%3ART%3D1780405998%3AS%3DALNI_MbSxZ27gcumuAyn8cMd6cKSxKc74A&#038;eo_id_str=ID%3D5579ba7a2e1d02de%3AT%3D1780105544%3ART%3D1780405998%3AS%3DAA-AfjYmiUI5GZk5FBuiYRZYok7z&#038;prev_fmts=0x0%2C833x280&#038;nras=1&#038;correlator=6743192423273&#038;frm=20&#038;pv=1&#038;u_tz=180&#038;u_his=1&#038;u_h=900&#038;u_w=1440&#038;u_ah=860&#038;u_aw=1440&#038;u_cd=32&#038;u_sd=1&#038;dmc=8&#038;adx=148&#038;ady=1874&#038;biw=1425&#038;bih=773&#038;scr_x=0&#038;scr_y=0&#038;eid=95390668%2C95390278&#038;oid=2&#038;pvsid=8934071924559508&#038;tmod=179755885&#038;uas=0&#038;nvt=1&#038;ref=https%3A%2F%2Fwww.google.com%2F&#038;fc=1920&#038;brdim=0%2C0%2C0%2C0%2C1440%2C0%2C1440%2C860%2C1440%2C773&#038;vis=1&#038;rsz=%7C%7CoEebr%7C&#038;abl=CS&#038;pfx=0&#038;fu=128&#038;bc=31&#038;plas=128x522_r&#038;bz=1&#038;ifi=3&#038;uci=a!3&#038;btvi=2&#038;fsb=1&#038;dtd=M<\/p>\n\n\n\n<p class=\"wp-block-paragraph\">Fendo\u011flu: \u201cMalatya \u0130l Te\u015fkilat\u0131m\u0131z hakk\u0131nda bilgi arz ettik\u201d<\/p>\n\n\n\n<p class=\"wp-block-paragraph\">MHP Malatya Milletvekili Mehmet Fendo\u011flu, ziyaretin ard\u0131ndan yapt\u0131\u011f\u0131 a\u00e7\u0131klamada, Devlet Bah\u00e7eli\u2019ye Malatya te\u015fkilat\u0131 hakk\u0131nda bilgi sunduklar\u0131n\u0131 belirtti.<\/p>\n\n\n\n<p class=\"wp-block-paragraph\">https:\/\/googleads.g.doubleclick.net\/pagead\/ads?client=ca-pub-1678997277091614&#038;output=html&#038;h=280&#038;slotname=1727990770&#038;adk=1328843467&#038;adf=3806693570&#038;pi=t.ma~as.1727990770&#038;w=833&#038;fwrn=4&#038;fwrnh=100&#038;lmt=1780406414&#038;rafmt=1&#038;format=833&#215;280&#038;url=https%3A%2F%2Fmalatyahaber.com%2Fhaber%2Fmalatya-il-teskilatmz-hakknda-bilgi-arz-ettik&#038;fwr=0&#038;fwrattr=true&#038;rpe=1&#038;resp_fmts=3&#038;uach=WyJXaW5kb3dzIiwiMTAuMC4wIiwieDg2IiwiIiwiMTQ4LjAuNzc3OC4yMTYiLG51bGwsMCxudWxsLCI2NCIsW1siQ2hyb21pdW0iLCIxNDguMC43Nzc4LjIxNiJdLFsiR29vZ2xlIENocm9tZSIsIjE0OC4wLjc3NzguMjE2Il0sWyJOb3QvQSlCcmFuZCIsIjk5LjAuMC4wIl1dLDBd&#038;abgtt=9&#038;dt=1780405724233&#038;bpp=1&#038;bdt=354&#038;idt=306&#038;shv=r20260601&#038;mjsv=m202605280101&#038;ptt=9&#038;saldr=aa&#038;abxe=1&#038;cookie=ID%3Db6f5170f0393e55c%3AT%3D1780105544%3ART%3D1780405998%3AS%3DALNI_MZ5fKXiLrmo3Z4y_I9wGRFQ1SQ5XA&#038;gpic=UID%3D000013b8e83beee5%3AT%3D1780105544%3ART%3D1780405998%3AS%3DALNI_MbSxZ27gcumuAyn8cMd6cKSxKc74A&#038;eo_id_str=ID%3D5579ba7a2e1d02de%3AT%3D1780105544%3ART%3D1780405998%3AS%3DAA-AfjYmiUI5GZk5FBuiYRZYok7z&#038;prev_fmts=0x0%2C833x280%2C833x280&#038;nras=1&#038;correlator=6743192423273&#038;frm=20&#038;pv=1&#038;u_tz=180&#038;u_his=1&#038;u_h=900&#038;u_w=1440&#038;u_ah=860&#038;u_aw=1440&#038;u_cd=32&#038;u_sd=1&#038;dmc=8&#038;adx=148&#038;ady=2275&#038;biw=1425&#038;bih=773&#038;scr_x=0&#038;scr_y=0&#038;eid=95390668%2C95390278&#038;oid=2&#038;pvsid=8934071924559508&#038;tmod=179755885&#038;uas=0&#038;nvt=1&#038;ref=https%3A%2F%2Fwww.google.com%2F&#038;fc=1920&#038;brdim=0%2C0%2C0%2C0%2C1440%2C0%2C1440%2C860%2C1440%2C773&#038;vis=1&#038;rsz=%7C%7CoEebr%7C&#038;abl=CS&#038;pfx=0&#038;fu=128&#038;bc=31&#038;plas=128x522_r&#038;bz=1&#038;ifi=4&#038;uci=a!4&#038;btvi=3&#038;fsb=1&#038;dtd=M<\/p>\n\n\n\n<p class=\"wp-block-paragraph\">Fendo\u011flu, a\u00e7\u0131klamas\u0131nda \u015fu ifadeleri kulland\u0131: \u201cT\u00fcrk D\u00fcnyas\u0131n\u0131n Bilge Lideri, Milliyet\u00e7i Hareket Partisi Genel Ba\u015fkan\u0131m\u0131z Say\u0131n Devlet Bah\u00e7eli\u2019yi, \u0130l Ba\u015fkan\u0131m\u0131z Turgay \u015eeng\u00f6n\u00fcl ile birlikte ziyaret ederek Kurban Bayram\u0131 m\u00fcnasebetiyle ge\u00e7mi\u015f bayramlar\u0131n\u0131 tebrik ettik. Liderimiz Say\u0131n Devlet Bah\u00e7eli&#8217;yi ziyaretimizde, Malatya \u0130l te\u015fkilat\u0131m\u0131z hakk\u0131nda kendilerine bilgi arz\u0131nda bulunduk. Say\u0131n Genel Ba\u015fkan\u0131m\u0131z\u0131n Malatya\u2019ya, te\u015fkilat mensuplar\u0131m\u0131za ve hem\u015fehrilerimize y\u00f6nelik yak\u0131n ilgileri ile k\u0131ymetli de\u011ferlendirmeleri bizler i\u00e7in yol g\u00f6sterici olmu\u015ftur. Liderimizin ortaya koydu\u011fu \u00dclk\u00fc ve hedefler do\u011frultusunda; devletimize, milletimize ve davam\u0131za hizmet etme anlay\u0131\u015f\u0131yla \u00e7al\u0131\u015fmalar\u0131m\u0131z\u0131 ayn\u0131 azim, kararl\u0131l\u0131k ve sorumluluk bilinci i\u00e7erisinde s\u00fcrd\u00fcrmeye devam edece\u011fiz.<\/p>\n\n\n\n<p class=\"wp-block-paragraph\">Rabbim birlik ve beraberli\u011fimizi daim, Devletimizi kaim, Milletimizi aziz eylesin.\u201d<\/p>\n\n\n\n<p class=\"wp-block-paragraph\">\u015eeng\u00f6n\u00fcl: \u201cMalatya \u0130l Te\u015fkilat\u0131m\u0131z hakk\u0131nda emir ve talimatlar\u0131n\u0131 ald\u0131k\u201d<\/p>\n\n\n\n<p class=\"wp-block-paragraph\">MHP Malatya \u0130l Ba\u015fkan\u0131 Turgay \u015eeng\u00f6n\u00fcl de ziyarete ili\u015fkin a\u00e7\u0131klamas\u0131nda, Bah\u00e7eli\u2019ye Kurban Bayram\u0131 dolay\u0131s\u0131yla bayram tebriklerini ilettiklerini kaydetti.<\/p>\n\n\n\n<p class=\"wp-block-paragraph\">\u015eeng\u00f6n\u00fcl, a\u00e7\u0131klamas\u0131nda \u015fu s\u00f6zlere yer verdi: \u201cT\u00fcrk D\u00fcnyas\u0131n\u0131n Bilge Lideri, Milliyet\u00e7i Hareket Partisi Genel Ba\u015fkan\u0131m\u0131z Say\u0131n Devlet Bah\u00e7eli\u2019yi, Milletvekilimiz ile birlikte ziyaret ederek Kurban Bayram\u0131 m\u00fcnasebetiyle ge\u00e7mi\u015f bayramlar\u0131n\u0131 tebrik ettik. Liderimiz Say\u0131n Devlet Bah\u00e7eli\u2019yi ziyaretimizde, Malatya \u0130l te\u015fkilat\u0131m\u0131z hakk\u0131nda emir ve talimatlar\u0131n\u0131 ald\u0131k. Liderimize; Malatya\u2019m\u0131za, te\u015fkilat mensuplar\u0131m\u0131za ve hem\u015fehrilerimize y\u00f6nelik yak\u0131n ilgileri ile k\u0131ymetli de\u011ferlendirmeleri i\u00e7in te\u015fekk\u00fcr ediyoruz. Cenab-\u0131 Allah ba\u015f\u0131m\u0131zdan eksik etmesin \u0130n\u015faallah.\u201d<\/p>\n","protected":false},"excerpt":{"rendered":"<p>Milliyet\u00e7i Hareket Partisi Malatya Milletvekili Mehmet Fendo\u011flu ve MHP Malatya \u0130l Ba\u015fkan\u0131 Turgay \u015eeng\u00f6n\u00fcl, MHP&#8230;<\/p>\n","protected":false},"author":1,"featured_media":147,"comment_status":"open","ping_status":"open","sticky":false,"template":"","format":"standard","meta":{"footnotes":""},"categories":[16],"tags":[],"class_list":["post-146","post","type-post","status-publish","format-standard","has-post-thumbnail","hentry","category-politika"],"_links":{"self":[{"href":"https:\/\/gundem44.com.tr\/index.php?rest_route=\/wp\/v2\/posts\/146","targetHints":{"allow":["GET"]}}],"collection":[{"href":"https:\/\/gundem44.com.tr\/index.php?rest_route=\/wp\/v2\/posts"}],"about":[{"href":"https:\/\/gundem44.com.tr\/index.php?rest_route=\/wp\/v2\/types\/post"}],"author":[{"embeddable":true,"href":"https:\/\/gundem44.com.tr\/index.php?rest_route=\/wp\/v2\/users\/1"}],"replies":[{"embeddable":true,"href":"https:\/\/gundem44.com.tr\/index.php?rest_route=%2Fwp%2Fv2%2Fcomments&post=146"}],"version-history":[{"count":1,"href":"https:\/\/gundem44.com.tr\/index.php?rest_route=\/wp\/v2\/posts\/146\/revisions"}],"predecessor-version":[{"id":148,"href":"https:\/\/gundem44.com.tr\/index.php?rest_route=\/wp\/v2\/posts\/146\/revisions\/148"}],"wp:featuredmedia":[{"embeddable":true,"href":"https:\/\/gundem44.com.tr\/index.php?rest_route=\/wp\/v2\/media\/147"}],"wp:attachment":[{"href":"https:\/\/gundem44.com.tr\/index.php?rest_route=%2Fwp%2Fv2%2Fmedia&parent=146"}],"wp:term":[{"taxonomy":"category","embeddable":true,"href":"https:\/\/gundem44.com.tr\/index.php?rest_route=%2Fwp%2Fv2%2Fcategories&post=146"},{"taxonomy":"post_tag","embeddable":true,"href":"https:\/\/gundem44.com.tr\/index.php?rest_route=%2Fwp%2Fv2%2Ftags&post=146"}],"curies":[{"name":"wp","href":"https:\/\/api.w.org\/{rel}","templated":true}]}}