{"id":1440,"date":"2026-08-26T13:07:31","date_gmt":"2026-08-26T13:07:31","guid":{"rendered":"https:\/\/gundem44.com.tr\/?p=1440"},"modified":"2026-08-26T13:07:31","modified_gmt":"2026-08-26T13:07:31","slug":"omer-celik-sdgnin-feshiyle-onemli-bir-esik-asildi","status":"publish","type":"post","link":"https:\/\/gundem44.com.tr\/?p=1440","title":{"rendered":"\u00d6mer \u00c7elik: SDG&#8217;nin feshiyle \u00f6nemli bir e\u015fik a\u015f\u0131ld\u0131"},"content":{"rendered":"<p><img decoding=\"async\" src=\"https:\/\/images.ntv.com.tr\/images\/\u00f6mer\u00e7elikakparti-301324.jpg?width=930&amp;format=webp\" class=\"type:primaryImage\" alt=\"\u00d6mer \u00c7elik: SDG&apos;nin feshiyle \u00f6nemli bir e\u015fik a\u015f\u0131ld\u0131\" \/><\/p>\n<p>AK Parti S\u00f6zc\u00fcs\u00fc \u00d6mer \u00c7elik, SDG&#8217;nin feshiyle ilgili Suriye\u2019nin i\u00e7 b\u00fct\u00fcnl\u00fc\u011f\u00fcn\u00fc g\u00fc\u00e7lendirme a\u00e7\u0131s\u0131ndan \u00f6nemli bir e\u015fi\u011fin a\u015f\u0131ld\u0131\u011f\u0131n\u0131 s\u00f6yledi. <\/p>\n<p>SGD \/ YPG ter\u00f6r \u00f6rg\u00fct\u00fcn\u00fcn kendini feshederek Suriye Ordusu&#8217;na entegre olmas\u0131, ba\u015fta T\u00fcrkiye olmak \u00fczere uluslararas\u0131 kamuoyunda ilgiyle takip edildi.<\/p>\n<p>&nbsp;<\/p>\n<p>\u00d6rg\u00fct\u00fcn eleba\u015flar\u0131ndan Mazlum Abdi, T\u00fcrkiye&#8217;deki \u00e7\u00f6z\u00fcm s\u00fcrecinin ilk aylar\u0131nda kendilerine d\u00f6n\u00fck \u00e7a\u011fr\u0131lara yan\u0131t verirken Abdullah \u00d6calan ile do\u011frudan g\u00f6r\u00fc\u015fmeleri gerekti\u011fini savunmu\u015ftu.<\/p>\n<p>&nbsp;<\/p>\n<p>Bu s\u0131rada \u00d6calan&#8217;\u0131n \u00e7a\u011fr\u0131s\u0131yla 5-7 May\u0131s 2025&#8217;te kongresini toplayan PKK, ter\u00f6r \u00f6rg\u00fct\u00fcn\u00fcn feshedildi\u011fini a\u00e7\u0131klam\u0131\u015ft\u0131.<\/p>\n<p>&nbsp;<\/p>\n<p>T\u00fcrkiye, SDG&#8217;nin ana omurgas\u0131n\u0131 olu\u015fturan YPG&#8217;nin PKK&#8217;n\u0131n uzant\u0131s\u0131 oldu\u011funu vurguluyor, \u00f6rg\u00fct\u00fcn silah b\u0131rakma karar\u0131n\u0131n SDG&#8217;yi de kapsamas\u0131 gerekti\u011fini belirtiyordu.<\/p>\n<p>&nbsp;<\/p>\n<p>Beklenen ad\u0131m, 25 A\u011fustos 2026 tarihi itibariyle at\u0131lm\u0131\u015f oldu.<\/p>\n<p>&nbsp;<\/p>\n<p>AK Parti S\u00f6zc\u00fcs\u00fc \u00d6mer \u00c7elik de &nbsp;<a href=\"https:\/\/www.ntv.com.tr\/turkiye\/galeri-ankara-sdgnin-feshedilmesine-nasil-bakiyor-1739007\/1\">SDG&#8217;nin fesih karar\u0131<\/a>na ili\u015fkin a\u00e7\u0131klama yapt\u0131.&nbsp;<\/p>\n<p>&nbsp;<\/p>\n<p>Sosyal medya hesab\u0131ndan payla\u015f\u0131mda bulunan AK Parti S\u00f6zc\u00fcs\u00fc, \u201cSay\u0131n Cumhurba\u015fkan\u0131m\u0131z karde\u015f Suriye\u2019nin \u00fczerine karanl\u0131\u011f\u0131n \u00e7\u00f6kt\u00fc\u011f\u00fc en zor g\u00fcnlerde, Suriyeli karde\u015flerimizin tamam\u0131n\u0131 ter\u00f6rden ve emperyalist sald\u0131r\u0131lardan korumak i\u00e7in b\u00fcy\u00fck bir m\u00fccadele verdi. Bu soylu m\u00fccadeleye y\u0131llar ve tarih \u015fahittir.\u201d ifadelerine yer verdi\u011fi a\u00e7\u0131klamas\u0131na \u015f\u00f6yle devam etti:<\/p>\n<p>&nbsp;<\/p>\n<p>&#8220;Suriye\u2019nin egemenli\u011finin ve toprak b\u00fct\u00fcnl\u00fc\u011f\u00fcn\u00fcn korunmas\u0131n\u0131 her zaman destekliyoruz. Suriye gelece\u011fe bir ve b\u00fct\u00fcn olarak ilerlemelidir.<\/p>\n<p>&nbsp;<\/p>\n<p><strong>\u201c\u00d6NEML\u0130 B\u0130R E\u015e\u0130K GE\u00c7\u0130LM\u0130\u015e OLDU\u201d<\/strong><\/p>\n<p>&nbsp;<\/p>\n<p>SDG\u2019nin feshedilmesinden sonra Suriye\u2019nin i\u00e7 b\u00fct\u00fcnl\u00fc\u011f\u00fcn\u00fc g\u00fc\u00e7lendirme a\u00e7\u0131s\u0131ndan \u00f6nemli bir e\u015fik ge\u00e7ilmi\u015f oldu.<\/p>\n<p>&nbsp;<\/p>\n<p>\u015eara y\u00f6netiminin kapsay\u0131c\u0131 y\u00f6netim ad\u0131mlar\u0131, Suriye\u2019nin ge\u00e7mi\u015fin karanl\u0131klar\u0131ndan kurtulmas\u0131 ve sa\u011flam bir gelece\u011fe ilerlemesi y\u00f6n\u00fcnde \u00e7ok \u00f6nemli mesafeler katetmesini sa\u011fl\u0131yor.<\/p>\n<p>&nbsp;<\/p>\n<p>\u201cTer\u00f6rs\u00fcz T\u00fcrkiye\u201d ve \u201cter\u00f6rs\u00fcz b\u00f6lge\u201d hedeflerimiz, kendi \u00e7\u0131karlar\u0131 i\u00e7in yak\u0131n co\u011frafyam\u0131z\u0131 par\u00e7alamak ve ya\u011fmalamak isteyenlerin planlar\u0131n\u0131 akamete u\u011fratacak bir iradeyi temsil ediyor. Bu irade, yak\u0131n co\u011frafyam\u0131zdaki K\u00fcrt karde\u015flerimiz i\u00e7in de ayd\u0131nl\u0131k bir gelece\u011fi i\u015faret ediyor.<\/p>\n<p>&nbsp;<\/p>\n<p><strong>\u201cKARDE\u015eL\u0130K S\u0130YASET\u0130M\u0130Z\u0130 DESTEKLEMEYE DEVAM EDECE\u011e\u0130Z\u201d<\/strong><\/p>\n<p>&nbsp;<\/p>\n<p>Suriye\u2019nin ve kom\u015fu \u00fclkelerin istikrar\u0131, g\u00fcvenli\u011fi refah\u0131 i\u00e7in at\u0131lan her ad\u0131m\u0131, Cumhurba\u015fkan\u0131m\u0131z\u0131n in\u015fa etti\u011fi \u201ckarde\u015flik siyaseti\u201dmizin gere\u011fi olarak desteklemeye devam edece\u011fiz.&#8221;<\/p>\n<p>&nbsp;<\/p>\n<p><strong>\u0130LET\u0130\u015e\u0130M BA\u015eKANI DURAN: SDG&#8217;N\u0130N FESHED\u0130LMES\u0130 SUR\u0130YE&#8217;N\u0130N \u0130ST\u0130KRARI \u0130\u00c7\u0130N B\u00dcY\u00dcK \u00d6NEM TA\u015eIYOR<\/strong><\/p>\n<p>&nbsp;<\/p>\n<p>\u0130leti\u015fim Ba\u015fkan\u0131 Duran&#8217;dan da \u201cT\u00fcrkiye, kirli hesaplara ve senaryolara kar\u015f\u0131 Suriye\u2019nin yeniden aya\u011fa kalkmas\u0131n\u0131 ve Suriye halk\u0131n\u0131n b\u00fct\u00fcn unsurlar\u0131yla bar\u0131\u015f ve refah i\u00e7inde ya\u015famas\u0131n\u0131 desteklemeyi s\u00fcrd\u00fcrecektir.\u201d mesaj\u0131n\u0131 verdi\u011fi bir a\u00e7\u0131klama geldi.&nbsp;<\/p>\n<p>&nbsp;<\/p>\n<p>Duran, sosyal medya hesab\u0131ndan yapt\u0131\u011f\u0131 a\u00e7\u0131klamada \u015funlar\u0131 kaydetti:<\/p>\n<p>&nbsp;<\/p>\n<p>&#8220;T\u00fcrkiye, Suriye krizinin ilk g\u00fcn\u00fcnden itibaren ter\u00f6r \u00f6rg\u00fctlerinin ve d\u0131\u015f m\u00fcdahalelerin \u00fclkeyi par\u00e7alama giri\u015fimlerine kar\u015f\u0131 ilkeli ve kararl\u0131 bir tutum sergilemi\u015ftir. Cumhurba\u015fkan\u0131m\u0131z Say\u0131n Recep Tayyip Erdo\u011fan\u2019\u0131n liderli\u011finde ortaya konulan bu yakla\u015f\u0131m\u0131n merkezinde, Suriye\u2019nin gelece\u011fine yaln\u0131zca Suriye halk\u0131n\u0131n iradesinin y\u00f6n vermesi gerekti\u011fi anlay\u0131\u015f\u0131 bulunmaktad\u0131r.<\/p>\n<p>&nbsp;<\/p>\n<p>Bug\u00fcn gelinen noktada SDG\u2019nin feshedilmesi, devlet otoritesinin \u00fclke genelinde g\u00fc\u00e7lendirilmesi ve farkl\u0131 toplumsal kesimlerin ortak bir siyasi zeminde bulu\u015fturulmas\u0131 bak\u0131m\u0131ndan \u00f6nemli bir geli\u015fmedir. Suriye y\u00f6netiminin kapsay\u0131c\u0131l\u0131\u011f\u0131 esas alan ad\u0131mlar\u0131n\u0131n devam etmesi, kal\u0131c\u0131 istikrar\u0131n tesisi a\u00e7\u0131s\u0131ndan b\u00fcy\u00fck \u00f6nem ta\u015f\u0131maktad\u0131r.<\/p>\n<p>&nbsp;<\/p>\n<p><strong>\u201cT\u00dcRK\u0130YE&#8217;N\u0130N TER\u00d6RS\u00dcZ T\u00dcRK\u0130YE V\u0130ZYONU DA BU ANLAYI\u015eIN B\u00d6LGESEL \u0130FADES\u0130\u201d<\/strong><\/p>\n<p>&nbsp;<\/p>\n<p>T\u00fcrkiye\u2019nin \u201cTer\u00f6rs\u00fcz T\u00fcrkiye\u201d ve \u201cTer\u00f6rs\u00fcz B\u00f6lge\u201d vizyonu da bu anlay\u0131\u015f\u0131n b\u00f6lgesel \u00f6l\u00e7ekteki ifadesidir. Etnik, mezheb\u00ee ve toplumsal farkl\u0131l\u0131klar\u0131n \u00e7at\u0131\u015fma arac\u0131 h\u00e2line getirilmedi\u011fi, ter\u00f6r \u00f6rg\u00fctlerinin vesayetinden ar\u0131nd\u0131r\u0131lm\u0131\u015f, s\u0131n\u0131rlar\u0131n ve egemenlik haklar\u0131n\u0131n korundu\u011fu b\u00f6lgesel bir d\u00fczenin tesis edilmesi olduk\u00e7a \u00f6nemlidir. \u00c7\u00fcnk\u00fc b\u00f6lgenin b\u00fct\u00fcn halklar\u0131 i\u00e7in ger\u00e7ek g\u00fcvence; ayr\u0131\u015fmada ve d\u0131\u015far\u0131dan dayat\u0131lan projelerde de\u011fil, ortak gelecekte, huzurda ve istikrardad\u0131r.<\/p>\n<p>&nbsp;<\/p>\n<p>T\u00fcrkiye, kirli hesaplara ve senaryolara kar\u015f\u0131 Suriye\u2019nin yeniden aya\u011fa kalkmas\u0131n\u0131 ve Suriye halk\u0131n\u0131n b\u00fct\u00fcn unsurlar\u0131yla bar\u0131\u015f ve refah i\u00e7inde ya\u015famas\u0131n\u0131 desteklemeyi s\u00fcrd\u00fcrecektir.&#8221;<\/p>\n","protected":false},"excerpt":{"rendered":"<p>AK Parti S\u00f6zc\u00fcs\u00fc \u00d6mer \u00c7elik, SDG&#8217;nin feshiyle ilgili Suriye\u2019nin i\u00e7 b\u00fct\u00fcnl\u00fc\u011f\u00fcn\u00fc g\u00fc\u00e7lendirme a\u00e7\u0131s\u0131ndan \u00f6nemli bir&#8230;<\/p>\n","protected":false},"author":1,"featured_media":1252,"comment_status":"open","ping_status":"open","sticky":false,"template":"","format":"standard","meta":{"footnotes":""},"categories":[14],"tags":[],"class_list":["post-1440","post","type-post","status-publish","format-standard","has-post-thumbnail","hentry","category-son-dakika"],"_links":{"self":[{"href":"https:\/\/gundem44.com.tr\/index.php?rest_route=\/wp\/v2\/posts\/1440","targetHints":{"allow":["GET"]}}],"collection":[{"href":"https:\/\/gundem44.com.tr\/index.php?rest_route=\/wp\/v2\/posts"}],"about":[{"href":"https:\/\/gundem44.com.tr\/index.php?rest_route=\/wp\/v2\/types\/post"}],"author":[{"embeddable":true,"href":"https:\/\/gundem44.com.tr\/index.php?rest_route=\/wp\/v2\/users\/1"}],"replies":[{"embeddable":true,"href":"https:\/\/gundem44.com.tr\/index.php?rest_route=%2Fwp%2Fv2%2Fcomments&post=1440"}],"version-history":[{"count":0,"href":"https:\/\/gundem44.com.tr\/index.php?rest_route=\/wp\/v2\/posts\/1440\/revisions"}],"wp:featuredmedia":[{"embeddable":true,"href":"https:\/\/gundem44.com.tr\/index.php?rest_route=\/wp\/v2\/media\/1252"}],"wp:attachment":[{"href":"https:\/\/gundem44.com.tr\/index.php?rest_route=%2Fwp%2Fv2%2Fmedia&parent=1440"}],"wp:term":[{"taxonomy":"category","embeddable":true,"href":"https:\/\/gundem44.com.tr\/index.php?rest_route=%2Fwp%2Fv2%2Fcategories&post=1440"},{"taxonomy":"post_tag","embeddable":true,"href":"https:\/\/gundem44.com.tr\/index.php?rest_route=%2Fwp%2Fv2%2Ftags&post=1440"}],"curies":[{"name":"wp","href":"https:\/\/api.w.org\/{rel}","templated":true}]}}