{"id":1439,"date":"2026-08-26T13:07:31","date_gmt":"2026-08-26T13:07:31","guid":{"rendered":"https:\/\/gundem44.com.tr\/?p=1439"},"modified":"2026-08-26T13:07:31","modified_gmt":"2026-08-26T13:07:31","slug":"istanbulda-sonbahar-provasi-hava-bir-anda-soguyacak-saganak-bastiracak","status":"publish","type":"post","link":"https:\/\/gundem44.com.tr\/?p=1439","title":{"rendered":"\u0130stanbul&#8217;da sonbahar provas\u0131. Hava bir anda so\u011fuyacak, sa\u011fanak bast\u0131racak"},"content":{"rendered":"<p><img decoding=\"async\" src=\"https:\/\/images.ntv.com.tr\/images\/6-824866.jpg?width=930&amp;format=webp\" class=\"type:primaryImage\" alt=\"\u0130stanbul&apos;da sonbahar provas\u0131. Hava bir anda so\u011fuyacak, sa\u011fanak bast\u0131racak\" \/><\/p>\n<p>\u0130stanbul&#8217;da &#8220;sonbahar provas\u0131&#8221; i\u00e7in tarih verildi. Megakentte s\u0131cakl\u0131k bir anda 23 &#8211; 24 derece seviyelerine d\u00fc\u015fecek ve sa\u011fanak ya\u011f\u0131\u015f ba\u015flayacak. <\/p>\n<p>Cuma g\u00fcn\u00fc T\u00fcrkiye&#8217;ye sezonun ilk ya\u011f\u0131\u015fl\u0131 ve serin havas\u0131 gelecek.<\/p>\n<p>&nbsp;<\/p>\n<p>\u0130stanbul&#8217;da hafta ortas\u0131na kadar etkisini s\u00fcrd\u00fcrecek s\u0131cakl\u0131klar\u0131n, cuma g\u00fcn\u00fcnden itibaren kuzeyden gelecek serin havayla hissedilir derecede azalmas\u0131 ve yerini ya\u011f\u0131\u015fl\u0131 havaya b\u0131rakmas\u0131 bekleniyor.<\/p>\n<p>&nbsp;<\/p>\n<p>Megakentte hava per\u015fembe g\u00fcn\u00fc a\u00e7\u0131k, 29 derece olacak. Cuma s\u0131cakl\u0131k 23-24 dereceye kadar inecek. Hava r\u00fczgarl\u0131 ve ya\u011fmurlu olacak.<\/p>\n<p>S\u0131cakl\u0131klar Ankara 34, Bursa 33, \u0130zmir 36 derece dolaylar\u0131nda seyredecek. Ankara ve Bursa&#8217;ya da cuma g\u00fcn\u00fc ya\u011fmur gelecek.<\/p>\n<p>&nbsp;<\/p>\n<p>Marmara&#8217;da s\u0131cakl\u0131klar Edirne&#8217;de 35, Sakarya&#8217;da 32 dereceyi g\u00f6recek. Cuma sonbahar havas\u0131 var. Ya\u011fmurlu, r\u00fczgarl\u0131 ve serin olacak.<\/p>\n<p>&nbsp;<\/p>\n<p>\u0130\u00e7 Anadolu&#8217;da termometreler Eski\u015fehir&#8217;de 31, Kayseri&#8217;de 34 dereceyi g\u00f6sterecek. Uzun zaman sonra cuma g\u00fcn\u00fc ya\u011fmur g\u00f6r\u00fclecek ve s\u0131cakl\u0131k d\u00fc\u015fecek.<\/p>\n<p>Ege&#8217;de s\u0131cakl\u0131klar Manisa&#8217;da 37, Mu\u011fla&#8217;da 39 dereceye kadar \u00e7\u0131kacak. Cuma g\u00fcn\u00fcne gelindi\u011findeyse kuvveti r\u00fczgarla bu b\u00f6lge de 5-6 derece serinleyecek.<\/p>\n<p>&nbsp;<\/p>\n<p>Akdeniz&#8217;de nem oran\u0131 d\u00fc\u015f\u00fcyor. Adana&#8217;da s\u0131cakl\u0131klar 38, Hatay&#8217;da 35 derece olacak. Cuma g\u00fcn\u00fc Adana b\u00f6l\u00fcm\u00fcnde ya\u011fmur var.<\/p>\n<p>&nbsp;<\/p>\n<p>Karadeniz&#8217;de Bolu 29, Samsun 30 derece. Cuma g\u00fcn\u00fc serin hava ve sa\u011fanak ya\u011f\u0131\u015f ba\u015flayacak.<\/p>\n<p>Do\u011fu&#8217;da Erzincan, Kars boyunca sa\u011fanak ya\u011f\u0131\u015f devam ediyor. Erzurum 28, Malatya 33 derece olacak. G\u00fcneydo\u011fu&#8217;ya da cuma g\u00fcn\u00fc ya\u011fmur gelecek.<\/p>\n<p>&nbsp;<\/p>\n<p>Baz\u0131 d\u0131\u015f merkezlerde Lefko\u015fa a\u00e7\u0131k 38, Londra \u015fiddetli ya\u011fmurlu 24 derece olacak.<\/p>\n<p>Bo\u011fazi\u00e7i \u00dcniversitesi Kandilli Rasathanesi ve Deprem Ara\u015ft\u0131rma Enstit\u00fcs\u00fc Meteoroloji Laboratuvar\u0131&#8217;nda g\u00f6revli meteoroloji m\u00fchendisi Adil Tek, Anadolu Ajans\u0131&#8217;na (AA) verdi\u011fi deme\u00e7te bu tablonun \u201cola\u011fan\u201d oldu\u011funu s\u00f6yledi.&nbsp;<\/p>\n<p>&nbsp;<\/p>\n<p>Kuzey Afrika k\u00f6kenli bir ak\u0131\u015f ve y\u00fcksek bas\u0131nc\u0131n var oldu\u011funu, bunun da s\u0131cakl\u0131klar\u0131 bu hafta art\u0131rd\u0131\u011f\u0131n\u0131 belirten Tek, &#8220;Hafta sonundan itibaren devam eden Kuzey Afrikal\u0131 ak\u0131\u015flar, bug\u00fcnden itibaren tam Kuzey Afrika k\u00f6kenli olmamakla birlikte Akdeniz \u00fczerinden bir paralel ak\u0131\u015fa, normal enlemsel de\u011ferlerle bir ak\u0131\u015fa d\u00f6n\u00fc\u015ft\u00fc. \u00d6zellikle per\u015fembeden itibaren kuzeyden gelen nispeten serin hava, kuzey b\u00f6lgeleri rahatlatacak.&#8221; ifadelerini kulland\u0131.<\/p>\n<p>Cumadan itibaren kuzeyden gelen ak\u0131\u015f\u0131n g\u00f6r\u00fclmeye ba\u015flanaca\u011f\u0131n\u0131 anlatan Tek, \u015funlar\u0131 kaydetti:<\/p>\n<p>&nbsp;<\/p>\n<p>&#8220;Bu ak\u0131\u015f\u0131n beraberinde ya\u011f\u0131\u015flar var. \u0130stanbul genelinde cuma g\u00fcn\u00fc bir ya\u011f\u0131\u015f beklentisi var. Anadolu Yakas\u0131 daha fazla ya\u011f\u0131\u015f alabilir ama neredeyse t\u00fcm il\u00e7eler ya\u011f\u0131\u015f al\u0131yor. Kuzeyli bir ak\u0131\u015f geldi\u011fi i\u00e7in kuzey il\u00e7elerde risk biraz daha y\u00fcksek. Bununla birlikte Beylikd\u00fcz\u00fc, Bak\u0131rk\u00f6y gibi il\u00e7eler de ya\u011f\u0131\u015f alan yerler aras\u0131nda. Per\u015fembe g\u00fcn\u00fc 31-32 derecelerde olan s\u0131cakl\u0131klar, cuma g\u00fcn\u00fc bir anda 21 derecelere kadar d\u00fc\u015f\u00fcyor. Beraberinde kuvvetli r\u00fczgarlar var. &#8216;Bu ne s\u0131cakt\u0131, bu ne so\u011fuk?&#8217; diyece\u011fiz.&#8221;<\/p>\n<p><span>&#8220;\u0130STANBULLULAR B\u0130RAZCIK \u00dc\u015e\u00dcYECEK&#8221;<\/span><\/p>\n<p>Tek, ya\u011f\u0131\u015flar\u0131n, cuma sabah\u0131 zay\u0131f \u015fekilde ba\u015flay\u0131p \u00f6\u011fleden sonra biraz daha kuvvetlenece\u011fini belirterek, &#8220;Cumartesi \u00f6\u011flen saatlerinden ak\u015fama kadar aral\u0131klarla devam eden ya\u011f\u0131\u015f ge\u00e7i\u015fleri g\u00f6rece\u011fiz. Pazar g\u00fcn\u00fcnden itibaren o ya\u011f\u0131\u015f etkisini kaybetmi\u015f olacak. 23-24 derecelere d\u00fc\u015fen s\u0131cakl\u0131klar da tekrar 28-29 derecelere \u00e7\u0131kmaya ba\u015fl\u0131yor. \u00d6n\u00fcm\u00fczdeki hafta da \u00e7ok s\u0131cak olmamakla birlikte yine o yaz g\u00fcnleri devam edecek. \u00d6zellikle cuma g\u00fcn\u00fc \u00f6\u011fleden sonra, cumartesi sabah\u0131, gece \u0130stanbullular birazc\u0131k \u00fc\u015f\u00fcd\u00fcklerini hissedecek. Ge\u00e7i\u015flerden dolay\u0131 s\u0131cakl\u0131klar 18 derecelere kadar \u0130stanbul&#8217;da inebilir.&#8221; dedi.<\/p>\n<p>\u0130\u00e7 Anadolu, Karadeniz ve Akdeniz&#8217;in i\u00e7 kesimlerinde de cumartesi g\u00fcn\u00fc kuvvetli ya\u011f\u0131\u015flar\u0131n g\u00f6r\u00fclebilece\u011fini dile getiren Tek, &#8220;Cumartesi g\u00fcn\u00fc \u00f6zellikle \u0130stanbul ile birlikte Marmara&#8217;n\u0131n do\u011fusu ve g\u00fcney kesimleri ya\u011f\u0131\u015fl\u0131 havan\u0131n etkisinde kal\u0131yor. Cumartesi ak\u015fam saatlerinden itibaren do\u011fuya kayarak biraz daha etkisini bat\u0131 b\u00f6lgelerinde kaybediyor.&#8221; bilgisini verdi.<\/p>\n","protected":false},"excerpt":{"rendered":"<p>\u0130stanbul&#8217;da &#8220;sonbahar provas\u0131&#8221; i\u00e7in tarih verildi. Megakentte s\u0131cakl\u0131k bir anda 23 &#8211; 24 derece seviyelerine&#8230;<\/p>\n","protected":false},"author":1,"featured_media":1252,"comment_status":"open","ping_status":"open","sticky":false,"template":"","format":"standard","meta":{"footnotes":""},"categories":[14],"tags":[],"class_list":["post-1439","post","type-post","status-publish","format-standard","has-post-thumbnail","hentry","category-son-dakika"],"_links":{"self":[{"href":"https:\/\/gundem44.com.tr\/index.php?rest_route=\/wp\/v2\/posts\/1439","targetHints":{"allow":["GET"]}}],"collection":[{"href":"https:\/\/gundem44.com.tr\/index.php?rest_route=\/wp\/v2\/posts"}],"about":[{"href":"https:\/\/gundem44.com.tr\/index.php?rest_route=\/wp\/v2\/types\/post"}],"author":[{"embeddable":true,"href":"https:\/\/gundem44.com.tr\/index.php?rest_route=\/wp\/v2\/users\/1"}],"replies":[{"embeddable":true,"href":"https:\/\/gundem44.com.tr\/index.php?rest_route=%2Fwp%2Fv2%2Fcomments&post=1439"}],"version-history":[{"count":0,"href":"https:\/\/gundem44.com.tr\/index.php?rest_route=\/wp\/v2\/posts\/1439\/revisions"}],"wp:featuredmedia":[{"embeddable":true,"href":"https:\/\/gundem44.com.tr\/index.php?rest_route=\/wp\/v2\/media\/1252"}],"wp:attachment":[{"href":"https:\/\/gundem44.com.tr\/index.php?rest_route=%2Fwp%2Fv2%2Fmedia&parent=1439"}],"wp:term":[{"taxonomy":"category","embeddable":true,"href":"https:\/\/gundem44.com.tr\/index.php?rest_route=%2Fwp%2Fv2%2Fcategories&post=1439"},{"taxonomy":"post_tag","embeddable":true,"href":"https:\/\/gundem44.com.tr\/index.php?rest_route=%2Fwp%2Fv2%2Ftags&post=1439"}],"curies":[{"name":"wp","href":"https:\/\/api.w.org\/{rel}","templated":true}]}}