{"id":1438,"date":"2026-08-26T13:07:31","date_gmt":"2026-08-26T13:07:31","guid":{"rendered":"https:\/\/gundem44.com.tr\/?p=1438"},"modified":"2026-08-26T13:07:31","modified_gmt":"2026-08-26T13:07:31","slug":"babadan-kalan-miras-kanli-bir-uniforma-ve-ataturkun-yazdigi-mektup","status":"publish","type":"post","link":"https:\/\/gundem44.com.tr\/?p=1438","title":{"rendered":"Babadan kalan miras: Kanl\u0131 bir \u00fcniforma ve Atat\u00fcrk&#8217;\u00fcn yazd\u0131\u011f\u0131 mektup"},"content":{"rendered":"<p><img decoding=\"async\" src=\"https:\/\/images.ntv.com.tr\/images\/KANLI\u00dcN\u0130FORMA-342021.png?width=930&amp;format=webp\" class=\"type:primaryImage\" alt=\"Babadan kalan miras: Kanl\u0131 bir \u00fcniforma ve Atat\u00fcrk&apos;\u00fcn yazd\u0131\u011f\u0131 mektup\" \/><\/p>\n<p>30 A\u011fustos Zaferi&#8217;nde on binlerce kahraman\u0131n katk\u0131s\u0131 var. Onlardan biri de Kemal Do\u011fan. Do\u011fan&#8217;\u0131n k\u0131z\u0131 Ayfer Neyzi, babas\u0131n\u0131n kanl\u0131 ve kur\u015fun delikli \u00fcniformas\u0131n\u0131 \u00f6zenle sakl\u0131yor. (Haber: Ya\u011f\u0131z \u015eenkal)<\/p>\n<p>26 A\u011fustos 1922&#8217;de; ba\u011f\u0131ms\u0131zl\u0131\u011fa, T\u00fcrkiye Cumhuriyeti&#8217;nin kurulmas\u0131na, y\u00f6nelik en b\u00fcy\u00fck ad\u0131m at\u0131ld\u0131. Mehmet\u00e7ik, Afyonkarahisar&#8217;da Yunan Ordusu&#8217;na kar\u015f\u0131 taarruza ba\u015flad\u0131.<\/p>\n<p>&nbsp;<\/p>\n<p>D\u00f6rt g\u00fcn s\u00fcren muharebe sonras\u0131nda i\u015fgalciler yenilgiye u\u011frat\u0131ld\u0131. Ba\u015fta Mustafa Kemal Atat\u00fcrk olmak \u00fczere 30 A\u011fustos Zaferi&#8217;nde on binlerce kahraman\u0131n katk\u0131s\u0131 var.<\/p>\n<p>Onlardan biri de top\u00e7ulara kumanda eden, Kemal Do\u011fan. Do\u011fan&#8217;\u0131n k\u0131z\u0131 Ayfer Neyzi babas\u0131ndan kalan kanl\u0131, kur\u015fun delikli as\u0131rl\u0131k \u00fcniformay\u0131 \u00f6zenle sakl\u0131yor.<\/p>\n<p>&nbsp;<\/p>\n<p>Babas\u0131n\u0131n \u00fcniformas\u0131n\u0131 g\u00f6steren Neyzi, &#8220;Irak Cephesi&#8217;nde vuruldu\u011fu zaman 1917&#8217;de \u00fcniformas\u0131nda kur\u015fun izi, \u00e7evresinde kan izleri var.&#8221; dedi.<\/p>\n<p><span>Kemal Do\u011fan<\/span><\/p>\n<p>Neyzi&#8217;nin &#8220;\u00c7\u0131lg\u0131n T\u00fcrk&#8221; diye nitelendirdi\u011fi babas\u0131 Kemal Do\u011fan, 1922&#8217;de Ba\u015fkomutanl\u0131k Meydan Muharebesi&#8217;nde top\u00e7ulara kumanda eden subaylardand\u0131.<\/p>\n<p>Ayfer Neyzi &#8220;Babam, B\u00fcy\u00fck Taarruz&#8217;da top\u00e7u ba\u015fm\u00fcfetti\u015fi olarak top\u00e7uya ate\u015f emrini veren ki\u015fidir. Atat\u00fcrk o s\u0131rada tepeden izliyor harekat\u0131 &#8216;Aferin Kemal, \u00e7ok iyi fevkalade Kemal diye yerinde sevin\u00e7le seslenirmi\u015f.&#8221; diye konu\u015ftu.<\/p>\n<p>Kemal Do\u011fan, Atat\u00fcrk ile beraber 19 May\u0131s 1919&#8217;da Samsun&#8217;a giden ekiptendi.<\/p>\n<p>&nbsp;<\/p>\n<p>Do\u011fan; 1911&#8217;de Libya&#8217;da, 1912&#8217;de Balkanlar&#8217;da, 1915&#8217;te Kafkasya&#8217;da, 1917&#8217;de Irak&#8217;ta, 1920&#8217;de Adana&#8217;da sava\u015ft\u0131, 2 kez vuruldu, yenilgi \u00fcst\u00fcne yenilgi g\u00f6rd\u00fc hi\u00e7 y\u0131lmad\u0131. Kemal Do\u011fan sonunda b\u00fcy\u00fck zaferi Dumlup\u0131nar&#8217;da 30 A\u011fustos 1922&#8217;de g\u00f6rd\u00fc.<\/p>\n<p><span>Ayfer Neyzi<\/span><\/p>\n<p>Kemal Do\u011fan&#8217;\u0131n k\u0131z\u0131 Ayfer Neyzi &#8220;Babam hi\u00e7bir yenilgiden y\u0131lmadan, tekrardan vuruluyor, iyile\u015fiyor, gidiyor. Yeniliyorlar, toparlan\u0131yorlar tekrar gidiyor bir ba\u015fka cepheye. Babam\u0131n annemle nikah\u0131n\u0131n k\u0131y\u0131ld\u0131\u011f\u0131 g\u00fcn 29 Ekim 1923&#8217;t\u00fcr. Babam vurulursam \u00f6l\u00fcrsem e\u015fim dul, \u00e7ocuklar\u0131m yetim kal\u0131r diye sava\u015f bitene kadar evlenmemi\u015f. Sava\u015f\u0131rken \u00f6lebilmek \u00f6zg\u00fcrl\u00fc\u011f\u00fcn\u00fc tadabilmek i\u00e7in evlenmemi\u015f.&#8221; diye konu\u015ftu.<\/p>\n<p>Kemal Do\u011fan&#8217;dan ailesine kalan bir \u00f6nemli miras da bir mektup. Mektup bizzat Mustafa Kemal Atat\u00fcrk taraf\u0131ndan Kemal Do\u011fan&#8217;a hitaben yaz\u0131lm\u0131\u015f. Tarih: 3 Eyl\u00fcl 1922 Yer: U\u015fak. Yani daha \u0130zmir kurtar\u0131lmadan Atat\u00fcrk bu mektubu kaleme alm\u0131\u015f.<\/p>\n<p>Osmanl\u0131ca yaz\u0131lan mektupta \u015fu ifadeler yer al\u0131yor:<\/p>\n<p>&nbsp;<\/p>\n<p>&#8220;Birinci Ordu Top\u00e7u M\u00fcfetti\u015fi Miralay Kemal Efendi&#8217;ye; Dumlup\u0131nar Meydan Sava\u015f\u0131&#8217;n\u0131n b\u00fcy\u00fck zaferinde size verilen g\u00f6revleri ola\u011fan\u00fcst\u00fc bir surette yerine getirmeyi ba\u015farman\u0131z\u0131 ve bu u\u011furda cansiperane ve fedakar gayret ve \u00e7al\u0131\u015fmalar\u0131n\u0131z\u0131 cidden takdir ve tebrik eder ve r\u00fctbenizin 31 A\u011fustos 1922\u2019den ge\u00e7erli olmak \u00fczere albayl\u0131\u011fa terfi edildi\u011fini bildiririm. Ba\u015fkomutan Mustafa Kemal.&#8221;<\/p>\n<p>&nbsp;<\/p>\n<p>Korgeneral r\u00fctbesinde emekli olan Kemal Do\u011fan, 1951&#8217;de ya\u015fam\u0131n\u0131 yitirmi\u015fti.<\/p>\n","protected":false},"excerpt":{"rendered":"<p>30 A\u011fustos Zaferi&#8217;nde on binlerce kahraman\u0131n katk\u0131s\u0131 var. Onlardan biri de Kemal Do\u011fan. Do\u011fan&#8217;\u0131n k\u0131z\u0131&#8230;<\/p>\n","protected":false},"author":1,"featured_media":1252,"comment_status":"open","ping_status":"open","sticky":false,"template":"","format":"standard","meta":{"footnotes":""},"categories":[14],"tags":[],"class_list":["post-1438","post","type-post","status-publish","format-standard","has-post-thumbnail","hentry","category-son-dakika"],"_links":{"self":[{"href":"https:\/\/gundem44.com.tr\/index.php?rest_route=\/wp\/v2\/posts\/1438","targetHints":{"allow":["GET"]}}],"collection":[{"href":"https:\/\/gundem44.com.tr\/index.php?rest_route=\/wp\/v2\/posts"}],"about":[{"href":"https:\/\/gundem44.com.tr\/index.php?rest_route=\/wp\/v2\/types\/post"}],"author":[{"embeddable":true,"href":"https:\/\/gundem44.com.tr\/index.php?rest_route=\/wp\/v2\/users\/1"}],"replies":[{"embeddable":true,"href":"https:\/\/gundem44.com.tr\/index.php?rest_route=%2Fwp%2Fv2%2Fcomments&post=1438"}],"version-history":[{"count":0,"href":"https:\/\/gundem44.com.tr\/index.php?rest_route=\/wp\/v2\/posts\/1438\/revisions"}],"wp:featuredmedia":[{"embeddable":true,"href":"https:\/\/gundem44.com.tr\/index.php?rest_route=\/wp\/v2\/media\/1252"}],"wp:attachment":[{"href":"https:\/\/gundem44.com.tr\/index.php?rest_route=%2Fwp%2Fv2%2Fmedia&parent=1438"}],"wp:term":[{"taxonomy":"category","embeddable":true,"href":"https:\/\/gundem44.com.tr\/index.php?rest_route=%2Fwp%2Fv2%2Fcategories&post=1438"},{"taxonomy":"post_tag","embeddable":true,"href":"https:\/\/gundem44.com.tr\/index.php?rest_route=%2Fwp%2Fv2%2Ftags&post=1438"}],"curies":[{"name":"wp","href":"https:\/\/api.w.org\/{rel}","templated":true}]}}