{"id":1430,"date":"2026-08-26T00:13:22","date_gmt":"2026-08-26T00:13:22","guid":{"rendered":"https:\/\/gundem44.com.tr\/?p=1430"},"modified":"2026-08-26T00:13:22","modified_gmt":"2026-08-26T00:13:22","slug":"buyuk-taarruzun-104-yil-donumu-dolayisiyla-zafer-yuruyusu-duzenlendi","status":"publish","type":"post","link":"https:\/\/gundem44.com.tr\/?p=1430","title":{"rendered":"B\u00fcy\u00fck Taarruz&#8217;un 104. y\u0131l d\u00f6n\u00fcm\u00fc dolay\u0131s\u0131yla &quot;Zafer Y\u00fcr\u00fcy\u00fc\u015f\u00fc&quot; d\u00fczenlendi"},"content":{"rendered":"<p><img decoding=\"async\" src=\"https:\/\/images.ntv.com.tr\/images\/AA-20260825-42306816-42306814-BUYUK_TAARRUZUN_104_YIL_DONUMU_DOLAYISIYLA_ZAFER_YURUYUSU_DUZENLENDI-863053.jpg?width=930&amp;format=webp\" class=\"type:primaryImage\" alt=\"B\u00fcy\u00fck Taarruz&apos;un 104. y\u0131l d\u00f6n\u00fcm\u00fc dolay\u0131s\u0131yla \" \/><\/p>\n<p>Afyonkarahisar&#8217;\u0131n \u015euhut il\u00e7esinde B\u00fcy\u00fck Taarruz&#8217;un 104. y\u0131l d\u00f6n\u00fcm\u00fc dolay\u0131s\u0131yla &#8220;Zafer Y\u00fcr\u00fcy\u00fc\u015f\u00fc&#8221; d\u00fczenlendi.<\/p>\n<p>Vali Naci Akta\u015f ve il protokol\u00fcn\u00fcn kat\u0131l\u0131m\u0131yla, \u00c7ak\u0131r\u00f6z\u00fc k\u00f6y\u00fcndeki okul bah\u00e7esinde program ger\u00e7ekle\u015ftirildi.<\/p>\n<p>Burada, askeri birlik &#8220;Komando And\u0131&#8221; okudu, T\u00fcrk Silahl\u0131 Kuvvetlerine ait video izlendi. Afyon Kocatepe \u00dcniversitesi Devlet Konservatuvar\u0131 m\u00fczik grubu kahramanl\u0131k t\u00fcrk\u00fcleri s\u00f6yledi.<\/p>\n<p>&nbsp;<\/p>\n<p>Vali Akta\u015f ve beraberindekiler, daha sonra Kara Kuvvetleri Bandosu ve Tarihi T\u00f6ren Tak\u0131m\u0131 e\u015fli\u011finde Kocatepe&#8217;ye do\u011fru &#8220;Zafer Y\u00fcr\u00fcy\u00fc\u015f\u00fc&#8221;n\u00fc ba\u015flatt\u0131.<\/p>\n<p>Y\u00fcr\u00fcy\u00fc\u015fe askeri birlik, gen\u00e7ler ve \u00e7ok say\u0131da vatanda\u015f kat\u0131ld\u0131.<\/p>\n","protected":false},"excerpt":{"rendered":"<p>Afyonkarahisar&#8217;\u0131n \u015euhut il\u00e7esinde B\u00fcy\u00fck Taarruz&#8217;un 104. y\u0131l d\u00f6n\u00fcm\u00fc dolay\u0131s\u0131yla &#8220;Zafer Y\u00fcr\u00fcy\u00fc\u015f\u00fc&#8221; d\u00fczenlendi. Vali Naci Akta\u015f&#8230;<\/p>\n","protected":false},"author":1,"featured_media":1252,"comment_status":"open","ping_status":"open","sticky":false,"template":"","format":"standard","meta":{"footnotes":""},"categories":[14],"tags":[],"class_list":["post-1430","post","type-post","status-publish","format-standard","has-post-thumbnail","hentry","category-son-dakika"],"_links":{"self":[{"href":"https:\/\/gundem44.com.tr\/index.php?rest_route=\/wp\/v2\/posts\/1430","targetHints":{"allow":["GET"]}}],"collection":[{"href":"https:\/\/gundem44.com.tr\/index.php?rest_route=\/wp\/v2\/posts"}],"about":[{"href":"https:\/\/gundem44.com.tr\/index.php?rest_route=\/wp\/v2\/types\/post"}],"author":[{"embeddable":true,"href":"https:\/\/gundem44.com.tr\/index.php?rest_route=\/wp\/v2\/users\/1"}],"replies":[{"embeddable":true,"href":"https:\/\/gundem44.com.tr\/index.php?rest_route=%2Fwp%2Fv2%2Fcomments&post=1430"}],"version-history":[{"count":0,"href":"https:\/\/gundem44.com.tr\/index.php?rest_route=\/wp\/v2\/posts\/1430\/revisions"}],"wp:featuredmedia":[{"embeddable":true,"href":"https:\/\/gundem44.com.tr\/index.php?rest_route=\/wp\/v2\/media\/1252"}],"wp:attachment":[{"href":"https:\/\/gundem44.com.tr\/index.php?rest_route=%2Fwp%2Fv2%2Fmedia&parent=1430"}],"wp:term":[{"taxonomy":"category","embeddable":true,"href":"https:\/\/gundem44.com.tr\/index.php?rest_route=%2Fwp%2Fv2%2Fcategories&post=1430"},{"taxonomy":"post_tag","embeddable":true,"href":"https:\/\/gundem44.com.tr\/index.php?rest_route=%2Fwp%2Fv2%2Ftags&post=1430"}],"curies":[{"name":"wp","href":"https:\/\/api.w.org\/{rel}","templated":true}]}}